{"id":47442,"date":"2024-10-24T21:25:49","date_gmt":"2024-10-25T00:25:49","guid":{"rendered":"https:\/\/radiorevelacionfm.cl\/?p=47442"},"modified":"2024-10-24T21:25:49","modified_gmt":"2024-10-25T00:25:49","slug":"con-82-servicios-de-transporte-se-acercara-a-votantes-de-zonas-rurales-y-aisladas-a-sus-locales-de-votacion","status":"publish","type":"post","link":"https:\/\/radiorevelacionfm.cl\/?p=47442","title":{"rendered":"Con 82 servicios de transporte se acercar\u00e1 a votantes de zonas rurales y aisladas a sus locales de votaci\u00f3n"},"content":{"rendered":"<div class=\"flex_column av_one_full  flex_column_div av-zero-column-padding first  avia-builder-el-0  el_before_av_one_full  avia-builder-el-first  \" style='border-radius:0px; '><div  class='avia-image-container  av-styling-    avia-builder-el-1  avia-builder-el-no-sibling  avia-align-center '  itemprop=\"image\" itemscope=\"itemscope\" itemtype=\"https:\/\/schema.org\/ImageObject\"  ><div class='avia-image-container-inner'><div class='avia-image-overlay-wrap'><img decoding=\"async\" class='wp-image-47447 avia-img-lazy-loading-not-47447 avia_image' src=\"https:\/\/radiorevelacionfm.cl\/wp-content\/uploads\/2024\/10\/Transporte-Elecciones1-1.jpg\" alt='' title='Transporte Elecciones1 (1)' height=\"600\" width=\"800\"  itemprop=\"thumbnailUrl\" srcset=\"https:\/\/radiorevelacionfm.cl\/wp-content\/uploads\/2024\/10\/Transporte-Elecciones1-1.jpg 800w, https:\/\/radiorevelacionfm.cl\/wp-content\/uploads\/2024\/10\/Transporte-Elecciones1-1-300x225.jpg 300w, https:\/\/radiorevelacionfm.cl\/wp-content\/uploads\/2024\/10\/Transporte-Elecciones1-1-768x576.jpg 768w, https:\/\/radiorevelacionfm.cl\/wp-content\/uploads\/2024\/10\/Transporte-Elecciones1-1-705x529.jpg 705w, https:\/\/radiorevelacionfm.cl\/wp-content\/uploads\/2024\/10\/Transporte-Elecciones1-1-450x338.jpg 450w, https:\/\/radiorevelacionfm.cl\/wp-content\/uploads\/2024\/10\/Transporte-Elecciones1-1-600x450.jpg 600w\" sizes=\"(max-width: 800px) 100vw, 800px\" \/><\/div><\/div><\/div><\/div><div class=\"flex_column av_one_full  flex_column_div av-zero-column-padding first  avia-builder-el-2  el_after_av_one_full  el_before_av_one_full  column-top-margin\" style='border-radius:0px; '><section class=\"av_textblock_section \"  itemscope=\"itemscope\" itemtype=\"https:\/\/schema.org\/BlogPosting\" itemprop=\"blogPost\" ><div class='avia_textblock  '   itemprop=\"text\" ><p style=\"text-align: center;\"><span style=\"font-size: 18pt;\"><b>Con 82 servicios de transporte se acercar\u00e1 a votantes de zonas rurales y aisladas a sus locales de votaci\u00f3n<\/b><\/span><\/p>\n<div id=\"gtx-trans\" style=\"position: absolute; left: -50px; top: 4.31534px;\">\n<div class=\"gtx-trans-icon\"><\/div>\n<\/div>\n<\/div><\/section><\/div><\/p>\n<div class=\"flex_column av_one_full  flex_column_div av-zero-column-padding first  avia-builder-el-4  el_after_av_one_full  el_before_av_hr  column-top-margin\" style='border-radius:0px; '><section class=\"av_textblock_section \"  itemscope=\"itemscope\" itemtype=\"https:\/\/schema.org\/BlogPosting\" itemprop=\"blogPost\" ><div class='avia_textblock  '   itemprop=\"text\" ><p style=\"text-align: justify;\">Como en cada proceso electoral, el ministerio de Transportes y Telecomunicaciones junto a la delegaci\u00f3n Presidencial Regional definen una serie de recorridos que tienen como objetivo trasladar a personas de sectores rurales o remotos, a sus locales de votaci\u00f3n. Ante las votaciones que se llevar\u00e1n a cabo el 26 y 27 de octubre se han dispuesto 82 servicios, entre los que se encuentran 72 terrestres, 6 mar\u00edtimos, 2 fluviales y 2 lacustres que en forma gratuita cumplir\u00e1n el importante rol de facilitar el acceso de ciudadanos de toda la regi\u00f3n, a los centros poblados donde pueden votar.<\/p>\n<p style=\"text-align: justify;\">El seremiTT Hans Zimmermann, indic\u00f3 que el detalle de estos servicios se puede encontrar en la p\u00e1gina\u00a0<a href=\"http:\/\/www.chilevotainformado.cl\/\" target=\"_blank\" rel=\"noopener\" data-saferedirecturl=\"https:\/\/www.google.com\/url?q=http:\/\/www.chilevotainformado.cl&amp;source=gmail&amp;ust=1729888753822000&amp;usg=AOvVaw2y6ygdfda1kMVGgMtN84tn\">www.chilevotainformado.cl<\/a>\u00a0o en las redes sociales de seremiTT, delegaci\u00f3n Presidencial Regional y delegaciones Provinciales. Adem\u00e1s se refiri\u00f3 a las particularidades de los servicios en la regi\u00f3n. \u201cHemos agregado servicios mar\u00edtimos, especialmente en la zona litoral de Cisnes, que van a permitir que los vecinos de Melimoyu, Coihue Pino, Puerto Gala y Puerto Gaviota puedan concurrir hasta las zonas, sumado a nuestros servicios mar\u00edtimos regulares, adem\u00e1s de los servicios lacustres y fluviales que van a operar en ambos d\u00edas de elecciones. Tambi\u00e9n hemos habilitado un servicio en la ruta Ays\u00e9n-Coyhaique, entendiendo que si bien existe transporte de manera regular en este tramo, nosotros queremos reforzar la conectividad con dos servicios por d\u00eda\u201d, se\u00f1al\u00f3.<\/p>\n<p style=\"text-align: justify;\">El delegado regional Rodrigo Araya, convoc\u00f3 a la poblaci\u00f3n aysenina a informarse y a sumarse a estas elecciones generales. \u201cEs una elecci\u00f3n que tiene algunas caracter\u00edsticas especiales. Son dos d\u00edas de votaci\u00f3n, tanto el s\u00e1bado 26 como el domingo 27. Les pedimos que revisen su registro electoral para saber bien claro d\u00f3nde van a votar. Recuerden que ac\u00e1 en Coyhaique hay tres establecimientos nuevos, que es la escuela Buti\u00f1\u00e1, la escuela Nieves del Sur y el Altos del Macay. Por lo tanto, probablemente la gente que vive cerca de esos colegios puedan haber sido relocalizados, as\u00ed que revisen ah\u00ed la p\u00e1gina del SERVEL, su local de votaci\u00f3n y su mesa\u201d, enfatiz\u00f3.<\/p>\n<p style=\"text-align: justify;\">El vocero (S) de Gobierno Tomas Laibe, inform\u00f3 que la plataforma\u00a0<a href=\"http:\/\/www.chilevotainformado.cl\/\" target=\"_blank\" rel=\"noopener\" data-saferedirecturl=\"https:\/\/www.google.com\/url?q=http:\/\/www.chilevotainformado.cl&amp;source=gmail&amp;ust=1729888753822000&amp;usg=AOvVaw2y6ygdfda1kMVGgMtN84tn\">www.chilevotainformado.cl<\/a>, adem\u00e1s de incluir informaci\u00f3n de los servicios de transporte, tambi\u00e9n abarca otras consultas: \u201cEs importante recalcar que el sufragio tiene un car\u00e1cter de obligatorio, por lo tanto constituye un deber y tambi\u00e9n un derecho. En la plataforma\u00a0<a href=\"http:\/\/www.chilevotainformado.cl\/\" target=\"_blank\" rel=\"noopener\" data-saferedirecturl=\"https:\/\/www.google.com\/url?q=http:\/\/www.chilevotainformado.cl&amp;source=gmail&amp;ust=1729888753822000&amp;usg=AOvVaw2y6ygdfda1kMVGgMtN84tn\">www.chilevotainformado.cl<\/a>\u00a0es posible encontrar todos los servicios de transporte gratuitos que se han puesto a disposici\u00f3n para facilitar el sufragio. Y adem\u00e1s hay una serie de preguntas frecuentes que las personas se hacen por estos d\u00edas. Por ejemplo, \u00bfqu\u00e9 pasa con los derechos de los trabajadores, aquellos que est\u00e1n realizando jornada? \u00bfLa ley contempla un periodo de tres horas que todos los empleadores tienen que disponer para los trabajadores para que puedan concurrir a sufragar? Una de esas preguntas est\u00e1 disponible ah\u00ed. \u00bfLos horarios de votaci\u00f3n? \u00bfCu\u00e1les son las medidas de seguridad? Todo est\u00e1 disponible en la plataforma\u201d.<\/p>\n<p style=\"text-align: justify;\"><b><u>Condiciones clim\u00e1ticas<\/u><\/b><\/p>\n<p style=\"text-align: justify;\">La existencia de servicios de transporte prestados mediante embarcaciones, hace que tambi\u00e9n las condiciones clim\u00e1ticas sean un factor a considerar, dadas las capacidades de operaci\u00f3n. Al respecto el director de SENAPRED, Sidi Bravo explic\u00f3 que \u201clas condiciones van a ser con una inestabilidad por sistemas frontales peque\u00f1os que van a estar ingresando, pero de todas maneras no hay mayor implicancia de eventos mayores, de precipitaciones m\u00e1s intensas, sino que b\u00e1sicamente baja precipitaci\u00f3n, sobre todo en el \u00e1rea sur de la regi\u00f3n de Ays\u00e9n, Villa O&#8217;Higgins. En esos sectores ya hay una entrando un sistema frontal, lo cual en estos minutos est\u00e1 dificultando la navegaci\u00f3n en el lago O&#8217;Higgins, producto de este mismo sistema frontal que est\u00e1 ingresando desde el sur y que podr\u00eda afectarnos en esa zona, principalmente. El resto de la regi\u00f3n, parcial nublado con algunos chubascos d\u00e9biles en lo que va a ser este fin de semana\u201d.<\/p>\n<\/div><\/section><\/div>\n<div  style='height:50px' class='hr hr-invisible   avia-builder-el-6  el_after_av_one_full  el_before_av_social_share '><span class='hr-inner ' ><span class='hr-inner-style'><\/span><\/span><\/div>\n<div  class='av-social-sharing-box  avia-builder-el-7  el_after_av_hr  el_before_av_hr  '><div class='av-share-box'><h5 class='av-share-link-description av-no-toc '>Compartir esta noticia<\/h5><ul class='av-share-box-list noLightbox'><li class='av-share-link av-social-link-facebook' ><a target=\"_blank\" aria-label=\"Compartir en Facebook\" href='https:\/\/www.facebook.com\/sharer.php?u=https:\/\/radiorevelacionfm.cl\/?p=47442&#038;t=Con%2082%20servicios%20de%20transporte%20se%20acercar%C3%A1%20a%20votantes%20de%20zonas%20rurales%20y%20aisladas%20a%20sus%20locales%20de%20votaci%C3%B3n' aria-hidden='false' data-av_icon='\ue8f3' data-av_iconfont='entypo-fontello' title='' data-avia-related-tooltip='Compartir en Facebook' rel=\"noopener\"><span class='avia_hidden_link_text'>Compartir en Facebook<\/span><\/a><\/li><li class='av-share-link av-social-link-twitter' ><a target=\"_blank\" aria-label=\"Compartir en Twitter\" href='https:\/\/twitter.com\/share?text=Con%2082%20servicios%20de%20transporte%20se%20acercar%C3%A1%20a%20votantes%20de%20zonas%20rurales%20y%20aisladas%20a%20sus%20locales%20de%20votaci%C3%B3n&#038;url=https:\/\/radiorevelacionfm.cl\/?p=47442' aria-hidden='false' data-av_icon='\ue8f1' data-av_iconfont='entypo-fontello' title='' data-avia-related-tooltip='Compartir en Twitter' rel=\"noopener\"><span class='avia_hidden_link_text'>Compartir en Twitter<\/span><\/a><\/li><li class='av-share-link av-social-link-whatsapp' ><a target=\"_blank\" aria-label=\"Compartir en Whatsapp\" href='https:\/\/api.whatsapp.com\/send?text=https:\/\/radiorevelacionfm.cl\/?p=47442' aria-hidden='false' data-av_icon='\uf232' data-av_iconfont='entypo-fontello' title='' data-avia-related-tooltip='Compartir en Whatsapp' rel=\"noopener\"><span class='avia_hidden_link_text'>Compartir en Whatsapp<\/span><\/a><\/li><li class='av-share-link av-social-link-linkedin' ><a target=\"_blank\" aria-label=\"Compartir en LinkedIn\" href='https:\/\/linkedin.com\/shareArticle?mini=true&#038;title=Con%2082%20servicios%20de%20transporte%20se%20acercar%C3%A1%20a%20votantes%20de%20zonas%20rurales%20y%20aisladas%20a%20sus%20locales%20de%20votaci%C3%B3n&#038;url=https:\/\/radiorevelacionfm.cl\/?p=47442' aria-hidden='false' data-av_icon='\ue8fc' data-av_iconfont='entypo-fontello' title='' data-avia-related-tooltip='Compartir en LinkedIn' rel=\"noopener\"><span class='avia_hidden_link_text'>Compartir en LinkedIn<\/span><\/a><\/li><li class='av-share-link av-social-link-mail' ><a  aria-label=\"Compartir por correo\" href='mailto:?subject=Con%2082%20servicios%20de%20transporte%20se%20acercar%C3%A1%20a%20votantes%20de%20zonas%20rurales%20y%20aisladas%20a%20sus%20locales%20de%20votaci%C3%B3n&#038;body=https:\/\/radiorevelacionfm.cl\/?p=47442' aria-hidden='false' data-av_icon='\ue805' data-av_iconfont='entypo-fontello' title='' data-avia-related-tooltip='Compartir por correo'><span class='avia_hidden_link_text'>Compartir por correo<\/span><\/a><\/li><\/ul><\/div><\/div>\n<div  style='height:50px' class='hr hr-invisible   avia-builder-el-8  el_after_av_social_share  el_before_av_comments_list '><span class='hr-inner ' ><span class='hr-inner-style'><\/span><\/span><\/div>\n<div  class='av-buildercomment  av-blog-meta-html-info-disabled av-blog-meta-tag-disabled  '><\/div>\n","protected":false},"excerpt":{"rendered":"","protected":false},"author":1,"featured_media":47447,"comment_status":"open","ping_status":"open","sticky":false,"template":"","format":"standard","meta":{"footnotes":""},"categories":[59],"tags":[],"class_list":["post-47442","post","type-post","status-publish","format-standard","has-post-thumbnail","hentry","category-transporte"],"jetpack_featured_media_url":"https:\/\/radiorevelacionfm.cl\/wp-content\/uploads\/2024\/10\/Transporte-Elecciones1-1.jpg","_links":{"self":[{"href":"https:\/\/radiorevelacionfm.cl\/index.php?rest_route=\/wp\/v2\/posts\/47442","targetHints":{"allow":["GET"]}}],"collection":[{"href":"https:\/\/radiorevelacionfm.cl\/index.php?rest_route=\/wp\/v2\/posts"}],"about":[{"href":"https:\/\/radiorevelacionfm.cl\/index.php?rest_route=\/wp\/v2\/types\/post"}],"author":[{"embeddable":true,"href":"https:\/\/radiorevelacionfm.cl\/index.php?rest_route=\/wp\/v2\/users\/1"}],"replies":[{"embeddable":true,"href":"https:\/\/radiorevelacionfm.cl\/index.php?rest_route=%2Fwp%2Fv2%2Fcomments&post=47442"}],"version-history":[{"count":2,"href":"https:\/\/radiorevelacionfm.cl\/index.php?rest_route=\/wp\/v2\/posts\/47442\/revisions"}],"predecessor-version":[{"id":47448,"href":"https:\/\/radiorevelacionfm.cl\/index.php?rest_route=\/wp\/v2\/posts\/47442\/revisions\/47448"}],"wp:featuredmedia":[{"embeddable":true,"href":"https:\/\/radiorevelacionfm.cl\/index.php?rest_route=\/wp\/v2\/media\/47447"}],"wp:attachment":[{"href":"https:\/\/radiorevelacionfm.cl\/index.php?rest_route=%2Fwp%2Fv2%2Fmedia&parent=47442"}],"wp:term":[{"taxonomy":"category","embeddable":true,"href":"https:\/\/radiorevelacionfm.cl\/index.php?rest_route=%2Fwp%2Fv2%2Fcategories&post=47442"},{"taxonomy":"post_tag","embeddable":true,"href":"https:\/\/radiorevelacionfm.cl\/index.php?rest_route=%2Fwp%2Fv2%2Ftags&post=47442"}],"curies":[{"name":"wp","href":"https:\/\/api.w.org\/{rel}","templated":true}]}}