{"id":47439,"date":"2024-10-25T09:39:33","date_gmt":"2024-10-25T12:39:33","guid":{"rendered":"https:\/\/radiorevelacionfm.cl\/?p=47439"},"modified":"2024-10-25T09:39:33","modified_gmt":"2024-10-25T12:39:33","slug":"trabajadores-y-trabajadoras-contaran-con-3-horas-para-votar-este-26-y-27-de-octubre-2024","status":"publish","type":"post","link":"https:\/\/radiorevelacionfm.cl\/?p=47439","title":{"rendered":"Trabajadores y trabajadoras contar\u00e1n con 3 horas para votar este 26 y 27 de octubre 2024"},"content":{"rendered":"<div class=\"flex_column av_one_full  flex_column_div av-zero-column-padding first  avia-builder-el-0  el_before_av_one_full  avia-builder-el-first  \" style='border-radius:0px; '><div  class='avia-image-container  av-styling-    avia-builder-el-1  avia-builder-el-no-sibling  avia-align-center '  itemprop=\"image\" itemscope=\"itemscope\" itemtype=\"https:\/\/schema.org\/ImageObject\"  ><div class='avia-image-container-inner'><div class='avia-image-overlay-wrap'><img decoding=\"async\" class='wp-image-47440 avia-img-lazy-loading-not-47440 avia_image' src=\"https:\/\/radiorevelacionfm.cl\/wp-content\/uploads\/2024\/10\/Derechos_Laborales_Elecciones2024-1-1-1.jpeg\" alt='' title='Derechos_Laborales_Elecciones2024 (1) (1) (1)' height=\"600\" width=\"800\"  itemprop=\"thumbnailUrl\" srcset=\"https:\/\/radiorevelacionfm.cl\/wp-content\/uploads\/2024\/10\/Derechos_Laborales_Elecciones2024-1-1-1.jpeg 800w, https:\/\/radiorevelacionfm.cl\/wp-content\/uploads\/2024\/10\/Derechos_Laborales_Elecciones2024-1-1-1-300x225.jpeg 300w, https:\/\/radiorevelacionfm.cl\/wp-content\/uploads\/2024\/10\/Derechos_Laborales_Elecciones2024-1-1-1-768x576.jpeg 768w, https:\/\/radiorevelacionfm.cl\/wp-content\/uploads\/2024\/10\/Derechos_Laborales_Elecciones2024-1-1-1-705x529.jpeg 705w, https:\/\/radiorevelacionfm.cl\/wp-content\/uploads\/2024\/10\/Derechos_Laborales_Elecciones2024-1-1-1-450x338.jpeg 450w, https:\/\/radiorevelacionfm.cl\/wp-content\/uploads\/2024\/10\/Derechos_Laborales_Elecciones2024-1-1-1-600x450.jpeg 600w\" sizes=\"(max-width: 800px) 100vw, 800px\" \/><\/div><\/div><\/div><\/div><div class=\"flex_column av_one_full  flex_column_div av-zero-column-padding first  avia-builder-el-2  el_after_av_one_full  el_before_av_one_full  column-top-margin\" style='border-radius:0px; '><section class=\"av_textblock_section \"  itemscope=\"itemscope\" itemtype=\"https:\/\/schema.org\/BlogPosting\" itemprop=\"blogPost\" ><div class='avia_textblock  '   itemprop=\"text\" ><p style=\"text-align: center;\"><span style=\"font-size: 18pt;\"><b><span lang=\"ES\">Trabajadores y trabajadoras contar\u00e1n con 3 horas para votar este 26 y 27 de octubre 2024<\/span><\/b><\/span><\/p>\n<div id=\"gtx-trans\" style=\"position: absolute; left: -50px; top: 4.31534px;\">\n<div class=\"gtx-trans-icon\"><\/div>\n<\/div>\n<\/div><\/section><\/div><div class=\"flex_column av_one_full  flex_column_div av-zero-column-padding first  avia-builder-el-4  el_after_av_one_full  el_before_av_hr  column-top-margin\" style='border-radius:0px; '><section class=\"av_textblock_section \"  itemscope=\"itemscope\" itemtype=\"https:\/\/schema.org\/BlogPosting\" itemprop=\"blogPost\" ><div class='avia_textblock  '   itemprop=\"text\" ><p class=\"v1MsoNormal\" style=\"text-align: justify;\"><span lang=\"ES\">Este 26 y 27 de octubre de 2024 se desarrollar\u00e1n elecciones regionales y comunales, realizando la Direcci\u00f3n del Trabajo un llamado a respetar las normas que proteger\u00e1n los derechos de trabajadores y trabajadoras durante los comicios.<\/span><\/p>\n<p class=\"v1MsoNormal\" style=\"text-align: justify;\"><span lang=\"ES\">El director regional del Trabajo y Seremi(s) de Trabajo y Previsi\u00f3n Social, Christian Aros Troncoso, realiz\u00f3 un recorrido por el comercio de Coyhaique, informando y aclarando dudas de trabajadores\/as y empleadores\/as, \u00ab<\/span>Este fin de semana, 26 y 27 de octubre tenemos las elecciones municipales y de gobernador o gobernadora regional. Les recordamos que les\u00a0asiste el derecho a los trabajadores y trabajadoras que deban trabajar s\u00e1bado y\/o domingo para elegir qu\u00e9 d\u00eda van a ejercer su derecho, si el s\u00e1bado o el domingo. Tienen permisos de 3 horas, los empleadores no se pueden negar a otorgar dichos permisos para que podamos todos ejercer nuestro derecho a sufragio\u00bb.<\/p>\n<p class=\"v1MsoNormal\" style=\"text-align: justify;\"><span lang=\"ES\">En nuestra Regi\u00f3n de Ays\u00e9n, el comercio, incluyendo supermercados, grandes tiendas y otros locales, podr\u00e1n funcionar este domingo, as\u00ed lo aclar\u00f3 Aros Troncoso, \u00ab<\/span>Con respecto al comercio, puntualizar que el feriado obligatorio e irrenunciable no se aplica en nuestra regi\u00f3n, porque es solo para malls y strip center administrados por una sola raz\u00f3n social o personalidad jur\u00eddica, los cuales en nuestra regi\u00f3n no existen. Por lo tanto, las y los trabajadores que tienen que trabajar el d\u00eda domingo les asiste el derecho a 3 horas para ir a votar y quienes tienen que trabajar s\u00e1bado y domingo pueden elegir cu\u00e1ndo hacerlo, y el empleador no se puede negar\u00bb.<\/p>\n<p class=\"v1MsoNormal\" style=\"text-align: justify;\"><b><u><span lang=\"ES\">Fiscalizaci\u00f3n laboral durante las elecciones<\/span><\/u><\/b><\/p>\n<p class=\"v1MsoNormal\" style=\"text-align: justify;\">Con respecto a las fiscalizaciones y canales de denuncias, el director regional y Seremi(s), detall\u00f3 \u00abComo Direcci\u00f3n del Trabajo vamos a estar fiscalizando los 2 d\u00edas y recibiendo denuncias tanto en nuestra p\u00e1gina web\u00a0<a href=\"http:\/\/www.dt.gob.cl\/\" target=\"_blank\" rel=\"noopener noreferrer\">www.dt.gob.cl<\/a>\u00a0o en nuestro canal telef\u00f3nico n\u00famero 600 450 4000. Adem\u00e1s, estaremos haciendo recorridos por la ciudad para asegurarnos que los trabajadores tengan su tiempo para ir a votar\u00bb, explic\u00f3 Aros Troncoso.<\/p>\n<p class=\"v1MsoNormal\" style=\"text-align: justify;\"><span lang=\"ES\">Cabe mencionar que el horario de Atenci\u00f3n Telef\u00f3nica (CAT) ser\u00e1 entre las 09:00 y las 15:00 horas de ambos d\u00edas.<\/span><\/p>\n<p class=\"v1MsoNormal\" style=\"text-align: justify;\"><span lang=\"ES\">En la Regi\u00f3n de Ays\u00e9n, ser\u00e1n fiscalizadas las siguientes materias:<\/span><\/p>\n<p class=\"v1MsoNormal\" style=\"text-align: justify;\"><span lang=\"ES\">1.- No otorgamiento de permiso laboral a los trabajadores designados como vocales de Mesas Receptoras de Sufragios, miembros de Colegios Escrutadores o delegados de la Junta Electoral, para quienes los d\u00edas de la elecci\u00f3n no constituyen feriado legal irrenunciable.<\/span><\/p>\n<p class=\"v1MsoNormal\" style=\"text-align: justify;\"><span lang=\"ES\">&#8211; Multas de entre 3 ($199.683) y 60 ($3.993.660) UTM, dependiendo de si la empresa es micro, peque\u00f1a, mediana o grande.<\/span><\/p>\n<p class=\"v1MsoNormal\" style=\"text-align: justify;\"><span lang=\"ES\">2.- No otorgamiento de permiso por 3 horas a trabajadores para sufragar.\u00a0<\/span><\/p>\n<p class=\"v1MsoNormal\" style=\"text-align: justify;\"><span lang=\"ES\">&#8211; Multas de entre 3 ($199.683) y 60 ($3.993.660) UTM, dependiendo de si la empresa es micro, peque\u00f1a, mediana o grande.\u00a0<\/span><\/p>\n<p class=\"v1MsoNormal\" style=\"text-align: justify;\"><span lang=\"ES\">(*) Valor de la UTM en octubre 2024: $66.561.<\/span><\/p>\n<p class=\"v1MsoNormal\" style=\"text-align: justify;\"><b><u><span lang=\"ES\">Autonom\u00eda de sufragio<\/span><\/u><\/b><\/p>\n<p class=\"v1MsoNormal\" style=\"text-align: justify;\"><span lang=\"ES\">El pasado 15 de octubre la DT emiti\u00f3 el dictamen N\u00b0656\/24 en el que explica la Ley N\u00b0 21.693, del 28 de agosto de este a\u00f1o, que modific\u00f3 diversos cuerpos legales para establecer los par\u00e1metros durante estos comicios de dos d\u00edas de gobernadores, consejeros regionales, alcaldes y concejales.<\/span><\/p>\n<p class=\"v1MsoNormal\" style=\"text-align: justify;\"><span lang=\"ES\">El dictamen menciona el lapso m\u00ednimo de 3 horas para que los trabajadores y trabajadoras que deban laborar durante ambos d\u00edas, o en alguno de ellos, puedan sufragar o excusarse.<\/span><\/p>\n<p class=\"v1MsoNormal\" style=\"text-align: justify;\"><span lang=\"ES\">Asimismo, explica que debe darse el tiempo necesario a quienes, correspondi\u00e9ndoles trabajar, fueron designados vocales de mesa, miembros de colegios escrutadores o delegados ante la Junta electoral. Todo lo anterior, sin descuentos remuneracionales ni sanciones.<\/span><\/p>\n<p class=\"v1MsoNormal\" style=\"text-align: justify;\"><span lang=\"ES\">Adem\u00e1s, consigna el derecho de trabajadores y trabajadoras a decidir el d\u00eda en que sufragar\u00e1n o se excusar\u00e1n. Tal autonom\u00eda rige para quienes trabajen el s\u00e1bado 26 y descansen el domingo 27. Esto significa, por ejemplo, que los empleadores deber\u00e1n otorgar el permiso m\u00ednimo de tres horas para votar o excusarse a los trabajadores que, debiendo laborar el d\u00eda s\u00e1bado y descansar el domingo, elijan sufragar o excusarse el primero de estos d\u00edas.<\/span><\/p>\n<p class=\"v1MsoNormal\" style=\"text-align: justify;\"><span lang=\"ES\">Literalmente, el pronunciamiento sostiene:<\/span><\/p>\n<p class=\"v1MsoNormal\" style=\"text-align: justify;\"><span lang=\"ES\">\u00abEn cuanto al d\u00eda que el trabajador podr\u00e1 ejercitar su derecho a sufragar o excusarse de sus labores durante el desarrollo del proceso eleccionario a realizarse los d\u00edas 26 y 27 de octubre de 2024, cabe se\u00f1alar que\u00a0 las modificaciones introducidas por la Ley N\u00b021.693, al C\u00f3digo del Trabajo, a la Ley N\u00b018.700 y otros cuerpos legales, no imponen al trabajador\u00a0 la obligaci\u00f3n de hacer uso de esos derechos en un d\u00eda determinado del proceso, por lo que debe concluirse que el trabajador libremente podr\u00e1 ejercerlos cualquiera de los dos d\u00edas en que se desarrollar\u00e1 la votaci\u00f3n\u00bb.\u00a0<\/span><\/p>\n<p class=\"v1MsoNormal\" style=\"text-align: justify;\"><b><u><span lang=\"ES\">Contenido del dictamen<\/span><\/u><\/b><\/p>\n<p class=\"v1MsoNormal\" style=\"text-align: justify;\"><span lang=\"ES\">Los aspectos abordados por el pronunciamiento jur\u00eddico son:<\/span><\/p>\n<p class=\"v1MsoNormal\" style=\"text-align: justify;\"><span lang=\"ES\">1. El s\u00e1bado 26 de octubre de 2024,\u00a0 fecha en que se\u00a0 da inicio al proceso de elecciones de Alcaldes, Concejales, Gobernadores Regionales y Consejeros Regionales, es un d\u00eda h\u00e1bil, correspondiendo, por tanto, que los dependientes den cumplimiento a la jornada de trabajo pactada con su empleador, sin perjuicio de asistirles el\u00a0 derecho a ausentarse de sus labores por un lapso de tres horas para concurrir a sufragar o excusarse de participar en la votaci\u00f3n, sin que ello implique menoscabo en sus remuneraciones, como asimismo,\u00a0 a que se les concedan los permisos necesarios para cumplir las funciones de vocal de mesa, miembro del Colegio Escrutador o Delegado de la Junta Electoral.<\/span><\/p>\n<p class=\"v1MsoNormal\" style=\"text-align: justify;\"><span lang=\"ES\">2. El domingo 27 de octubre de 2024, en que concluye el referido proceso eleccionario, constituye un d\u00eda de feriado obligatorio para los trabajadores comprendidos en el art\u00edculo 38 N\u00b07 del C\u00f3digo del Trabajo, siempre que laboren en centros o complejos comerciales administrados bajo una misma raz\u00f3n social o personalidad jur\u00eddica y que se encuentren ubicados en las comunas y\/o regiones en que han de desarrollarse las elecciones.<\/span><\/p>\n<p class=\"v1MsoNormal\" style=\"text-align: justify;\"><span lang=\"ES\">3. Los trabajadores que no est\u00e1n en la situaci\u00f3n anterior y que se encuentran legalmente exceptuados del descanso en d\u00edas domingo y festivos en virtud del citado art\u00edculo 38 del C\u00f3digo del Trabajo y que, por tanto, les corresponda prestar servicios el pr\u00f3ximo domingo 27 de octubre de 2024, tienen derecho a ausentarse de sus labores durante un lapso de\u00a0 tres horas para concurrir a sufragar\u00a0 o excusarse de participar en la votaci\u00f3n, sin que ello implique menoscabo en sus remuneraciones, como asimismo, a que se les concedan los permisos necesarios para cumplir las funciones de vocal de mesa, miembro del Colegio Escrutador o Delegado de la Junta Electoral.<\/span><\/p>\n<p class=\"v1MsoNormal\" style=\"text-align: justify;\"><span lang=\"ES\">4. La duraci\u00f3n del descanso de los trabajadores durante el feriado legal correspondiente al proceso eleccionario que se llevar\u00e1 a cabo el d\u00eda domingo 27 de octubre de 2024 se rige por lo dispuesto en el inciso 1\u00b0 del art\u00edculo 36 del C\u00f3digo del Trabajo, debiendo comenzar\u00a0 a m\u00e1s tardar a las 21:00 horas del d\u00eda s\u00e1bado 26 de octubre de 2024 y terminar a las 06:00 horas del d\u00eda lunes 28 de octubre, salvo que los respectivos trabajadores\u00a0 est\u00e9n afectos a turnos rotativos de trabajo, en cuyo caso podr\u00edan prestar servicios\u00a0 en el lapso que media entre las 21:00\u00a0 y las 24:00 horas del 26 de octubre, o entre las 00:00 y las 06:00 horas del 28 de octubre, cuando el respectivo turno incida en dichos per\u00edodos.<\/span><\/p>\n<p class=\"v1MsoNormal\" style=\"text-align: justify;\"><b><span lang=\"ES\">\u00a0<\/span><\/b><\/p>\n<\/div><\/section><\/div><div  style='height:50px' class='hr hr-invisible   avia-builder-el-6  el_after_av_one_full  el_before_av_social_share '><span class='hr-inner ' ><span class='hr-inner-style'><\/span><\/span><\/div><\/p>\n<div  class='av-social-sharing-box  avia-builder-el-7  el_after_av_hr  el_before_av_hr  '><div class='av-share-box'><h5 class='av-share-link-description av-no-toc '>Compartir esta noticia<\/h5><ul class='av-share-box-list noLightbox'><li class='av-share-link av-social-link-facebook' ><a target=\"_blank\" aria-label=\"Compartir en Facebook\" href='https:\/\/www.facebook.com\/sharer.php?u=https:\/\/radiorevelacionfm.cl\/?p=47439&#038;t=Trabajadores%20y%20trabajadoras%20contar%C3%A1n%20con%203%20horas%20para%20votar%20este%2026%20y%2027%20de%20octubre%202024' aria-hidden='false' data-av_icon='\ue8f3' data-av_iconfont='entypo-fontello' title='' data-avia-related-tooltip='Compartir en Facebook' rel=\"noopener\"><span class='avia_hidden_link_text'>Compartir en Facebook<\/span><\/a><\/li><li class='av-share-link av-social-link-twitter' ><a target=\"_blank\" aria-label=\"Compartir en Twitter\" href='https:\/\/twitter.com\/share?text=Trabajadores%20y%20trabajadoras%20contar%C3%A1n%20con%203%20horas%20para%20votar%20este%2026%20y%2027%20de%20octubre%202024&#038;url=https:\/\/radiorevelacionfm.cl\/?p=47439' aria-hidden='false' data-av_icon='\ue8f1' data-av_iconfont='entypo-fontello' title='' data-avia-related-tooltip='Compartir en Twitter' rel=\"noopener\"><span class='avia_hidden_link_text'>Compartir en Twitter<\/span><\/a><\/li><li class='av-share-link av-social-link-whatsapp' ><a target=\"_blank\" aria-label=\"Compartir en Whatsapp\" href='https:\/\/api.whatsapp.com\/send?text=https:\/\/radiorevelacionfm.cl\/?p=47439' aria-hidden='false' data-av_icon='\uf232' data-av_iconfont='entypo-fontello' title='' data-avia-related-tooltip='Compartir en Whatsapp' rel=\"noopener\"><span class='avia_hidden_link_text'>Compartir en Whatsapp<\/span><\/a><\/li><li class='av-share-link av-social-link-linkedin' ><a target=\"_blank\" aria-label=\"Compartir en LinkedIn\" href='https:\/\/linkedin.com\/shareArticle?mini=true&#038;title=Trabajadores%20y%20trabajadoras%20contar%C3%A1n%20con%203%20horas%20para%20votar%20este%2026%20y%2027%20de%20octubre%202024&#038;url=https:\/\/radiorevelacionfm.cl\/?p=47439' aria-hidden='false' data-av_icon='\ue8fc' data-av_iconfont='entypo-fontello' title='' data-avia-related-tooltip='Compartir en LinkedIn' rel=\"noopener\"><span class='avia_hidden_link_text'>Compartir en LinkedIn<\/span><\/a><\/li><li class='av-share-link av-social-link-mail' ><a  aria-label=\"Compartir por correo\" href='mailto:?subject=Trabajadores%20y%20trabajadoras%20contar%C3%A1n%20con%203%20horas%20para%20votar%20este%2026%20y%2027%20de%20octubre%202024&#038;body=https:\/\/radiorevelacionfm.cl\/?p=47439' aria-hidden='false' data-av_icon='\ue805' data-av_iconfont='entypo-fontello' title='' data-avia-related-tooltip='Compartir por correo'><span class='avia_hidden_link_text'>Compartir por correo<\/span><\/a><\/li><\/ul><\/div><\/div>\n<div  style='height:50px' class='hr hr-invisible   avia-builder-el-8  el_after_av_social_share  el_before_av_comments_list '><span class='hr-inner ' ><span class='hr-inner-style'><\/span><\/span><\/div>\n<div  class='av-buildercomment  av-blog-meta-html-info-disabled av-blog-meta-tag-disabled  '><\/div>\n","protected":false},"excerpt":{"rendered":"","protected":false},"author":1,"featured_media":47440,"comment_status":"open","ping_status":"open","sticky":false,"template":"","format":"standard","meta":{"footnotes":""},"categories":[56],"tags":[],"class_list":["post-47439","post","type-post","status-publish","format-standard","has-post-thumbnail","hentry","category-trabajo"],"jetpack_featured_media_url":"https:\/\/radiorevelacionfm.cl\/wp-content\/uploads\/2024\/10\/Derechos_Laborales_Elecciones2024-1-1-1.jpeg","_links":{"self":[{"href":"https:\/\/radiorevelacionfm.cl\/index.php?rest_route=\/wp\/v2\/posts\/47439","targetHints":{"allow":["GET"]}}],"collection":[{"href":"https:\/\/radiorevelacionfm.cl\/index.php?rest_route=\/wp\/v2\/posts"}],"about":[{"href":"https:\/\/radiorevelacionfm.cl\/index.php?rest_route=\/wp\/v2\/types\/post"}],"author":[{"embeddable":true,"href":"https:\/\/radiorevelacionfm.cl\/index.php?rest_route=\/wp\/v2\/users\/1"}],"replies":[{"embeddable":true,"href":"https:\/\/radiorevelacionfm.cl\/index.php?rest_route=%2Fwp%2Fv2%2Fcomments&post=47439"}],"version-history":[{"count":1,"href":"https:\/\/radiorevelacionfm.cl\/index.php?rest_route=\/wp\/v2\/posts\/47439\/revisions"}],"predecessor-version":[{"id":47441,"href":"https:\/\/radiorevelacionfm.cl\/index.php?rest_route=\/wp\/v2\/posts\/47439\/revisions\/47441"}],"wp:featuredmedia":[{"embeddable":true,"href":"https:\/\/radiorevelacionfm.cl\/index.php?rest_route=\/wp\/v2\/media\/47440"}],"wp:attachment":[{"href":"https:\/\/radiorevelacionfm.cl\/index.php?rest_route=%2Fwp%2Fv2%2Fmedia&parent=47439"}],"wp:term":[{"taxonomy":"category","embeddable":true,"href":"https:\/\/radiorevelacionfm.cl\/index.php?rest_route=%2Fwp%2Fv2%2Fcategories&post=47439"},{"taxonomy":"post_tag","embeddable":true,"href":"https:\/\/radiorevelacionfm.cl\/index.php?rest_route=%2Fwp%2Fv2%2Ftags&post=47439"}],"curies":[{"name":"wp","href":"https:\/\/api.w.org\/{rel}","templated":true}]}}