{"id":47429,"date":"2024-10-24T20:02:39","date_gmt":"2024-10-24T23:02:39","guid":{"rendered":"https:\/\/radiorevelacionfm.cl\/?p=47429"},"modified":"2024-10-24T20:02:39","modified_gmt":"2024-10-24T23:02:39","slug":"futuros-profesionales-de-la-electricidad-en-chile-chico-culminan-con-exito-su-formacion-en-domotica","status":"publish","type":"post","link":"https:\/\/radiorevelacionfm.cl\/?p=47429","title":{"rendered":"Futuros profesionales de la electricidad en Chile Chico culminan con \u00e9xito su formaci\u00f3n en dom\u00f3tica"},"content":{"rendered":"<div class=\"flex_column av_one_full  flex_column_div av-zero-column-padding first  avia-builder-el-0  el_before_av_one_full  avia-builder-el-first  \" style='border-radius:0px; '><div  class='avia-image-container  av-styling-    avia-builder-el-1  avia-builder-el-no-sibling  avia-align-center '  itemprop=\"image\" itemscope=\"itemscope\" itemtype=\"https:\/\/schema.org\/ImageObject\"  ><div class='avia-image-container-inner'><div class='avia-image-overlay-wrap'><img decoding=\"async\" class='wp-image-47430 avia-img-lazy-loading-not-47430 avia_image' src=\"https:\/\/radiorevelacionfm.cl\/wp-content\/uploads\/2024\/10\/liceos-electricos-lrp-chile-chico1-1_optimized.jpeg\" alt='' title='liceos-el\u00e9ctricos-lrp-chile-chico1-(1)_optimized' height=\"600\" width=\"800\"  itemprop=\"thumbnailUrl\" srcset=\"https:\/\/radiorevelacionfm.cl\/wp-content\/uploads\/2024\/10\/liceos-electricos-lrp-chile-chico1-1_optimized.jpeg 800w, https:\/\/radiorevelacionfm.cl\/wp-content\/uploads\/2024\/10\/liceos-electricos-lrp-chile-chico1-1_optimized-300x225.jpeg 300w, https:\/\/radiorevelacionfm.cl\/wp-content\/uploads\/2024\/10\/liceos-electricos-lrp-chile-chico1-1_optimized-768x576.jpeg 768w, https:\/\/radiorevelacionfm.cl\/wp-content\/uploads\/2024\/10\/liceos-electricos-lrp-chile-chico1-1_optimized-705x529.jpeg 705w, https:\/\/radiorevelacionfm.cl\/wp-content\/uploads\/2024\/10\/liceos-electricos-lrp-chile-chico1-1_optimized-450x338.jpeg 450w, https:\/\/radiorevelacionfm.cl\/wp-content\/uploads\/2024\/10\/liceos-electricos-lrp-chile-chico1-1_optimized-600x450.jpeg 600w\" sizes=\"(max-width: 800px) 100vw, 800px\" \/><\/div><\/div><\/div><\/div><div class=\"flex_column av_one_full  flex_column_div av-zero-column-padding first  avia-builder-el-2  el_after_av_one_full  el_before_av_one_full  column-top-margin\" style='border-radius:0px; '><section class=\"av_textblock_section \"  itemscope=\"itemscope\" itemtype=\"https:\/\/schema.org\/BlogPosting\" itemprop=\"blogPost\" ><div class='avia_textblock  '   itemprop=\"text\" ><p style=\"text-align: center;\"><strong><span style=\"font-size: 18pt;\">Futuros profesionales de la electricidad en Chile Chico culminan con \u00e9xito su formaci\u00f3n en dom\u00f3tica<\/span><\/strong><\/p>\n<div id=\"gtx-trans\" style=\"position: absolute; left: -50px; top: 4.31534px;\">\n<div class=\"gtx-trans-icon\"><\/div>\n<\/div>\n<\/div><\/section><\/div><div class=\"flex_column av_one_full  flex_column_div av-zero-column-padding first  avia-builder-el-4  el_after_av_one_full  el_before_av_hr  column-top-margin\" style='border-radius:0px; '><section class=\"av_textblock_section \"  itemscope=\"itemscope\" itemtype=\"https:\/\/schema.org\/BlogPosting\" itemprop=\"blogPost\" ><div class='avia_textblock  '   itemprop=\"text\" ><p style=\"text-align: justify;\"><em>En el marco del programa \u201cLiceos El\u00e9ctricos\u201d, los estudiantes del Liceo Luisa Rabanal Palma finalizaron la capacitaci\u00f3n impulsada por Edelaysen y OTEC Educando en Red.<\/em><\/p>\n<p style=\"text-align: justify;\">Un importante hito es el que se vivi\u00f3 en la comuna de Chile Chico junto a los estudiantes de la especialidad de electricidad del Liceo Luisa Rabanal Palma de Chile Chico, quienes completaron su formaci\u00f3n en \u201cT\u00e9cnicas de instalaciones el\u00e9ctricas domiciliarias\u201d. Esta capacitaci\u00f3n forma parte del programa \u201cLiceos El\u00e9ctricos\u201d, una iniciativa clave de Grupo Saesa que busca preparar a las nuevas generaciones de profesionales t\u00e9cnicos en la regi\u00f3n.<\/p>\n<p style=\"text-align: justify;\">Yasna Vera, ejecutiva de Edelaysen, destac\u00f3 el valor de esta capacitaci\u00f3n: \u201cEstamos orgullosos de los estudiantes que han completado este curso con tanto entusiasmo y dedicaci\u00f3n. En Edelaysen, creemos firmemente en la importancia de apoyar a las nuevas generaciones, brind\u00e1ndoles las herramientas que necesitan para ser parte del cambio en el sector energ\u00e9tico de nuestra regi\u00f3n\u201d.<\/p>\n<p style=\"text-align: justify;\">El curso, desarrollado en conjunto con Otec Educando en Red, brind\u00f3 a los estudiantes las competencias necesarias para instalar sistemas el\u00e9ctricos remotos en viviendas, respondiendo a la creciente demanda de soluciones energ\u00e9ticas m\u00e1s eficientes y automatizadas. La formaci\u00f3n no solo les entreg\u00f3 habilidades t\u00e9cnicas, sino que tambi\u00e9n les abri\u00f3 puertas a las nuevas oportunidades laborales, reforzando su capacidad para enfrentar los desaf\u00edos del futuro.<\/p>\n<p style=\"text-align: justify;\">Por su parte Cristian Lloyd, coordinador de la Otec valor\u00f3 el recibimiento tanto del establecimiento educacional como de los propios alumnos agregando qu\u00e9: \u201c(Estamos) Contentos con la atenci\u00f3n que pusieron los alumnos a esta capacitaci\u00f3n. Cada alumno recibi\u00f3 un kit de dom\u00f3tica: un enchufe, un interruptor y una l\u00e1mpara con la que pudimos finalizar la actividad pr\u00e1ctica. Los alumnos estaban s\u00faper contentos de poder tambi\u00e9n llevar esta tecnolog\u00eda a sus casas, lo que es parte tambi\u00e9n de este curso\u201d.<\/p>\n<p style=\"text-align: justify;\">El programa \u201cLiceos El\u00e9ctricos\u201d es parte del compromiso de Edelaysen junto a Grupo Saesa con la educaci\u00f3n t\u00e9cnica y el desarrollo de las comunidades donde opera. A trav\u00e9s de esta iniciativa, la empresa busca fortalecer el v\u00ednculo entre la formaci\u00f3n acad\u00e9mica y las necesidades del mercado laboral, contribuyendo al crecimiento de la regi\u00f3n de Ays\u00e9n.<\/p>\n<p style=\"text-align: justify;\">El director del establecimiento Valko Dur\u00e1n indic\u00f3 que: \u201cCertificar a estudiantes en competencias laborales, es una de las misiones que tienen los colegios t\u00e9cnico-profesionales y m\u00e1s a\u00fan cuando la certificaci\u00f3n es muy pertinente para quienes est\u00e1n estudiando, y que tambi\u00e9n tiene mucho que ver con el mundo moderno, con las nuevas tecnolog\u00edas, con la inteligencia artificial, etc. Por lo tanto, para nosotros es una herramienta m\u00e1s que se le agrega al curr\u00edculum. El alumno va a salir m\u00e1s preparado, por lo tanto solo satisfacci\u00f3n, contento, feliz. Me gust\u00f3 mucho, adem\u00e1s los ni\u00f1os se comprometieron en su aprendizaje, con una muy buena opini\u00f3n tambi\u00e9n del relator por lo que estamos muy contentos\u201d.<\/p>\n<p style=\"text-align: justify;\">De esta manera, desde Edelaysen, la ejecutiva valor\u00f3 el esfuerzo y la dedicaci\u00f3n que tuvieron los graduados en todo el proceso de aprendizaje, lo que marca un hito importante en sus vidas profesionales y un avance significativo para la educaci\u00f3n t\u00e9cnica en la Regi\u00f3n de Ays\u00e9n.<\/p>\n<\/div><\/section><\/div><div  style='height:50px' class='hr hr-invisible   avia-builder-el-6  el_after_av_one_full  el_before_av_social_share '><span class='hr-inner ' ><span class='hr-inner-style'><\/span><\/span><\/div><\/p>\n<div  class='av-social-sharing-box  avia-builder-el-7  el_after_av_hr  el_before_av_hr  '><div class='av-share-box'><h5 class='av-share-link-description av-no-toc '>Compartir esta noticia<\/h5><ul class='av-share-box-list noLightbox'><li class='av-share-link av-social-link-facebook' ><a target=\"_blank\" aria-label=\"Compartir en Facebook\" href='https:\/\/www.facebook.com\/sharer.php?u=https:\/\/radiorevelacionfm.cl\/?p=47429&#038;t=Futuros%20profesionales%20de%20la%20electricidad%20en%20Chile%20Chico%20culminan%20con%20%C3%A9xito%20su%20formaci%C3%B3n%20en%20dom%C3%B3tica' aria-hidden='false' data-av_icon='\ue8f3' data-av_iconfont='entypo-fontello' title='' data-avia-related-tooltip='Compartir en Facebook' rel=\"noopener\"><span class='avia_hidden_link_text'>Compartir en Facebook<\/span><\/a><\/li><li class='av-share-link av-social-link-twitter' ><a target=\"_blank\" aria-label=\"Compartir en Twitter\" href='https:\/\/twitter.com\/share?text=Futuros%20profesionales%20de%20la%20electricidad%20en%20Chile%20Chico%20culminan%20con%20%C3%A9xito%20su%20formaci%C3%B3n%20en%20dom%C3%B3tica&#038;url=https:\/\/radiorevelacionfm.cl\/?p=47429' aria-hidden='false' data-av_icon='\ue8f1' data-av_iconfont='entypo-fontello' title='' data-avia-related-tooltip='Compartir en Twitter' rel=\"noopener\"><span class='avia_hidden_link_text'>Compartir en Twitter<\/span><\/a><\/li><li class='av-share-link av-social-link-whatsapp' ><a target=\"_blank\" aria-label=\"Compartir en Whatsapp\" href='https:\/\/api.whatsapp.com\/send?text=https:\/\/radiorevelacionfm.cl\/?p=47429' aria-hidden='false' data-av_icon='\uf232' data-av_iconfont='entypo-fontello' title='' data-avia-related-tooltip='Compartir en Whatsapp' rel=\"noopener\"><span class='avia_hidden_link_text'>Compartir en Whatsapp<\/span><\/a><\/li><li class='av-share-link av-social-link-linkedin' ><a target=\"_blank\" aria-label=\"Compartir en LinkedIn\" href='https:\/\/linkedin.com\/shareArticle?mini=true&#038;title=Futuros%20profesionales%20de%20la%20electricidad%20en%20Chile%20Chico%20culminan%20con%20%C3%A9xito%20su%20formaci%C3%B3n%20en%20dom%C3%B3tica&#038;url=https:\/\/radiorevelacionfm.cl\/?p=47429' aria-hidden='false' data-av_icon='\ue8fc' data-av_iconfont='entypo-fontello' title='' data-avia-related-tooltip='Compartir en LinkedIn' rel=\"noopener\"><span class='avia_hidden_link_text'>Compartir en LinkedIn<\/span><\/a><\/li><li class='av-share-link av-social-link-mail' ><a  aria-label=\"Compartir por correo\" href='mailto:?subject=Futuros%20profesionales%20de%20la%20electricidad%20en%20Chile%20Chico%20culminan%20con%20%C3%A9xito%20su%20formaci%C3%B3n%20en%20dom%C3%B3tica&#038;body=https:\/\/radiorevelacionfm.cl\/?p=47429' aria-hidden='false' data-av_icon='\ue805' data-av_iconfont='entypo-fontello' title='' data-avia-related-tooltip='Compartir por correo'><span class='avia_hidden_link_text'>Compartir por correo<\/span><\/a><\/li><\/ul><\/div><\/div>\n<div  style='height:50px' class='hr hr-invisible   avia-builder-el-8  el_after_av_social_share  el_before_av_comments_list '><span class='hr-inner ' ><span class='hr-inner-style'><\/span><\/span><\/div>\n<div  class='av-buildercomment  av-blog-meta-html-info-disabled av-blog-meta-tag-disabled  '><\/div>\n","protected":false},"excerpt":{"rendered":"","protected":false},"author":1,"featured_media":47430,"comment_status":"open","ping_status":"open","sticky":false,"template":"","format":"standard","meta":{"footnotes":""},"categories":[38],"tags":[],"class_list":["post-47429","post","type-post","status-publish","format-standard","has-post-thumbnail","hentry","category-regional"],"jetpack_featured_media_url":"https:\/\/radiorevelacionfm.cl\/wp-content\/uploads\/2024\/10\/liceos-electricos-lrp-chile-chico1-1_optimized.jpeg","_links":{"self":[{"href":"https:\/\/radiorevelacionfm.cl\/index.php?rest_route=\/wp\/v2\/posts\/47429","targetHints":{"allow":["GET"]}}],"collection":[{"href":"https:\/\/radiorevelacionfm.cl\/index.php?rest_route=\/wp\/v2\/posts"}],"about":[{"href":"https:\/\/radiorevelacionfm.cl\/index.php?rest_route=\/wp\/v2\/types\/post"}],"author":[{"embeddable":true,"href":"https:\/\/radiorevelacionfm.cl\/index.php?rest_route=\/wp\/v2\/users\/1"}],"replies":[{"embeddable":true,"href":"https:\/\/radiorevelacionfm.cl\/index.php?rest_route=%2Fwp%2Fv2%2Fcomments&post=47429"}],"version-history":[{"count":1,"href":"https:\/\/radiorevelacionfm.cl\/index.php?rest_route=\/wp\/v2\/posts\/47429\/revisions"}],"predecessor-version":[{"id":47431,"href":"https:\/\/radiorevelacionfm.cl\/index.php?rest_route=\/wp\/v2\/posts\/47429\/revisions\/47431"}],"wp:featuredmedia":[{"embeddable":true,"href":"https:\/\/radiorevelacionfm.cl\/index.php?rest_route=\/wp\/v2\/media\/47430"}],"wp:attachment":[{"href":"https:\/\/radiorevelacionfm.cl\/index.php?rest_route=%2Fwp%2Fv2%2Fmedia&parent=47429"}],"wp:term":[{"taxonomy":"category","embeddable":true,"href":"https:\/\/radiorevelacionfm.cl\/index.php?rest_route=%2Fwp%2Fv2%2Fcategories&post=47429"},{"taxonomy":"post_tag","embeddable":true,"href":"https:\/\/radiorevelacionfm.cl\/index.php?rest_route=%2Fwp%2Fv2%2Ftags&post=47429"}],"curies":[{"name":"wp","href":"https:\/\/api.w.org\/{rel}","templated":true}]}}