{"id":47426,"date":"2024-10-24T18:55:51","date_gmt":"2024-10-24T21:55:51","guid":{"rendered":"https:\/\/radiorevelacionfm.cl\/?p=47426"},"modified":"2024-10-24T18:55:51","modified_gmt":"2024-10-24T21:55:51","slug":"slep-aysen-logra-recomendacion-satisfactoria-para-proyecto-de-reposicion-de-escuela-espana-de-coyhaique","status":"publish","type":"post","link":"https:\/\/radiorevelacionfm.cl\/?p=47426","title":{"rendered":"Slep Ays\u00e9n logra Recomendaci\u00f3n Satisfactoria para proyecto de reposici\u00f3n de Escuela Espa\u00f1a de Coyhaique"},"content":{"rendered":"<div class=\"flex_column av_one_full  flex_column_div av-zero-column-padding first  avia-builder-el-0  el_before_av_one_full  avia-builder-el-first  \" style='border-radius:0px; '><div  class='avia-image-container  av-styling-    avia-builder-el-1  avia-builder-el-no-sibling  avia-align-center '  itemprop=\"image\" itemscope=\"itemscope\" itemtype=\"https:\/\/schema.org\/ImageObject\"  ><div class='avia-image-container-inner'><div class='avia-image-overlay-wrap'><img decoding=\"async\" class='wp-image-47427 avia-img-lazy-loading-not-47427 avia_image' src=\"https:\/\/radiorevelacionfm.cl\/wp-content\/uploads\/2024\/10\/2-2024-10-24T172842.929-1-1.jpg\" alt='' title='2 - 2024-10-24T172842.929 (1) (1)' height=\"600\" width=\"946\"  itemprop=\"thumbnailUrl\" srcset=\"https:\/\/radiorevelacionfm.cl\/wp-content\/uploads\/2024\/10\/2-2024-10-24T172842.929-1-1.jpg 946w, https:\/\/radiorevelacionfm.cl\/wp-content\/uploads\/2024\/10\/2-2024-10-24T172842.929-1-1-300x190.jpg 300w, https:\/\/radiorevelacionfm.cl\/wp-content\/uploads\/2024\/10\/2-2024-10-24T172842.929-1-1-768x487.jpg 768w, https:\/\/radiorevelacionfm.cl\/wp-content\/uploads\/2024\/10\/2-2024-10-24T172842.929-1-1-705x447.jpg 705w, https:\/\/radiorevelacionfm.cl\/wp-content\/uploads\/2024\/10\/2-2024-10-24T172842.929-1-1-450x285.jpg 450w, https:\/\/radiorevelacionfm.cl\/wp-content\/uploads\/2024\/10\/2-2024-10-24T172842.929-1-1-600x381.jpg 600w\" sizes=\"(max-width: 946px) 100vw, 946px\" \/><\/div><\/div><\/div><\/div><div class=\"flex_column av_one_full  flex_column_div av-zero-column-padding first  avia-builder-el-2  el_after_av_one_full  el_before_av_one_full  column-top-margin\" style='border-radius:0px; '><section class=\"av_textblock_section \"  itemscope=\"itemscope\" itemtype=\"https:\/\/schema.org\/BlogPosting\" itemprop=\"blogPost\" ><div class='avia_textblock  '   itemprop=\"text\" ><p style=\"text-align: center;\"><strong><span style=\"font-size: 18pt;\">Slep Ays\u00e9n logra Recomendaci\u00f3n Satisfactoria para proyecto de reposici\u00f3n de Escuela Espa\u00f1a de Coyhaique<\/span><\/strong><\/p>\n<div id=\"gtx-trans\" style=\"position: absolute; left: -50px; top: 4.31534px;\">\n<div class=\"gtx-trans-icon\"><\/div>\n<\/div>\n<\/div><\/section><\/div><div class=\"flex_column av_one_full  flex_column_div av-zero-column-padding first  avia-builder-el-4  el_after_av_one_full  el_before_av_hr  column-top-margin\" style='border-radius:0px; '><section class=\"av_textblock_section \"  itemscope=\"itemscope\" itemtype=\"https:\/\/schema.org\/BlogPosting\" itemprop=\"blogPost\" ><div class='avia_textblock  '   itemprop=\"text\" ><p style=\"text-align: justify;\">Una gran noticia recibi\u00f3 este jueves\u00a0 la comunidad educativa de la Escuela Espa\u00f1a por parte del director ejecutivo del Servicio Local de Educaci\u00f3n P\u00fablica de Ays\u00e9n, Sebasti\u00e1n Gonz\u00e1lez y la seremi de educaci\u00f3n, Isabel Garrido, quienes les comunicaron que luego de 14 a\u00f1os de espera, el proyecto del establecimiento obtuvo por parte del Ministerio de Desarrollo Social y Familia de Ays\u00e9n, la anhelada recomendaci\u00f3n satisfactoria (RS) que permitir\u00e1 seguir avanzando en la reposici\u00f3n de la unidad educativa.<\/p>\n<p style=\"text-align: justify;\">Padres, madres, apoderados, funcionarios y funcionarias del establecimiento reflexionaron sobre la noticia y la emoci\u00f3n de poder conseguir finalmente y luego de a\u00f1os de movilizaciones y reuniones, este avance que los acerca un poco m\u00e1s al sue\u00f1o que por m\u00e1s de una d\u00e9cada ha mantenido unida a esta emblem\u00e1tica escuela bajo este objetivo com\u00fan.<\/p>\n<p style=\"text-align: justify;\">El director ejecutivo del SLEP Ays\u00e9n Sebasti\u00e1n Gonz\u00e1lez destac\u00f3 el arduo trabajo del equipo de infraestructura del servicio, quienes desde el primer d\u00eda fijaron el objetivo de obtener este avance tan importante. En esta l\u00ednea, Gonz\u00e1lez indic\u00f3 \u201cdespu\u00e9s de mucho trabajo, el Servicio Local de Educaci\u00f3n P\u00fablica de Ays\u00e9n en conjunto con el Ministerio de Educaci\u00f3n ha logrado obtener el RS favorable para poder seguir con la construcci\u00f3n de la anhelada Escuela Espa\u00f1a. Este es un compromiso que la comunidad lleva esperando por m\u00e1s de 14 a\u00f1os para que se concrete. Este RS es un primer logro que ha significado un trabajo t\u00e9cnico de nuestro equipo y del apoyo del Ministerio de Desarrollo Social que nos demuestra que, si nos ponemos de acuerdo y si confiamos en nuestras instituciones podemos lograr grandes cosas, con la convicci\u00f3n que la Nueva Educaci\u00f3n P\u00fablica que estamos viviendo en la regi\u00f3n de Ays\u00e9n la vamos a construir entre todos y todas\u201d.<\/p>\n<p style=\"text-align: justify;\">Asimismo, la Seremi de Educaci\u00f3n de Ays\u00e9n Isabel Garrido agreg\u00f3 \u201cel Presidente Boric a trav\u00e9s del delegado presidencial nos dio una indicaci\u00f3n muy clara: tenemos que coordinar intersectorialmente para poder sacar este proyecto, por lo que fue una prioridad presidencial absoluta. Estamos muy contentos porque es un proyecto que lleva 14 a\u00f1os de proceso y el servicio local al asumir como sostenedor logra sacar r\u00e1pidamente la recomendaci\u00f3n satisfactoria. Eso nos valida una vez m\u00e1s que es la reforma que necesitamos para fortalecer la educaci\u00f3n p\u00fablica; tener un sostenedor especializado con dedicaci\u00f3n exclusiva para las escuelas que hoy est\u00e1 rindiendo sus frutos, lo que nos tiene tremendamente contentos como gobierno\u201d.<\/p>\n<p style=\"text-align: justify;\">El proyecto de reposici\u00f3n total de la escuela tiene, a la fecha, un costo total de casi 21 mil millones de pesos, que vendr\u00e1n a financiar las obras civiles, consultor\u00eda, equipamiento, equipos y gastos administrativos del proyecto. Con respecto a la construcci\u00f3n del establecimiento, contempla una superficie de 5.278 metros cuadrados que incluye \u00e1rea docente, talleres laborales, \u00e1rea de administraci\u00f3n, gimnasio, internado, entre otros espacios de relevancia para el desarrollo \u00f3ptimo de la labor educativa. Fue ingresado al Sistema Nacional de Inversiones el 29 de abril del 2024 por parte del SLEP como nueva unidad formuladora, obteniendo el RS en un tiempo de 5 meses y 20 d\u00edas.<\/p>\n<p style=\"text-align: justify;\">Para Alejandra Carrasco, vicepresidenta Centro de Padres y Apoderados Escuela Espa\u00f1a este avance es un triunfo para la comunidad que desde el a\u00f1o 2010 viene solicitando la reposici\u00f3n de la actual escuela ubicada en calle Los Ma\u00f1\u00edos. \u00a0\u201cComo comunidad educativa hemos tenido que pasar una serie de situaciones de urgencia y de fr\u00edo en el invierno, tanto en esta infraestructura de Sargento Aldea y Las Quintas, pero tambi\u00e9n en Los Ma\u00f1\u00edos, lo que nos ha llevado como centro de padres a realizar una serie de acciones que nos permitan llevar este proyecto a buen puerto, cuando el SLEP tom\u00f3 esta iniciativa tan grande logr\u00f3 sacarlo en 5 meses. Estamos felices y agradecidos del SLEP y de todas las instituciones que colaboraron para poder sacar adelante esta recomendaci\u00f3n satisfactoria\u201d, se\u00f1al\u00f3 la apoderada.<\/p>\n<p style=\"text-align: justify;\">Pamela \u00c1lvarez, directora (s) Escuela Espa\u00f1a agradeci\u00f3 el trabajo realizado por los profesionales y el apoyo de toda una comunidad, agregando \u201cformalmente hoy recibimos en nombre del SLEP, a trav\u00e9s de nuestro director ejecutivo y nuestra Seremi de Educaci\u00f3n, la gran noticia que ya tenemos nuestro anhelado RS. Han sido 14 a\u00f1os de espera, y hoy nuestro nuevo sostenedor, el SLEP, en cinco meses nos tiene la gran noticia de que ya tenemos listo el primer paso y uno de los pasos m\u00e1s importantes. Invito a la comunidad de la Escuela Espa\u00f1a a seguir confiando, los procesos son largos, pero ahora con la confianza y la convicci\u00f3n de que si vamos a tener una nueva Escuela Espa\u00f1a\u201d.<\/p>\n<p style=\"text-align: justify;\">Una vez obtenido el RS del proyecto, inicia una nueva etapa que tiene relaci\u00f3n con un importante proceso administrativo para la identificaci\u00f3n presupuestaria y el convenio con la Direcci\u00f3n de Arquitectura del Ministerio de Obras P\u00fablicas, que permitir\u00e1 realizar la consultor\u00eda para la actualizaci\u00f3n de la normativa vigente del dise\u00f1o de reposici\u00f3n, y as\u00ed seguir avanzando hacia el inicio de obras tan esperada por toda una comunidad educativa.<\/p>\n<\/div><\/section><\/div><div  style='height:50px' class='hr hr-invisible   avia-builder-el-6  el_after_av_one_full  el_before_av_social_share '><span class='hr-inner ' ><span class='hr-inner-style'><\/span><\/span><\/div><\/p>\n<div  class='av-social-sharing-box  avia-builder-el-7  el_after_av_hr  el_before_av_hr  '><div class='av-share-box'><h5 class='av-share-link-description av-no-toc '>Compartir esta noticia<\/h5><ul class='av-share-box-list noLightbox'><li class='av-share-link av-social-link-facebook' ><a target=\"_blank\" aria-label=\"Compartir en Facebook\" href='https:\/\/www.facebook.com\/sharer.php?u=https:\/\/radiorevelacionfm.cl\/?p=47426&#038;t=Slep%20Ays%C3%A9n%20logra%20Recomendaci%C3%B3n%20Satisfactoria%20para%20proyecto%20de%20reposici%C3%B3n%20de%20Escuela%20Espa%C3%B1a%20de%20Coyhaique' aria-hidden='false' data-av_icon='\ue8f3' data-av_iconfont='entypo-fontello' title='' data-avia-related-tooltip='Compartir en Facebook' rel=\"noopener\"><span class='avia_hidden_link_text'>Compartir en Facebook<\/span><\/a><\/li><li class='av-share-link av-social-link-twitter' ><a target=\"_blank\" aria-label=\"Compartir en Twitter\" href='https:\/\/twitter.com\/share?text=Slep%20Ays%C3%A9n%20logra%20Recomendaci%C3%B3n%20Satisfactoria%20para%20proyecto%20de%20reposici%C3%B3n%20de%20Escuela%20Espa%C3%B1a%20de%20Coyhaique&#038;url=https:\/\/radiorevelacionfm.cl\/?p=47426' aria-hidden='false' data-av_icon='\ue8f1' data-av_iconfont='entypo-fontello' title='' data-avia-related-tooltip='Compartir en Twitter' rel=\"noopener\"><span class='avia_hidden_link_text'>Compartir en Twitter<\/span><\/a><\/li><li class='av-share-link av-social-link-whatsapp' ><a target=\"_blank\" aria-label=\"Compartir en Whatsapp\" href='https:\/\/api.whatsapp.com\/send?text=https:\/\/radiorevelacionfm.cl\/?p=47426' aria-hidden='false' data-av_icon='\uf232' data-av_iconfont='entypo-fontello' title='' data-avia-related-tooltip='Compartir en Whatsapp' rel=\"noopener\"><span class='avia_hidden_link_text'>Compartir en Whatsapp<\/span><\/a><\/li><li class='av-share-link av-social-link-linkedin' ><a target=\"_blank\" aria-label=\"Compartir en LinkedIn\" href='https:\/\/linkedin.com\/shareArticle?mini=true&#038;title=Slep%20Ays%C3%A9n%20logra%20Recomendaci%C3%B3n%20Satisfactoria%20para%20proyecto%20de%20reposici%C3%B3n%20de%20Escuela%20Espa%C3%B1a%20de%20Coyhaique&#038;url=https:\/\/radiorevelacionfm.cl\/?p=47426' aria-hidden='false' data-av_icon='\ue8fc' data-av_iconfont='entypo-fontello' title='' data-avia-related-tooltip='Compartir en LinkedIn' rel=\"noopener\"><span class='avia_hidden_link_text'>Compartir en LinkedIn<\/span><\/a><\/li><li class='av-share-link av-social-link-mail' ><a  aria-label=\"Compartir por correo\" href='mailto:?subject=Slep%20Ays%C3%A9n%20logra%20Recomendaci%C3%B3n%20Satisfactoria%20para%20proyecto%20de%20reposici%C3%B3n%20de%20Escuela%20Espa%C3%B1a%20de%20Coyhaique&#038;body=https:\/\/radiorevelacionfm.cl\/?p=47426' aria-hidden='false' data-av_icon='\ue805' data-av_iconfont='entypo-fontello' title='' data-avia-related-tooltip='Compartir por correo'><span class='avia_hidden_link_text'>Compartir por correo<\/span><\/a><\/li><\/ul><\/div><\/div>\n<div  style='height:50px' class='hr hr-invisible   avia-builder-el-8  el_after_av_social_share  el_before_av_comments_list '><span class='hr-inner ' ><span class='hr-inner-style'><\/span><\/span><\/div>\n<div  class='av-buildercomment  av-blog-meta-html-info-disabled av-blog-meta-tag-disabled  '><\/div>\n","protected":false},"excerpt":{"rendered":"","protected":false},"author":1,"featured_media":47427,"comment_status":"open","ping_status":"open","sticky":false,"template":"","format":"standard","meta":{"footnotes":""},"categories":[49],"tags":[],"class_list":["post-47426","post","type-post","status-publish","format-standard","has-post-thumbnail","hentry","category-educacion"],"jetpack_featured_media_url":"https:\/\/radiorevelacionfm.cl\/wp-content\/uploads\/2024\/10\/2-2024-10-24T172842.929-1-1.jpg","_links":{"self":[{"href":"https:\/\/radiorevelacionfm.cl\/index.php?rest_route=\/wp\/v2\/posts\/47426","targetHints":{"allow":["GET"]}}],"collection":[{"href":"https:\/\/radiorevelacionfm.cl\/index.php?rest_route=\/wp\/v2\/posts"}],"about":[{"href":"https:\/\/radiorevelacionfm.cl\/index.php?rest_route=\/wp\/v2\/types\/post"}],"author":[{"embeddable":true,"href":"https:\/\/radiorevelacionfm.cl\/index.php?rest_route=\/wp\/v2\/users\/1"}],"replies":[{"embeddable":true,"href":"https:\/\/radiorevelacionfm.cl\/index.php?rest_route=%2Fwp%2Fv2%2Fcomments&post=47426"}],"version-history":[{"count":1,"href":"https:\/\/radiorevelacionfm.cl\/index.php?rest_route=\/wp\/v2\/posts\/47426\/revisions"}],"predecessor-version":[{"id":47428,"href":"https:\/\/radiorevelacionfm.cl\/index.php?rest_route=\/wp\/v2\/posts\/47426\/revisions\/47428"}],"wp:featuredmedia":[{"embeddable":true,"href":"https:\/\/radiorevelacionfm.cl\/index.php?rest_route=\/wp\/v2\/media\/47427"}],"wp:attachment":[{"href":"https:\/\/radiorevelacionfm.cl\/index.php?rest_route=%2Fwp%2Fv2%2Fmedia&parent=47426"}],"wp:term":[{"taxonomy":"category","embeddable":true,"href":"https:\/\/radiorevelacionfm.cl\/index.php?rest_route=%2Fwp%2Fv2%2Fcategories&post=47426"},{"taxonomy":"post_tag","embeddable":true,"href":"https:\/\/radiorevelacionfm.cl\/index.php?rest_route=%2Fwp%2Fv2%2Ftags&post=47426"}],"curies":[{"name":"wp","href":"https:\/\/api.w.org\/{rel}","templated":true}]}}