{"id":4742,"date":"2021-05-31T19:56:24","date_gmt":"2021-05-31T22:56:24","guid":{"rendered":"https:\/\/radiorevelacionfm.cl\/?p=4742"},"modified":"2021-05-31T19:56:24","modified_gmt":"2021-05-31T22:56:24","slug":"minvu-anuncia-extension-del-plazo-para-postular-al-subsidio-de-arriendo-especial-clase-media","status":"publish","type":"post","link":"https:\/\/radiorevelacionfm.cl\/?p=4742","title":{"rendered":"Minvu anuncia extensi\u00f3n del plazo para postular al Subsidio de Arriendo Especial Clase Media"},"content":{"rendered":"<div class=\"flex_column av_one_full  flex_column_div av-zero-column-padding first  avia-builder-el-0  el_before_av_one_full  avia-builder-el-first  \" style='border-radius:0px; '><div  class='avia-image-container  av-styling-    avia-builder-el-1  avia-builder-el-no-sibling  avia-align-center '  itemprop=\"image\" itemscope=\"itemscope\" itemtype=\"https:\/\/schema.org\/ImageObject\"  ><div class='avia-image-container-inner'><div class='avia-image-overlay-wrap'><img decoding=\"async\" class='wp-image-0 avia-img-lazy-loading-not-0 avia_image' src=\"https:\/\/radiorevelacionfm.cl\/wp-content\/uploads\/2021\/05\/Ministro-de-Vivienda-Felipe-Ward-1.jpg\" alt='' title=''   itemprop=\"thumbnailUrl\"  \/><\/div><\/div><\/div><\/div><div class=\"flex_column av_one_full  flex_column_div av-zero-column-padding first  avia-builder-el-2  el_after_av_one_full  el_before_av_one_full  column-top-margin\" style='border-radius:0px; '><section class=\"av_textblock_section \"  itemscope=\"itemscope\" itemtype=\"https:\/\/schema.org\/BlogPosting\" itemprop=\"blogPost\" ><div class='avia_textblock  '   itemprop=\"text\" ><p style=\"text-align: center;\"><strong><span style=\"font-size: 18pt;\">Minvu anuncia extensi\u00f3n del plazo para postular al Subsidio de Arriendo Especial Clase Media<\/span><\/strong><\/p>\n<div id=\"gtx-trans\" style=\"position: absolute; left: -50px; top: 4.31534px;\">\n<div class=\"gtx-trans-icon\"><\/div>\n<\/div>\n<\/div><\/section><\/div><div class=\"flex_column av_one_full  flex_column_div av-zero-column-padding first  avia-builder-el-4  el_after_av_one_full  el_before_av_hr  column-top-margin\" style='border-radius:0px; '><section class=\"av_textblock_section \"  itemscope=\"itemscope\" itemtype=\"https:\/\/schema.org\/BlogPosting\" itemprop=\"blogPost\" ><div class='avia_textblock  '   itemprop=\"text\" ><p style=\"text-align: justify;\">Dos meses m\u00e1s tendr\u00e1n de plazo las familias que quieran acceder al <strong>Subsidio de Arriendo Especial Clase Media<\/strong> que entrega el Ministerio de Vivienda y Urbanismo, eso luego que el ministro Felipe Ward informara que el proceso de postulaci\u00f3n, que cerraba este lunes, se extendi\u00f3 hasta el 30 de julio.<\/p>\n<p style=\"text-align: justify;\">Se trata de un subsidio destinado a personas que hayan perdido su trabajo o disminuido sus ingresos en, al menos, un 30%, siendo favorecidas con una ayuda de hasta 250 mil pesos, durante tres meses, para arriendos de hasta los 600 mil pesos (cobertura de 70% del arriendo).<\/p>\n<p style=\"text-align: justify;\">Respecto al nuevo plazo, el ministro Ward indic\u00f3 que \u201csabemos lo importante que es apoyar a las familias que se han visto afectadas econ\u00f3micamente por la pandemia. Por eso, y reforzando el compromiso que tenemos como Gobierno, es que hemos decidido extender hasta el 30 de julio el plazo de postulaci\u00f3n al Subsidio de Arriendo Especial Clase Media para que m\u00e1s personas accedan a esta ayuda para el pago de su arriendo. El a\u00f1o pasado beneficiamos a 50 mil familias y este a\u00f1o haremos lo mismo, totalizando 100 mil familias con una importante ayuda que cubre 3 meses de arriendo\u00bb.<\/p>\n<p style=\"text-align: justify;\">En ese sentido el Seremi de Vivienda, Diego Silva, valor\u00f3 la ampliaci\u00f3n del plazo anunciada por el Ministro, ya que ella ofrecer\u00e1 mayores opciones de postular a las familias que est\u00e1n pasando mementos dif\u00edciles y que necesitan este apoyo del Estado. \u201cNos parece muy positivo, porque esta es una nueva oportunidad para quienes no pudieron o no alcanzaron a hacer el tr\u00e1mite de postulaci\u00f3n. Sabemos que en nuestra regi\u00f3n este subsidio puede ser de mucha ayuda, en especial para las familias que lo siguen pasando mal, afectados por la emergencia sanitaria, as\u00ed que los invitamos a seguir postulando hasta el 30 de julio. No hay que olvidar que el tr\u00e1mite es 100% online y para conocer m\u00e1s informaci\u00f3n y postular, se debe ingresar a <a href=\"http:\/\/www.minvu.cl\">www.minvu.cl<\/a>.\u00a0 Como hemos dicho antes las claves de este subsidio son que cubre hasta $250.000 mensual, se entrega el pago completo al arrendador equivalente a 3 meses y qui\u00e9nes ya fueron beneficiados en 2020 pueden volver a postular\u201d, precis\u00f3 el Seremi.<\/p>\n<p style=\"text-align: justify;\"><strong>\u00bfC\u00f3mo funciona?<\/strong><\/p>\n<p style=\"text-align: justify;\">El Subsidio de Arriendo Especial Clase Media es un programa especial de arriendo para familias que se han visto afectadas econ\u00f3micamente como efecto de la pandemia por Covid-19. Ser\u00e1n 100 mil subsidios en total, los primeros 50 mil se entregaron durante el segundo semestre de 2020, mientras que en marzo de este a\u00f1o se inici\u00f3 un nuevo proceso de postulaci\u00f3n para la entrega de otros 50 mil subsidios.<\/p>\n<p><strong>\u00bfCu\u00e1les son los requisitos para postular?<\/strong><\/p>\n<ul>\n<li>Demostrar p\u00e9rdida de empleo o baja de m\u00e1s del 30% de ingresos.<\/li>\n<li>Declaraci\u00f3n del n\u00facleo familiar con el que se postular (Pueden postular personas con y sin RSH).<\/li>\n<li>Estar arrendando una vivienda actualmente de hasta $600.000.<\/li>\n<li>Presentar los documentos de postulaci\u00f3n.<\/li>\n<\/ul>\n<\/div><\/section><\/div><div  style='height:50px' class='hr hr-invisible   avia-builder-el-6  el_after_av_one_full  el_before_av_social_share '><span class='hr-inner ' ><span class='hr-inner-style'><\/span><\/span><\/div><\/p>\n<div  class='av-social-sharing-box  avia-builder-el-7  el_after_av_hr  el_before_av_hr  '><div class='av-share-box'><h5 class='av-share-link-description av-no-toc '>Compartir esta noticia<\/h5><ul class='av-share-box-list noLightbox'><li class='av-share-link av-social-link-facebook' ><a target=\"_blank\" aria-label=\"Compartir en Facebook\" href='https:\/\/www.facebook.com\/sharer.php?u=https:\/\/radiorevelacionfm.cl\/?p=4742&#038;t=Minvu%20anuncia%20extensi%C3%B3n%20del%20plazo%20para%20postular%20al%20Subsidio%20de%20Arriendo%20Especial%20Clase%20Media' aria-hidden='false' data-av_icon='\ue8f3' data-av_iconfont='entypo-fontello' title='' data-avia-related-tooltip='Compartir en Facebook' rel=\"noopener\"><span class='avia_hidden_link_text'>Compartir en Facebook<\/span><\/a><\/li><li class='av-share-link av-social-link-twitter' ><a target=\"_blank\" aria-label=\"Compartir en Twitter\" href='https:\/\/twitter.com\/share?text=Minvu%20anuncia%20extensi%C3%B3n%20del%20plazo%20para%20postular%20al%20Subsidio%20de%20Arriendo%20Especial%20Clase%20Media&#038;url=https:\/\/radiorevelacionfm.cl\/?p=4742' aria-hidden='false' data-av_icon='\ue8f1' data-av_iconfont='entypo-fontello' title='' data-avia-related-tooltip='Compartir en Twitter' rel=\"noopener\"><span class='avia_hidden_link_text'>Compartir en Twitter<\/span><\/a><\/li><li class='av-share-link av-social-link-whatsapp' ><a target=\"_blank\" aria-label=\"Compartir en Whatsapp\" href='https:\/\/api.whatsapp.com\/send?text=https:\/\/radiorevelacionfm.cl\/?p=4742' aria-hidden='false' data-av_icon='\uf232' data-av_iconfont='entypo-fontello' title='' data-avia-related-tooltip='Compartir en Whatsapp' rel=\"noopener\"><span class='avia_hidden_link_text'>Compartir en Whatsapp<\/span><\/a><\/li><li class='av-share-link av-social-link-linkedin' ><a target=\"_blank\" aria-label=\"Compartir en LinkedIn\" href='https:\/\/linkedin.com\/shareArticle?mini=true&#038;title=Minvu%20anuncia%20extensi%C3%B3n%20del%20plazo%20para%20postular%20al%20Subsidio%20de%20Arriendo%20Especial%20Clase%20Media&#038;url=https:\/\/radiorevelacionfm.cl\/?p=4742' aria-hidden='false' data-av_icon='\ue8fc' data-av_iconfont='entypo-fontello' title='' data-avia-related-tooltip='Compartir en LinkedIn' rel=\"noopener\"><span class='avia_hidden_link_text'>Compartir en LinkedIn<\/span><\/a><\/li><li class='av-share-link av-social-link-mail' ><a  aria-label=\"Compartir por correo\" href='mailto:?subject=Minvu%20anuncia%20extensi%C3%B3n%20del%20plazo%20para%20postular%20al%20Subsidio%20de%20Arriendo%20Especial%20Clase%20Media&#038;body=https:\/\/radiorevelacionfm.cl\/?p=4742' aria-hidden='false' data-av_icon='\ue805' data-av_iconfont='entypo-fontello' title='' data-avia-related-tooltip='Compartir por correo'><span class='avia_hidden_link_text'>Compartir por correo<\/span><\/a><\/li><\/ul><\/div><\/div>\n<div  style='height:50px' class='hr hr-invisible   avia-builder-el-8  el_after_av_social_share  el_before_av_comments_list '><span class='hr-inner ' ><span class='hr-inner-style'><\/span><\/span><\/div>\n<div  class='av-buildercomment  av-blog-meta-html-info-disabled av-blog-meta-tag-disabled  '><\/div>\n","protected":false},"excerpt":{"rendered":"","protected":false},"author":1,"featured_media":0,"comment_status":"open","ping_status":"open","sticky":false,"template":"","format":"standard","meta":{"footnotes":""},"categories":[57],"tags":[],"class_list":["post-4742","post","type-post","status-publish","format-standard","hentry","category-vivienda"],"jetpack_featured_media_url":"","_links":{"self":[{"href":"https:\/\/radiorevelacionfm.cl\/index.php?rest_route=\/wp\/v2\/posts\/4742","targetHints":{"allow":["GET"]}}],"collection":[{"href":"https:\/\/radiorevelacionfm.cl\/index.php?rest_route=\/wp\/v2\/posts"}],"about":[{"href":"https:\/\/radiorevelacionfm.cl\/index.php?rest_route=\/wp\/v2\/types\/post"}],"author":[{"embeddable":true,"href":"https:\/\/radiorevelacionfm.cl\/index.php?rest_route=\/wp\/v2\/users\/1"}],"replies":[{"embeddable":true,"href":"https:\/\/radiorevelacionfm.cl\/index.php?rest_route=%2Fwp%2Fv2%2Fcomments&post=4742"}],"version-history":[{"count":1,"href":"https:\/\/radiorevelacionfm.cl\/index.php?rest_route=\/wp\/v2\/posts\/4742\/revisions"}],"predecessor-version":[{"id":4744,"href":"https:\/\/radiorevelacionfm.cl\/index.php?rest_route=\/wp\/v2\/posts\/4742\/revisions\/4744"}],"wp:attachment":[{"href":"https:\/\/radiorevelacionfm.cl\/index.php?rest_route=%2Fwp%2Fv2%2Fmedia&parent=4742"}],"wp:term":[{"taxonomy":"category","embeddable":true,"href":"https:\/\/radiorevelacionfm.cl\/index.php?rest_route=%2Fwp%2Fv2%2Fcategories&post=4742"},{"taxonomy":"post_tag","embeddable":true,"href":"https:\/\/radiorevelacionfm.cl\/index.php?rest_route=%2Fwp%2Fv2%2Ftags&post=4742"}],"curies":[{"name":"wp","href":"https:\/\/api.w.org\/{rel}","templated":true}]}}