{"id":47418,"date":"2024-11-01T20:42:40","date_gmt":"2024-11-01T23:42:40","guid":{"rendered":"https:\/\/radiorevelacionfm.cl\/?p=47418"},"modified":"2024-11-01T20:42:40","modified_gmt":"2024-11-01T23:42:40","slug":"convocan-a-taller-de-formacion-online-para-presentar-observaciones-al-plan-de-accion-regional-de-cambio-climatico","status":"publish","type":"post","link":"https:\/\/radiorevelacionfm.cl\/?p=47418","title":{"rendered":"Convocan a taller de formaci\u00f3n online para presentar observaciones al Plan de Acci\u00f3n Regional de Cambio Clim\u00e1tico"},"content":{"rendered":"<div class=\"flex_column av_one_full  flex_column_div av-zero-column-padding first  avia-builder-el-0  el_before_av_one_full  avia-builder-el-first  \" style='border-radius:0px; '><div  class='avia-image-container  av-styling-    avia-builder-el-1  avia-builder-el-no-sibling  avia-align-center '  itemprop=\"image\" itemscope=\"itemscope\" itemtype=\"https:\/\/schema.org\/ImageObject\"  ><div class='avia-image-container-inner'><div class='avia-image-overlay-wrap'><img decoding=\"async\" class='wp-image-47419 avia-img-lazy-loading-not-47419 avia_image' src=\"https:\/\/radiorevelacionfm.cl\/wp-content\/uploads\/2024\/10\/afiche-taller-obseraciones-ciudadanas-1_optimized.jpeg\" alt='' title='afiche-taller-obseraciones-ciudadanas-(1)_optimized' height=\"800\" width=\"800\"  itemprop=\"thumbnailUrl\" srcset=\"https:\/\/radiorevelacionfm.cl\/wp-content\/uploads\/2024\/10\/afiche-taller-obseraciones-ciudadanas-1_optimized.jpeg 800w, https:\/\/radiorevelacionfm.cl\/wp-content\/uploads\/2024\/10\/afiche-taller-obseraciones-ciudadanas-1_optimized-300x300.jpeg 300w, https:\/\/radiorevelacionfm.cl\/wp-content\/uploads\/2024\/10\/afiche-taller-obseraciones-ciudadanas-1_optimized-80x80.jpeg 80w, https:\/\/radiorevelacionfm.cl\/wp-content\/uploads\/2024\/10\/afiche-taller-obseraciones-ciudadanas-1_optimized-768x768.jpeg 768w, https:\/\/radiorevelacionfm.cl\/wp-content\/uploads\/2024\/10\/afiche-taller-obseraciones-ciudadanas-1_optimized-36x36.jpeg 36w, https:\/\/radiorevelacionfm.cl\/wp-content\/uploads\/2024\/10\/afiche-taller-obseraciones-ciudadanas-1_optimized-180x180.jpeg 180w, https:\/\/radiorevelacionfm.cl\/wp-content\/uploads\/2024\/10\/afiche-taller-obseraciones-ciudadanas-1_optimized-705x705.jpeg 705w, https:\/\/radiorevelacionfm.cl\/wp-content\/uploads\/2024\/10\/afiche-taller-obseraciones-ciudadanas-1_optimized-120x120.jpeg 120w, https:\/\/radiorevelacionfm.cl\/wp-content\/uploads\/2024\/10\/afiche-taller-obseraciones-ciudadanas-1_optimized-450x450.jpeg 450w, https:\/\/radiorevelacionfm.cl\/wp-content\/uploads\/2024\/10\/afiche-taller-obseraciones-ciudadanas-1_optimized-600x600.jpeg 600w, https:\/\/radiorevelacionfm.cl\/wp-content\/uploads\/2024\/10\/afiche-taller-obseraciones-ciudadanas-1_optimized-100x100.jpeg 100w\" sizes=\"(max-width: 800px) 100vw, 800px\" \/><\/div><\/div><\/div><\/div><div class=\"flex_column av_one_full  flex_column_div av-zero-column-padding first  avia-builder-el-2  el_after_av_one_full  el_before_av_one_full  column-top-margin\" style='border-radius:0px; '><section class=\"av_textblock_section \"  itemscope=\"itemscope\" itemtype=\"https:\/\/schema.org\/BlogPosting\" itemprop=\"blogPost\" ><div class='avia_textblock  '   itemprop=\"text\" ><p style=\"text-align: center;\"><span style=\"font-size: 18pt;\"><b><span lang=\"ES-TRAD\">Convocan a taller de formaci\u00f3n online para presentar observaciones al Plan de Acci\u00f3n Regional de Cambio Clim\u00e1tico<\/span><\/b><\/span><\/p>\n<div id=\"gtx-trans\" style=\"position: absolute; left: -50px; top: 4.31534px;\">\n<div class=\"gtx-trans-icon\"><\/div>\n<\/div>\n<\/div><\/section><\/div><div class=\"flex_column av_one_full  flex_column_div av-zero-column-padding first  avia-builder-el-4  el_after_av_one_full  el_before_av_hr  column-top-margin\" style='border-radius:0px; '><section class=\"av_textblock_section \"  itemscope=\"itemscope\" itemtype=\"https:\/\/schema.org\/BlogPosting\" itemprop=\"blogPost\" ><div class='avia_textblock  '   itemprop=\"text\" ><p class=\"v1gmail-MsoListParagraph\" style=\"text-align: justify;\"><i><span lang=\"ES-TRAD\">Iniciativa de la Red de Protecci\u00f3n y Defensa del Territorio-Patagonia, la Corporaci\u00f3n Privada para el Desarrollo de Ays\u00e9n (CODESA), Chile Sustentable y la Agrupaci\u00f3n Ays\u00e9n Reserva de Vida (Agrupaci\u00f3n ARV) se enfocar\u00e1 en soluciones basadas en la naturaleza, co-beneficios y gesti\u00f3n de riesgo de desastre, bajo la mirada de Ays\u00e9n reserva de vida.<\/span><\/i><\/p>\n<p class=\"v1MsoNormal\" style=\"text-align: justify;\"><span lang=\"ES-TRAD\">Con el fin de apoyar el involucramiento de la ciudadan\u00eda en los instrumentos de gesti\u00f3n clim\u00e1tica actualmente en construcci\u00f3n, el<span class=\"v1gmail-Apple-converted-space\">\u00a0<\/span><b>s\u00e1bado 9 de noviembre<\/b><span class=\"v1gmail-Apple-converted-space\">\u00a0<\/span>se realizar\u00e1 un taller de formaci\u00f3n online para presentar observaciones durante el proceso de consulta ciudadana del Anteproyecto del Plan de Acci\u00f3n Regional de Cambio Clim\u00e1tico.<span class=\"v1gmail-Apple-converted-space\">\u00a0<\/span>\u00a0\u00a0<\/span><\/p>\n<p class=\"v1MsoNormal\" style=\"text-align: justify;\"><span lang=\"ES-TRAD\">La actividad es organizada en conjunto por la Red de Protecci\u00f3n y Defensa del Territorio-Patagonia, la Corporaci\u00f3n Privada para el Desarrollo de Ays\u00e9n, Chile Sustentable y la Agrupaci\u00f3n Ays\u00e9n Reserva de Vida, y es continuidad del encuentro<span class=\"v1gmail-Apple-converted-space\">\u00a0<\/span><a href=\"https:\/\/laderasur.com\/columnas\/declaracion-llamado-a-la-accion-de-aysen-ante-la-crisis-climatica\/\" target=\"_blank\" rel=\"noopener noreferrer\">\u00ab<i>Crisis Clim\u00e1tica en Ays\u00e9n: Accionando desde los Territorios<\/i>\u00ab<\/a><span class=\"v1gmail-Apple-converted-space\">\u00a0<\/span>que se desarroll\u00f3 a principios de agosto en la Universidad de Ays\u00e9n con la participaci\u00f3n de m\u00e1s de 50 ciudadano\/as y dirigente\/as de organizaciones de ocho comunas de la regi\u00f3n.<\/span><\/p>\n<p class=\"v1MsoNormal\" style=\"text-align: justify;\"><span lang=\"ES-TRAD\">El taller de formaci\u00f3n es abierto y se iniciar\u00e1 a las 11:00 hrs.\u00a0<span class=\"v1gmail-Apple-converted-space\">\u00a0<\/span>En una primera parte<span class=\"v1gmail-Apple-converted-space\">\u00a0<\/span><b>se explicar\u00e1 el proceso de consulta ciudadana<\/b><span class=\"v1gmail-Apple-converted-space\">\u00a0<\/span>que se abri\u00f3 el 9 de octubre y se cerrar\u00e1 el 21 de noviembre.\u00a0<span class=\"v1gmail-Apple-converted-space\">\u00a0<\/span>\u00c9ste es impulsado en conjunto por la SEREMI del Medio Ambiente y el Gobierno Regional de Ays\u00e9n.\u00a0<span class=\"v1gmail-Apple-converted-space\">\u00a0<\/span>Posteriormente se explicar\u00e1<span class=\"v1gmail-Apple-converted-space\">\u00a0<\/span><b>c\u00f3mo subir observaciones en la<span class=\"v1gmail-Apple-converted-space\">\u00a0<\/span><a href=\"https:\/\/consultasciudadanas.mma.gob.cl\/portal\/consulta\/173\" target=\"_blank\" rel=\"noopener noreferrer\">plataforma institucional<\/a><\/b>, para concluir con una<span class=\"v1gmail-Apple-converted-space\">\u00a0<\/span><b>din\u00e1mica para elaborar observaciones<\/b><span class=\"v1gmail-Apple-converted-space\">\u00a0<\/span><b>in situ<\/b><span class=\"v1gmail-Apple-converted-space\">\u00a0<\/span>con foco en soluciones basadas en la naturaleza, co-beneficios y gesti\u00f3n de riesgo de desastre, bajo la mirada de Ays\u00e9n reserva de vida.<\/span><\/p>\n<p class=\"v1MsoNormal\" style=\"text-align: justify;\"><span lang=\"ES-TRAD\">Las y los interesados se pueden inscribir en el link<span class=\"v1gmail-Apple-converted-space\">\u00a0<\/span><a href=\"https:\/\/bit.ly\/FormularioTallerFormaci%C3%B3nPARCC\" target=\"_blank\" rel=\"noopener noreferrer\">https:\/\/bit.ly\/FormularioTallerFormaci\u00f3nPARCC<\/a>.\u00a0<span class=\"v1gmail-Apple-converted-space\">\u00a0<\/span>El Anteproyecto del Plan de Acci\u00f3n Regional de Cambio Clim\u00e1tico est\u00e1 disponible en el siguiente link:<span class=\"v1gmail-Apple-converted-space\">\u00a0<\/span><a href=\"https:\/\/bit.ly\/AnteproyectoPARCC\" target=\"_blank\" rel=\"noopener noreferrer\">https:\/\/bit.ly\/AnteproyectoPARCC<\/a>.<\/span><\/p>\n<\/div><\/section><\/div><div  style='height:50px' class='hr hr-invisible   avia-builder-el-6  el_after_av_one_full  el_before_av_social_share '><span class='hr-inner ' ><span class='hr-inner-style'><\/span><\/span><\/div><\/p>\n<div  class='av-social-sharing-box  avia-builder-el-7  el_after_av_hr  el_before_av_hr  '><div class='av-share-box'><h5 class='av-share-link-description av-no-toc '>Compartir esta noticia<\/h5><ul class='av-share-box-list noLightbox'><li class='av-share-link av-social-link-facebook' ><a target=\"_blank\" aria-label=\"Compartir en Facebook\" href='https:\/\/www.facebook.com\/sharer.php?u=https:\/\/radiorevelacionfm.cl\/?p=47418&#038;t=Convocan%20a%20taller%20de%20formaci%C3%B3n%20online%20para%20presentar%20observaciones%20al%20Plan%20de%20Acci%C3%B3n%20Regional%20de%20Cambio%20Clim%C3%A1tico' aria-hidden='false' data-av_icon='\ue8f3' data-av_iconfont='entypo-fontello' title='' data-avia-related-tooltip='Compartir en Facebook' rel=\"noopener\"><span class='avia_hidden_link_text'>Compartir en Facebook<\/span><\/a><\/li><li class='av-share-link av-social-link-twitter' ><a target=\"_blank\" aria-label=\"Compartir en Twitter\" href='https:\/\/twitter.com\/share?text=Convocan%20a%20taller%20de%20formaci%C3%B3n%20online%20para%20presentar%20observaciones%20al%20Plan%20de%20Acci%C3%B3n%20Regional%20de%20Cambio%20Clim%C3%A1tico&#038;url=https:\/\/radiorevelacionfm.cl\/?p=47418' aria-hidden='false' data-av_icon='\ue8f1' data-av_iconfont='entypo-fontello' title='' data-avia-related-tooltip='Compartir en Twitter' rel=\"noopener\"><span class='avia_hidden_link_text'>Compartir en Twitter<\/span><\/a><\/li><li class='av-share-link av-social-link-whatsapp' ><a target=\"_blank\" aria-label=\"Compartir en Whatsapp\" href='https:\/\/api.whatsapp.com\/send?text=https:\/\/radiorevelacionfm.cl\/?p=47418' aria-hidden='false' data-av_icon='\uf232' data-av_iconfont='entypo-fontello' title='' data-avia-related-tooltip='Compartir en Whatsapp' rel=\"noopener\"><span class='avia_hidden_link_text'>Compartir en Whatsapp<\/span><\/a><\/li><li class='av-share-link av-social-link-linkedin' ><a target=\"_blank\" aria-label=\"Compartir en LinkedIn\" href='https:\/\/linkedin.com\/shareArticle?mini=true&#038;title=Convocan%20a%20taller%20de%20formaci%C3%B3n%20online%20para%20presentar%20observaciones%20al%20Plan%20de%20Acci%C3%B3n%20Regional%20de%20Cambio%20Clim%C3%A1tico&#038;url=https:\/\/radiorevelacionfm.cl\/?p=47418' aria-hidden='false' data-av_icon='\ue8fc' data-av_iconfont='entypo-fontello' title='' data-avia-related-tooltip='Compartir en LinkedIn' rel=\"noopener\"><span class='avia_hidden_link_text'>Compartir en LinkedIn<\/span><\/a><\/li><li class='av-share-link av-social-link-mail' ><a  aria-label=\"Compartir por correo\" href='mailto:?subject=Convocan%20a%20taller%20de%20formaci%C3%B3n%20online%20para%20presentar%20observaciones%20al%20Plan%20de%20Acci%C3%B3n%20Regional%20de%20Cambio%20Clim%C3%A1tico&#038;body=https:\/\/radiorevelacionfm.cl\/?p=47418' aria-hidden='false' data-av_icon='\ue805' data-av_iconfont='entypo-fontello' title='' data-avia-related-tooltip='Compartir por correo'><span class='avia_hidden_link_text'>Compartir por correo<\/span><\/a><\/li><\/ul><\/div><\/div>\n<div  style='height:50px' class='hr hr-invisible   avia-builder-el-8  el_after_av_social_share  el_before_av_comments_list '><span class='hr-inner ' ><span class='hr-inner-style'><\/span><\/span><\/div>\n<div  class='av-buildercomment  av-blog-meta-html-info-disabled av-blog-meta-tag-disabled  '><\/div>\n","protected":false},"excerpt":{"rendered":"","protected":false},"author":1,"featured_media":47419,"comment_status":"open","ping_status":"open","sticky":false,"template":"","format":"standard","meta":{"footnotes":""},"categories":[38],"tags":[],"class_list":["post-47418","post","type-post","status-publish","format-standard","has-post-thumbnail","hentry","category-regional"],"jetpack_featured_media_url":"https:\/\/radiorevelacionfm.cl\/wp-content\/uploads\/2024\/10\/afiche-taller-obseraciones-ciudadanas-1_optimized.jpeg","_links":{"self":[{"href":"https:\/\/radiorevelacionfm.cl\/index.php?rest_route=\/wp\/v2\/posts\/47418","targetHints":{"allow":["GET"]}}],"collection":[{"href":"https:\/\/radiorevelacionfm.cl\/index.php?rest_route=\/wp\/v2\/posts"}],"about":[{"href":"https:\/\/radiorevelacionfm.cl\/index.php?rest_route=\/wp\/v2\/types\/post"}],"author":[{"embeddable":true,"href":"https:\/\/radiorevelacionfm.cl\/index.php?rest_route=\/wp\/v2\/users\/1"}],"replies":[{"embeddable":true,"href":"https:\/\/radiorevelacionfm.cl\/index.php?rest_route=%2Fwp%2Fv2%2Fcomments&post=47418"}],"version-history":[{"count":1,"href":"https:\/\/radiorevelacionfm.cl\/index.php?rest_route=\/wp\/v2\/posts\/47418\/revisions"}],"predecessor-version":[{"id":47420,"href":"https:\/\/radiorevelacionfm.cl\/index.php?rest_route=\/wp\/v2\/posts\/47418\/revisions\/47420"}],"wp:featuredmedia":[{"embeddable":true,"href":"https:\/\/radiorevelacionfm.cl\/index.php?rest_route=\/wp\/v2\/media\/47419"}],"wp:attachment":[{"href":"https:\/\/radiorevelacionfm.cl\/index.php?rest_route=%2Fwp%2Fv2%2Fmedia&parent=47418"}],"wp:term":[{"taxonomy":"category","embeddable":true,"href":"https:\/\/radiorevelacionfm.cl\/index.php?rest_route=%2Fwp%2Fv2%2Fcategories&post=47418"},{"taxonomy":"post_tag","embeddable":true,"href":"https:\/\/radiorevelacionfm.cl\/index.php?rest_route=%2Fwp%2Fv2%2Ftags&post=47418"}],"curies":[{"name":"wp","href":"https:\/\/api.w.org\/{rel}","templated":true}]}}