{"id":47415,"date":"2024-10-25T15:11:29","date_gmt":"2024-10-25T18:11:29","guid":{"rendered":"https:\/\/radiorevelacionfm.cl\/?p=47415"},"modified":"2024-10-25T15:11:29","modified_gmt":"2024-10-25T18:11:29","slug":"realizan-tercera-sesion-con-integrantes-de-la-mesa-estrategica-del-recurso-hidrico-de-la-cuenca-del-rio-aysen","status":"publish","type":"post","link":"https:\/\/radiorevelacionfm.cl\/?p=47415","title":{"rendered":"Realizan tercera sesi\u00f3n con integrantes de la mesa estrat\u00e9gica del recurso h\u00eddrico de la cuenca del R\u00edo Ays\u00e9n"},"content":{"rendered":"<div class=\"flex_column av_one_full  flex_column_div av-zero-column-padding first  avia-builder-el-0  el_before_av_one_full  avia-builder-el-first  \" style='border-radius:0px; '><div  class='avia-image-container  av-styling-    avia-builder-el-1  avia-builder-el-no-sibling  avia-align-center '  itemprop=\"image\" itemscope=\"itemscope\" itemtype=\"https:\/\/schema.org\/ImageObject\"  ><div class='avia-image-container-inner'><div class='avia-image-overlay-wrap'><img decoding=\"async\" class='wp-image-47416 avia-img-lazy-loading-not-47416 avia_image' src=\"https:\/\/radiorevelacionfm.cl\/wp-content\/uploads\/2024\/10\/tres-dga-1_optimized.jpg\" alt='' title='tres-dga-(1)_optimized' height=\"600\" width=\"900\"  itemprop=\"thumbnailUrl\" srcset=\"https:\/\/radiorevelacionfm.cl\/wp-content\/uploads\/2024\/10\/tres-dga-1_optimized.jpg 900w, https:\/\/radiorevelacionfm.cl\/wp-content\/uploads\/2024\/10\/tres-dga-1_optimized-300x200.jpg 300w, https:\/\/radiorevelacionfm.cl\/wp-content\/uploads\/2024\/10\/tres-dga-1_optimized-768x512.jpg 768w, https:\/\/radiorevelacionfm.cl\/wp-content\/uploads\/2024\/10\/tres-dga-1_optimized-705x470.jpg 705w, https:\/\/radiorevelacionfm.cl\/wp-content\/uploads\/2024\/10\/tres-dga-1_optimized-450x300.jpg 450w, https:\/\/radiorevelacionfm.cl\/wp-content\/uploads\/2024\/10\/tres-dga-1_optimized-600x400.jpg 600w\" sizes=\"(max-width: 900px) 100vw, 900px\" \/><\/div><\/div><\/div><\/div><div class=\"flex_column av_one_full  flex_column_div av-zero-column-padding first  avia-builder-el-2  el_after_av_one_full  el_before_av_one_full  column-top-margin\" style='border-radius:0px; '><section class=\"av_textblock_section \"  itemscope=\"itemscope\" itemtype=\"https:\/\/schema.org\/BlogPosting\" itemprop=\"blogPost\" ><div class='avia_textblock  '   itemprop=\"text\" ><p style=\"text-align: center;\"><strong><span style=\"font-size: 18pt;\">Realizan tercera sesi\u00f3n con integrantes de la mesa estrat\u00e9gica del recurso h\u00eddrico de la cuenca del R\u00edo Ays\u00e9n<\/span><\/strong><\/p>\n<div id=\"gtx-trans\" style=\"position: absolute; left: -50px; top: 4.31534px;\">\n<div class=\"gtx-trans-icon\"><\/div>\n<\/div>\n<\/div><\/section><\/div><div class=\"flex_column av_one_full  flex_column_div av-zero-column-padding first  avia-builder-el-4  el_after_av_one_full  el_before_av_hr  column-top-margin\" style='border-radius:0px; '><section class=\"av_textblock_section \"  itemscope=\"itemscope\" itemtype=\"https:\/\/schema.org\/BlogPosting\" itemprop=\"blogPost\" ><div class='avia_textblock  '   itemprop=\"text\" ><p style=\"text-align: justify;\">La Secretaria Regional Ministerial de Obras P\u00fablicas, Paloma Jara Vald\u00e9s, inform\u00f3 que hoy se realiz\u00f3 la 3\u00aa sesi\u00f3n este a\u00f1o con los integrantes de la Mesa Estrat\u00e9gica del Recurso H\u00eddrico de la Cuenca del R\u00edo Ays\u00e9n para conversar acerca de la identificaci\u00f3n de problemas y de actores vinculados a esta Cuenca, as\u00ed como tambi\u00e9n explicar la metodolog\u00eda de trabajo en materia de participaci\u00f3n ciudadana que se realizar\u00e1 en el marco de la ejecuci\u00f3n del Estudio \u201cAn\u00e1lisis de la Cuenca del R\u00edo Ays\u00e9n para la formulaci\u00f3n del Plan Estrat\u00e9gico de Recursos H\u00eddricos\u201d.<\/p>\n<p style=\"text-align: justify;\">Este Estudio, a cargo del equipo de la Consultora\u00a0 EBP Chile y fiscalizado por la Direcci\u00f3n General de Aguas del MOP en la regi\u00f3n de Ays\u00e9n, se prolongar\u00e1 hasta mediados del 2026, y entregar\u00e1 insumos para la construcci\u00f3n del Plan Estrat\u00e9gico de Recursos H\u00eddricos de la Cuenca del R\u00edo Ays\u00e9n. Hoy, la presentaci\u00f3n de la Consultora ante las personas que integran la Mesa Estrat\u00e9gica del Recurso H\u00eddrico (MERH), permite fortalecer el trabajo colaborativo entre ellos y su relaci\u00f3n con la Direcci\u00f3n General de Aguas del MOP en la regi\u00f3n de Ays\u00e9n.<\/p>\n<p style=\"text-align: justify;\">As\u00ed lo indic\u00f3 la SEREMI del MOP, quien adem\u00e1s destac\u00f3: \u201cDentro de los pilares fundamentales de la gesti\u00f3n del Ministerio de Obras P\u00fablicas est\u00e1 la gesti\u00f3n h\u00eddrica. Esta Mesa que es para la Cuenca del R\u00edo Ays\u00e9n, viene a poner en tabla no solo la importancia del recurso h\u00eddrico en la Cuenca del R\u00edo, sino tambi\u00e9n en todas las localidades que lo conforman, no solamente como\u00a0 un cuerpo f\u00edsico, sino tambi\u00e9n como una actividad cultural y patrimonial. En ese sentido, todos los presentes han sido convocados seg\u00fan lo establece el reglamento de la MERH para generar una gobernanza territorial. De aqu\u00ed en adelante, lo que viene son distintas reuniones seg\u00fan programa que se materializar\u00e1 a inicios del mes de noviembre en diferentes localidades que tienen vinculaci\u00f3n con esta Cuenca y se les va a ir contando qu\u00e9 es lo que estamos haciendo. Destacar sobre todo, la importancia que tiene el enfoque de g\u00e9nero en este Estudio, el que le da m\u00e1s espacio a las mujeres para que puedan dar su opini\u00f3n y de c\u00f3mo ellas se relacionan con el recurso h\u00eddrico en nuestra regi\u00f3n\u201d.<\/p>\n<p style=\"text-align: justify;\">Al finalizar esta tercera sesi\u00f3n de la MERH, H\u00e9ctor Cort\u00e9s Gaete, Director de la Direcci\u00f3n General de Aguas MOP en la Regi\u00f3n de Ays\u00e9n expres\u00f3 que \u201cesta es una instancia muy importante desde la perspectiva de la planificaci\u00f3n de los territorios desde las Cuencas y en donde podemos integrar las diferentes instancias de desarrollo productivo, de visiones eco sist\u00e9micas, de protecci\u00f3n, de preservaci\u00f3n de la naturaleza y tambi\u00e9n vincularla con la seguridad h\u00eddrica, y desde los riesgos asociados a las crecidas e inundaciones, como en aquellos eventos en donde el agua escasea en niveles significativos como es durante la sequ\u00eda. Agradecemos a quienes forman parte de la Mesa, a quienes nos han estado permanentemente colaborando y aportando sus ideas y en particular hoy d\u00eda, en que tuvimos la oportunidad de escuchar a la empresa Consultora que se gan\u00f3 la licitaci\u00f3n para el Estudio de la Cuenca del R\u00edo Ays\u00e9n para generar el Plan Estrat\u00e9gico de Recursos H\u00eddricos y que convers\u00f3 con los integrantes de la Mesa Estrat\u00e9gica para ir incorporando sus opiniones -dentro del contexto de la licitaci\u00f3n de los t\u00e9rminos de referencia- para mejorar y tener un mejor resultado desde la perspectiva del producto que se espera con el Estudio\u201d.<\/p>\n<p style=\"text-align: justify;\">Peter Hartman, presidente de la agrupaci\u00f3n Ays\u00e9n Reserva de Vida y Director de Codeff Ays\u00e9n manifest\u00f3 \u201clo que vimos hoy fue la presentaci\u00f3n de lo que piensa hacer la Empresa Consultora que va a justamente a juntar una cantidad de informaci\u00f3n necesaria, que est\u00e1 interesante, y pretende hacer harta participaci\u00f3n ciudadana lo que es muy necesario; y tambi\u00e9n, ir meti\u00e9ndose en el tema del cambio clim\u00e1tico y cosas que son novedosas, por ese lado, bienvenida sea. Tienen harto pa\u00f1o que cortar ah\u00ed; y en la segunda parte, estuvimos viendo lo que hemos estado haciendo dentro de la Mesa, el tema de los conflictos, problemas que hay ya en la Cuenca y ver c\u00f3mo se pueden ir solucionando; ojal\u00e1 sea parte e ingrediente para poder hacer el Plan tambi\u00e9n. El Plan puede ser un instrumento de mucha letra y tambi\u00e9n puede ser un instrumento proactivo para ir solucionando\u00a0 los problemas. Esa es la idea\u201d.<\/p>\n<p style=\"text-align: justify;\">Por su parte, P\u00eda Santelices, profesional de la Divisi\u00f3n de Planificaci\u00f3n y Desarrollo del Gobierno Regional de Ays\u00e9n expres\u00f3 que el trabajo que se realiza en la MERH enriquece el di\u00e1logo. \u201cDestaco estas instancias porque son mesas p\u00fablico-privadas en donde nos juntamos y conversamos respecto a un tema, en este caso es una Mesa Estrat\u00e9gica de los Recursos H\u00eddricos y la importancia de hoy es que las personas que van a elaborar un diagn\u00f3stico, un trabajo de base para la Cuenca del R\u00edo Ays\u00e9n, nos presentaron la metodolog\u00eda; c\u00f3mo ellos van a abordar todo lo que es la participaci\u00f3n ciudadana para en un futuro pr\u00f3ximo poder elaborar un Plan Estrat\u00e9gico de los Recursos H\u00eddricos en la Cuenca del R\u00edo Ays\u00e9n. Es una extensa superficie. Entonces, es un gran desaf\u00edo as\u00ed que yo destaco esta instancia\u201d.<\/p>\n<\/div><\/section><\/div><div  style='height:50px' class='hr hr-invisible   avia-builder-el-6  el_after_av_one_full  el_before_av_social_share '><span class='hr-inner ' ><span class='hr-inner-style'><\/span><\/span><\/div><\/p>\n<div  class='av-social-sharing-box  avia-builder-el-7  el_after_av_hr  el_before_av_hr  '><div class='av-share-box'><h5 class='av-share-link-description av-no-toc '>Compartir esta noticia<\/h5><ul class='av-share-box-list noLightbox'><li class='av-share-link av-social-link-facebook' ><a target=\"_blank\" aria-label=\"Compartir en Facebook\" href='https:\/\/www.facebook.com\/sharer.php?u=https:\/\/radiorevelacionfm.cl\/?p=47415&#038;t=Realizan%20tercera%20sesi%C3%B3n%20con%20integrantes%20de%20la%20mesa%20estrat%C3%A9gica%20del%20recurso%20h%C3%ADdrico%20de%20la%20cuenca%20del%20R%C3%ADo%20Ays%C3%A9n' aria-hidden='false' data-av_icon='\ue8f3' data-av_iconfont='entypo-fontello' title='' data-avia-related-tooltip='Compartir en Facebook' rel=\"noopener\"><span class='avia_hidden_link_text'>Compartir en Facebook<\/span><\/a><\/li><li class='av-share-link av-social-link-twitter' ><a target=\"_blank\" aria-label=\"Compartir en Twitter\" href='https:\/\/twitter.com\/share?text=Realizan%20tercera%20sesi%C3%B3n%20con%20integrantes%20de%20la%20mesa%20estrat%C3%A9gica%20del%20recurso%20h%C3%ADdrico%20de%20la%20cuenca%20del%20R%C3%ADo%20Ays%C3%A9n&#038;url=https:\/\/radiorevelacionfm.cl\/?p=47415' aria-hidden='false' data-av_icon='\ue8f1' data-av_iconfont='entypo-fontello' title='' data-avia-related-tooltip='Compartir en Twitter' rel=\"noopener\"><span class='avia_hidden_link_text'>Compartir en Twitter<\/span><\/a><\/li><li class='av-share-link av-social-link-whatsapp' ><a target=\"_blank\" aria-label=\"Compartir en Whatsapp\" href='https:\/\/api.whatsapp.com\/send?text=https:\/\/radiorevelacionfm.cl\/?p=47415' aria-hidden='false' data-av_icon='\uf232' data-av_iconfont='entypo-fontello' title='' data-avia-related-tooltip='Compartir en Whatsapp' rel=\"noopener\"><span class='avia_hidden_link_text'>Compartir en Whatsapp<\/span><\/a><\/li><li class='av-share-link av-social-link-linkedin' ><a target=\"_blank\" aria-label=\"Compartir en LinkedIn\" href='https:\/\/linkedin.com\/shareArticle?mini=true&#038;title=Realizan%20tercera%20sesi%C3%B3n%20con%20integrantes%20de%20la%20mesa%20estrat%C3%A9gica%20del%20recurso%20h%C3%ADdrico%20de%20la%20cuenca%20del%20R%C3%ADo%20Ays%C3%A9n&#038;url=https:\/\/radiorevelacionfm.cl\/?p=47415' aria-hidden='false' data-av_icon='\ue8fc' data-av_iconfont='entypo-fontello' title='' data-avia-related-tooltip='Compartir en LinkedIn' rel=\"noopener\"><span class='avia_hidden_link_text'>Compartir en LinkedIn<\/span><\/a><\/li><li class='av-share-link av-social-link-mail' ><a  aria-label=\"Compartir por correo\" href='mailto:?subject=Realizan%20tercera%20sesi%C3%B3n%20con%20integrantes%20de%20la%20mesa%20estrat%C3%A9gica%20del%20recurso%20h%C3%ADdrico%20de%20la%20cuenca%20del%20R%C3%ADo%20Ays%C3%A9n&#038;body=https:\/\/radiorevelacionfm.cl\/?p=47415' aria-hidden='false' data-av_icon='\ue805' data-av_iconfont='entypo-fontello' title='' data-avia-related-tooltip='Compartir por correo'><span class='avia_hidden_link_text'>Compartir por correo<\/span><\/a><\/li><\/ul><\/div><\/div>\n<div  style='height:50px' class='hr hr-invisible   avia-builder-el-8  el_after_av_social_share  el_before_av_comments_list '><span class='hr-inner ' ><span class='hr-inner-style'><\/span><\/span><\/div>\n<div  class='av-buildercomment  av-blog-meta-html-info-disabled av-blog-meta-tag-disabled  '><\/div>\n","protected":false},"excerpt":{"rendered":"","protected":false},"author":1,"featured_media":47416,"comment_status":"open","ping_status":"open","sticky":false,"template":"","format":"standard","meta":{"footnotes":""},"categories":[38],"tags":[],"class_list":["post-47415","post","type-post","status-publish","format-standard","has-post-thumbnail","hentry","category-regional"],"jetpack_featured_media_url":"https:\/\/radiorevelacionfm.cl\/wp-content\/uploads\/2024\/10\/tres-dga-1_optimized.jpg","_links":{"self":[{"href":"https:\/\/radiorevelacionfm.cl\/index.php?rest_route=\/wp\/v2\/posts\/47415","targetHints":{"allow":["GET"]}}],"collection":[{"href":"https:\/\/radiorevelacionfm.cl\/index.php?rest_route=\/wp\/v2\/posts"}],"about":[{"href":"https:\/\/radiorevelacionfm.cl\/index.php?rest_route=\/wp\/v2\/types\/post"}],"author":[{"embeddable":true,"href":"https:\/\/radiorevelacionfm.cl\/index.php?rest_route=\/wp\/v2\/users\/1"}],"replies":[{"embeddable":true,"href":"https:\/\/radiorevelacionfm.cl\/index.php?rest_route=%2Fwp%2Fv2%2Fcomments&post=47415"}],"version-history":[{"count":1,"href":"https:\/\/radiorevelacionfm.cl\/index.php?rest_route=\/wp\/v2\/posts\/47415\/revisions"}],"predecessor-version":[{"id":47417,"href":"https:\/\/radiorevelacionfm.cl\/index.php?rest_route=\/wp\/v2\/posts\/47415\/revisions\/47417"}],"wp:featuredmedia":[{"embeddable":true,"href":"https:\/\/radiorevelacionfm.cl\/index.php?rest_route=\/wp\/v2\/media\/47416"}],"wp:attachment":[{"href":"https:\/\/radiorevelacionfm.cl\/index.php?rest_route=%2Fwp%2Fv2%2Fmedia&parent=47415"}],"wp:term":[{"taxonomy":"category","embeddable":true,"href":"https:\/\/radiorevelacionfm.cl\/index.php?rest_route=%2Fwp%2Fv2%2Fcategories&post=47415"},{"taxonomy":"post_tag","embeddable":true,"href":"https:\/\/radiorevelacionfm.cl\/index.php?rest_route=%2Fwp%2Fv2%2Ftags&post=47415"}],"curies":[{"name":"wp","href":"https:\/\/api.w.org\/{rel}","templated":true}]}}