{"id":47412,"date":"2024-10-24T17:20:54","date_gmt":"2024-10-24T20:20:54","guid":{"rendered":"https:\/\/radiorevelacionfm.cl\/?p=47412"},"modified":"2024-10-24T17:22:04","modified_gmt":"2024-10-24T20:22:04","slug":"mas-de-500-estudiantes-de-cisnes-chile-chico-y-cochrane-visitaron-las-ferias-itinerantes-de-educacion-superior-regionales","status":"publish","type":"post","link":"https:\/\/radiorevelacionfm.cl\/?p=47412","title":{"rendered":"M\u00e1s de 500 estudiantes de Cisnes, Chile Chico y Cochrane visitaron las ferias itinerantes de Educaci\u00f3n Superior"},"content":{"rendered":"<div class=\"flex_column av_one_full  flex_column_div av-zero-column-padding first  avia-builder-el-0  el_before_av_one_full  avia-builder-el-first  \" style='border-radius:0px; '><div  class='avia-image-container  av-styling-    avia-builder-el-1  avia-builder-el-no-sibling  avia-align-center '  itemprop=\"image\" itemscope=\"itemscope\" itemtype=\"https:\/\/schema.org\/ImageObject\"  ><div class='avia-image-container-inner'><div class='avia-image-overlay-wrap'><img decoding=\"async\" class='wp-image-47413 avia-img-lazy-loading-not-47413 avia_image' src=\"https:\/\/radiorevelacionfm.cl\/wp-content\/uploads\/2024\/10\/delegacion-melinka2-1_optimized.jpg\" alt='' title='delegaci\u00f3n-melinka2-(1)_optimized' height=\"600\" width=\"900\"  itemprop=\"thumbnailUrl\" srcset=\"https:\/\/radiorevelacionfm.cl\/wp-content\/uploads\/2024\/10\/delegacion-melinka2-1_optimized.jpg 900w, https:\/\/radiorevelacionfm.cl\/wp-content\/uploads\/2024\/10\/delegacion-melinka2-1_optimized-300x200.jpg 300w, https:\/\/radiorevelacionfm.cl\/wp-content\/uploads\/2024\/10\/delegacion-melinka2-1_optimized-768x512.jpg 768w, https:\/\/radiorevelacionfm.cl\/wp-content\/uploads\/2024\/10\/delegacion-melinka2-1_optimized-705x470.jpg 705w, https:\/\/radiorevelacionfm.cl\/wp-content\/uploads\/2024\/10\/delegacion-melinka2-1_optimized-450x300.jpg 450w, https:\/\/radiorevelacionfm.cl\/wp-content\/uploads\/2024\/10\/delegacion-melinka2-1_optimized-600x400.jpg 600w\" sizes=\"(max-width: 900px) 100vw, 900px\" \/><\/div><\/div><\/div><\/div>\n<div class=\"flex_column av_one_full  flex_column_div av-zero-column-padding first  avia-builder-el-2  el_after_av_one_full  el_before_av_one_full  column-top-margin\" style='border-radius:0px; '><section class=\"av_textblock_section \"  itemscope=\"itemscope\" itemtype=\"https:\/\/schema.org\/BlogPosting\" itemprop=\"blogPost\" ><div class='avia_textblock  '   itemprop=\"text\" ><p style=\"text-align: center;\"><strong><span style=\"font-size: 18pt;\">M\u00e1s de 500 estudiantes de Cisnes, Chile Chico y Cochrane visitaron las ferias itinerantes de Educaci\u00f3n Superior<\/span><\/strong><\/p>\n<div id=\"gtx-trans\" style=\"position: absolute; left: -50px; top: 4.31534px;\">\n<div class=\"gtx-trans-icon\"><\/div>\n<\/div>\n<\/div><\/section><\/div><div class=\"flex_column av_one_full  flex_column_div av-zero-column-padding first  avia-builder-el-4  el_after_av_one_full  el_before_av_hr  column-top-margin\" style='border-radius:0px; '><section class=\"av_textblock_section \"  itemscope=\"itemscope\" itemtype=\"https:\/\/schema.org\/BlogPosting\" itemprop=\"blogPost\" ><div class='avia_textblock  '   itemprop=\"text\" ><p class=\"v1MsoNormal\" style=\"text-align: justify;\" align=\"center\"><em>Las muestras se enmarcan en el proyecto \u201cMi Futuro en Ays\u00e9n\u201d iniciativa ejecutada por la SEREMI de Educaci\u00f3n con financiamiento del 8% del Gobierno Regional de Ays\u00e9n y su Consejo.<\/em><\/p>\n<p class=\"v1MsoNormal\" style=\"text-align: justify;\">En las localidades de Puerto Cisnes, Chile Chico y Cochrane se realizaron tres ferias itinerantes de Educaci\u00f3n Superior enmarcadas en el proyecto \u201cMi Futuro en Ays\u00e9n\u201d, iniciativa ejecutada por la Secretar\u00eda Ministerial de Educaci\u00f3n y que cont\u00f3 con el financiamiento del 8% del Gobierno Regional de Ays\u00e9n.<\/p>\n<p class=\"v1MsoNormal\" style=\"text-align: justify;\">El proyecto consiste en el desarrollo de Ferias Itinerantes de Educaci\u00f3n Superior en las comunas antes se\u00f1aladas con el objetivo de visibilizar la oferta acad\u00e9mica vigente en el territorio a los y las estudiantes de 3\u00b0 y 4\u00b0 Medio de los establecimientos educacionales de la regi\u00f3n de Ays\u00e9n. Adem\u00e1s, concurrieron los servicios del Estado que apoyan con beneficios estudiantiles.<\/p>\n<p class=\"v1MsoNormal\" style=\"text-align: justify;\">Adicionalmente, como parte de la iniciativa regional se gestion\u00f3 la asistencia de una delegaci\u00f3n de estudiantes de 3\u00b0 y 4\u00b0 medio del Liceo de Ma\u00f1ihuales a la XIX Muestra de Educaci\u00f3n del Liceo San Felipe Benicio de Coyhaique; misma instancia en la que esta Secretar\u00eda Ministerial de Educaci\u00f3n entreg\u00f3 informaci\u00f3n acerca de beneficios estudiantiles en educaci\u00f3n superior, FUAS 2025 y otras becas, y material informativo a cargo de la unidad de Ayuda Mineduc.<\/p>\n<p class=\"v1MsoNormal\" style=\"text-align: justify;\">En las tres ferias itinerantes estuvieron presentes la Universidad de Ays\u00e9n, la Universidad Austral de Chile Campus Patagonia, el Centro de Formaci\u00f3n T\u00e9cnica Estatal de Ays\u00e9n, el Instituto Profesional y Centro de Formaci\u00f3n T\u00e9cnica INACAP, la Junta Nacional de Auxilio Escolar y Becas JUNAEB, Ayuda Mineduc, el Cant\u00f3n de Reclutamiento del Ej\u00e9rcito de Chile, la Polic\u00eda de Investigaciones PDI y Carabineros de Chile.<\/p>\n<p class=\"v1MsoNormal\" style=\"text-align: justify;\">En Puerto Cisnes, la feria se realiz\u00f3 en el gimnasio del Liceo Bicentenario de excelencia Arturo Prat Chac\u00f3n y fue visitada por 160 estudiantes del liceo anfitri\u00f3n y una delegaci\u00f3n de estudiantes y docentes del Liceo de Melinka, comuna de Guaitecas, quienes conocieron las opciones de continuidad de estudios en la regi\u00f3n. All\u00ed se resolvieron dudas e inquietudes y se realiz\u00f3 una interesante\u00a0 Charla Magistral denominada \u201cSTEM y g\u00e9nero: Desafiando estereotipos\u201d impartida por la Doctora en Matem\u00e1tica Aplicada y acad\u00e9mica de la\u00a0<a href=\"https:\/\/www.facebook.com\/udeaysen?__cft__%5b0%5d=AZU8uM0JU2vlAQb3x8YSVL5bNj6Ix4vVgv3Oo7HRVvGv7xqYtXPap-Ynerlt1uT3Im0PaFaD63KEbiFVC-TndCjaUeDtYiZsHjJ-fNBNAT9XqCgVNwcDRbFkg4sobX8rZ7XoTs_K3ytBozap_nVoex-TEDB-XbyBvXiWNj574DHp0mPR92WAe7hTP8QW9iC-Wcc&amp;__tn__=-%5dK-R\" target=\"_blank\" rel=\"noopener noreferrer\">Universidad de Ays\u00e9n<\/a><u>, Sra. Yocelyn P\u00e9rez Rothen<\/u>.<\/p>\n<p class=\"v1MsoNormal\" style=\"text-align: justify;\">En Chile Chico la muestra se realiz\u00f3 en el gimnasio del establecimiento y concurrieron 210 estudiantes del Liceo Bicentenario Luisa Rabanal Palma y del Liceo Bicentenario Rural Cerro Castillo de la comuna de R\u00edo Ib\u00e1\u00f1ez. En dicha oportunidad los y las estudiantes, adem\u00e1s de contar con acceso a la oferta regional de Educaci\u00f3n Superior, fueron parte de la Charla Magistral \u201cCarreras STEM: Carreras del futuro\u201d a cargo de la Doctora Mariela Gonz\u00e1lez Flores, Jefa de carrera de Ingenier\u00eda Civil Inform\u00e1tica del Departamento de Ciencias Naturales y Tecnolog\u00eda de la Universidad Ays\u00e9n.<\/p>\n<p class=\"v1MsoNormal\" style=\"text-align: justify;\">En Cochrane, la feria se realiz\u00f3 en el gimnasio del Liceo Bicentenario Austral Lord Cochrane, instancia en la que concurrieron estudiantes de ese plantel y del Liceo Pioneros del Sur de Villa O\u2019Higgins, 200 en total. Como parte de la organizaci\u00f3n, los y las estudiantes pudieron visitar los stands de las distintas Instituciones de Educaci\u00f3n Superior y de los servicios del Estado. As\u00ed mismo, fueron parte de una entretenida Charla Magistral denominada \u201cLa vida estudiantil en INACAP\u201d, impartida por la profesional Monserrat Vera Ortiz, Encargada de Admisi\u00f3n de INACAP Sede Coyhaique.<b><u><\/u><\/b><\/p>\n<p class=\"v1MsoNormal\" style=\"text-align: justify;\"><b><u>Reacciones<\/u><\/b><\/p>\n<p class=\"v1MsoNormal\" style=\"text-align: justify;\">En la capital de la provincia de Capit\u00e1n Prat la SEREMI de Educaci\u00f3n Isabel Garrido hizo un positivo balance de las actividades realizadas, se\u00f1alando que permitieron\u00a0 cumplir los objetivos de la iniciativa \u201cMi Futuro en Ays\u00e9n\u201d: \u201cBusc\u00e1bamos por una parte mostrar a los estudiantes de ense\u00f1anza media de la regi\u00f3n que existen alternativas interesantes de educaci\u00f3n superior instaladas en el territorio a las que pueden acceder, y tambi\u00e9n, aportar a la consolidaci\u00f3n de nuestras instituciones regionales de educaci\u00f3n superior, universidades y centros de formaci\u00f3n t\u00e9cnica, las que junto con formar profesionales y t\u00e9cnicos, constituyen un polo que aporta al desarrollo, a la innovaci\u00f3n, investigaci\u00f3n aplicada y vinculaci\u00f3n con el medio. Por ello, estamos contentos con esta iniciativa y esperamos replicarla el pr\u00f3ximo a\u00f1o\u201d.<\/p>\n<p class=\"v1MsoNormal\" style=\"text-align: justify;\">Isabel Garrido agradeci\u00f3 a las instituciones que colaboraron a la materializaci\u00f3n de esta iniciativa: Gobierno Regional de Ays\u00e9n y su consejo, Servicio Local de Educaci\u00f3n P\u00fablica SLEP Ays\u00e9n, a la Corporaci\u00f3n Ays\u00e9n por Ays\u00e9n que don\u00f3 dispositivos electr\u00f3nicos port\u00e1tiles (tablets) para premiar la motivaci\u00f3n y participaci\u00f3n activa de 4 estudiantes de la regi\u00f3n que fueron parte de las Ferias Itinerantes de Educaci\u00f3n Superior. Tambi\u00e9n valor\u00f3 la presencia de las instituciones de educaci\u00f3n superior que concurrieron con stands y profesionales que entregaron la informaci\u00f3n, y a las instituciones de las fuerzas armadas y orden que se sumaron en las distintas ferias.<\/p>\n<p class=\"v1MsoNormal\" style=\"text-align: justify;\">Amaro Aguilar, estudiante de Tercer A\u00f1o Medio del Liceo de Melinka, expres\u00f3 que \u201cPara m\u00ed es un espacio de informaci\u00f3n valioso sobre cosas que no tenemos tan claras\u201d. Karen Moraga profesora jefe del IV A\u00f1o Medio de ese establecimiento se\u00f1al\u00f3 que \u201cEsta es una experiencia significativa para los y las estudiantes de nuestra comuna ya que por problemas de conectividad es bastante dif\u00edcil participar en este tipo de ferias. Estamos contentos con la invitaci\u00f3n a participar y los estudiantes agradecen la forma en que se les entreg\u00f3 la informaci\u00f3n por parte de las instituciones presentes ac\u00e1\u201d.<\/p>\n<p class=\"v1MsoNormal\" style=\"text-align: justify;\">Loreto Contreras, directora del Liceo Bicentenario de Excelencia Arturo Prat Chac\u00f3n de Puerto Cisnes agradeci\u00f3 a la SECREDUC y al Gobierno Regional por materializar esta iniciativa que permiti\u00f3 acercar a la localidad la oferta de educaci\u00f3n superior regional. \u201cSu presencia ac\u00e1 facilita el acceso a la informaci\u00f3n relevante a nuestros estudiantes y sus familias para que tomen las mejores decisiones\u201d.<\/p>\n<\/div><\/section><\/div><\/p>\n<div  style='height:50px' class='hr hr-invisible   avia-builder-el-6  el_after_av_one_full  el_before_av_social_share '><span class='hr-inner ' ><span class='hr-inner-style'><\/span><\/span><\/div>\n<div  class='av-social-sharing-box  avia-builder-el-7  el_after_av_hr  el_before_av_hr  '><div class='av-share-box'><h5 class='av-share-link-description av-no-toc '>Compartir esta noticia<\/h5><ul class='av-share-box-list noLightbox'><li class='av-share-link av-social-link-facebook' ><a target=\"_blank\" aria-label=\"Compartir en Facebook\" href='https:\/\/www.facebook.com\/sharer.php?u=https:\/\/radiorevelacionfm.cl\/?p=47412&#038;t=M%C3%A1s%20de%20500%20estudiantes%20de%20Cisnes%2C%20Chile%20Chico%20y%20Cochrane%20visitaron%20las%20ferias%20itinerantes%20de%20Educaci%C3%B3n%20Superior' aria-hidden='false' data-av_icon='\ue8f3' data-av_iconfont='entypo-fontello' title='' data-avia-related-tooltip='Compartir en Facebook' rel=\"noopener\"><span class='avia_hidden_link_text'>Compartir en Facebook<\/span><\/a><\/li><li class='av-share-link av-social-link-twitter' ><a target=\"_blank\" aria-label=\"Compartir en Twitter\" href='https:\/\/twitter.com\/share?text=M%C3%A1s%20de%20500%20estudiantes%20de%20Cisnes%2C%20Chile%20Chico%20y%20Cochrane%20visitaron%20las%20ferias%20itinerantes%20de%20Educaci%C3%B3n%20Superior&#038;url=https:\/\/radiorevelacionfm.cl\/?p=47412' aria-hidden='false' data-av_icon='\ue8f1' data-av_iconfont='entypo-fontello' title='' data-avia-related-tooltip='Compartir en Twitter' rel=\"noopener\"><span class='avia_hidden_link_text'>Compartir en Twitter<\/span><\/a><\/li><li class='av-share-link av-social-link-whatsapp' ><a target=\"_blank\" aria-label=\"Compartir en Whatsapp\" href='https:\/\/api.whatsapp.com\/send?text=https:\/\/radiorevelacionfm.cl\/?p=47412' aria-hidden='false' data-av_icon='\uf232' data-av_iconfont='entypo-fontello' title='' data-avia-related-tooltip='Compartir en Whatsapp' rel=\"noopener\"><span class='avia_hidden_link_text'>Compartir en Whatsapp<\/span><\/a><\/li><li class='av-share-link av-social-link-linkedin' ><a target=\"_blank\" aria-label=\"Compartir en LinkedIn\" href='https:\/\/linkedin.com\/shareArticle?mini=true&#038;title=M%C3%A1s%20de%20500%20estudiantes%20de%20Cisnes%2C%20Chile%20Chico%20y%20Cochrane%20visitaron%20las%20ferias%20itinerantes%20de%20Educaci%C3%B3n%20Superior&#038;url=https:\/\/radiorevelacionfm.cl\/?p=47412' aria-hidden='false' data-av_icon='\ue8fc' data-av_iconfont='entypo-fontello' title='' data-avia-related-tooltip='Compartir en LinkedIn' rel=\"noopener\"><span class='avia_hidden_link_text'>Compartir en LinkedIn<\/span><\/a><\/li><li class='av-share-link av-social-link-mail' ><a  aria-label=\"Compartir por correo\" href='mailto:?subject=M%C3%A1s%20de%20500%20estudiantes%20de%20Cisnes%2C%20Chile%20Chico%20y%20Cochrane%20visitaron%20las%20ferias%20itinerantes%20de%20Educaci%C3%B3n%20Superior&#038;body=https:\/\/radiorevelacionfm.cl\/?p=47412' aria-hidden='false' data-av_icon='\ue805' data-av_iconfont='entypo-fontello' title='' data-avia-related-tooltip='Compartir por correo'><span class='avia_hidden_link_text'>Compartir por correo<\/span><\/a><\/li><\/ul><\/div><\/div>\n<div  style='height:50px' class='hr hr-invisible   avia-builder-el-8  el_after_av_social_share  el_before_av_comments_list '><span class='hr-inner ' ><span class='hr-inner-style'><\/span><\/span><\/div>\n<div  class='av-buildercomment  av-blog-meta-html-info-disabled av-blog-meta-tag-disabled  '><\/div>\n","protected":false},"excerpt":{"rendered":"","protected":false},"author":1,"featured_media":47413,"comment_status":"open","ping_status":"open","sticky":false,"template":"","format":"standard","meta":{"footnotes":""},"categories":[49],"tags":[],"class_list":["post-47412","post","type-post","status-publish","format-standard","has-post-thumbnail","hentry","category-educacion"],"jetpack_featured_media_url":"https:\/\/radiorevelacionfm.cl\/wp-content\/uploads\/2024\/10\/delegacion-melinka2-1_optimized.jpg","_links":{"self":[{"href":"https:\/\/radiorevelacionfm.cl\/index.php?rest_route=\/wp\/v2\/posts\/47412","targetHints":{"allow":["GET"]}}],"collection":[{"href":"https:\/\/radiorevelacionfm.cl\/index.php?rest_route=\/wp\/v2\/posts"}],"about":[{"href":"https:\/\/radiorevelacionfm.cl\/index.php?rest_route=\/wp\/v2\/types\/post"}],"author":[{"embeddable":true,"href":"https:\/\/radiorevelacionfm.cl\/index.php?rest_route=\/wp\/v2\/users\/1"}],"replies":[{"embeddable":true,"href":"https:\/\/radiorevelacionfm.cl\/index.php?rest_route=%2Fwp%2Fv2%2Fcomments&post=47412"}],"version-history":[{"count":3,"href":"https:\/\/radiorevelacionfm.cl\/index.php?rest_route=\/wp\/v2\/posts\/47412\/revisions"}],"predecessor-version":[{"id":47425,"href":"https:\/\/radiorevelacionfm.cl\/index.php?rest_route=\/wp\/v2\/posts\/47412\/revisions\/47425"}],"wp:featuredmedia":[{"embeddable":true,"href":"https:\/\/radiorevelacionfm.cl\/index.php?rest_route=\/wp\/v2\/media\/47413"}],"wp:attachment":[{"href":"https:\/\/radiorevelacionfm.cl\/index.php?rest_route=%2Fwp%2Fv2%2Fmedia&parent=47412"}],"wp:term":[{"taxonomy":"category","embeddable":true,"href":"https:\/\/radiorevelacionfm.cl\/index.php?rest_route=%2Fwp%2Fv2%2Fcategories&post=47412"},{"taxonomy":"post_tag","embeddable":true,"href":"https:\/\/radiorevelacionfm.cl\/index.php?rest_route=%2Fwp%2Fv2%2Ftags&post=47412"}],"curies":[{"name":"wp","href":"https:\/\/api.w.org\/{rel}","templated":true}]}}