{"id":47374,"date":"2024-10-23T20:04:48","date_gmt":"2024-10-23T23:04:48","guid":{"rendered":"https:\/\/radiorevelacionfm.cl\/?p=47374"},"modified":"2024-10-23T20:04:48","modified_gmt":"2024-10-23T23:04:48","slug":"promueven-voto-asistido-y-medidas-de-accesibilidad-para-personas-con-discapacidad-en-aysen","status":"publish","type":"post","link":"https:\/\/radiorevelacionfm.cl\/?p=47374","title":{"rendered":"Promueven voto asistido y medidas de accesibilidad para personas con discapacidad en Ays\u00e9n"},"content":{"rendered":"<div class=\"flex_column av_one_full  flex_column_div av-zero-column-padding first  avia-builder-el-0  el_before_av_one_full  avia-builder-el-first  \" style='border-radius:0px; '><div  class='avia-image-container  av-styling-    avia-builder-el-1  avia-builder-el-no-sibling  avia-align-center '  itemprop=\"image\" itemscope=\"itemscope\" itemtype=\"https:\/\/schema.org\/ImageObject\"  ><div class='avia-image-container-inner'><div class='avia-image-overlay-wrap'><img decoding=\"async\" class='wp-image-47375 avia-img-lazy-loading-not-47375 avia_image' src=\"https:\/\/radiorevelacionfm.cl\/wp-content\/uploads\/2024\/10\/voto-asistido-2-1-1.jpeg\" alt='' title='voto asistido 2 (1) (1)' height=\"600\" width=\"843\"  itemprop=\"thumbnailUrl\" srcset=\"https:\/\/radiorevelacionfm.cl\/wp-content\/uploads\/2024\/10\/voto-asistido-2-1-1.jpeg 843w, https:\/\/radiorevelacionfm.cl\/wp-content\/uploads\/2024\/10\/voto-asistido-2-1-1-300x214.jpeg 300w, https:\/\/radiorevelacionfm.cl\/wp-content\/uploads\/2024\/10\/voto-asistido-2-1-1-768x547.jpeg 768w, https:\/\/radiorevelacionfm.cl\/wp-content\/uploads\/2024\/10\/voto-asistido-2-1-1-260x185.jpeg 260w, https:\/\/radiorevelacionfm.cl\/wp-content\/uploads\/2024\/10\/voto-asistido-2-1-1-705x502.jpeg 705w, https:\/\/radiorevelacionfm.cl\/wp-content\/uploads\/2024\/10\/voto-asistido-2-1-1-450x320.jpeg 450w, https:\/\/radiorevelacionfm.cl\/wp-content\/uploads\/2024\/10\/voto-asistido-2-1-1-600x427.jpeg 600w\" sizes=\"(max-width: 843px) 100vw, 843px\" \/><\/div><\/div><\/div><\/div><div class=\"flex_column av_one_full  flex_column_div av-zero-column-padding first  avia-builder-el-2  el_after_av_one_full  el_before_av_one_full  column-top-margin\" style='border-radius:0px; '><section class=\"av_textblock_section \"  itemscope=\"itemscope\" itemtype=\"https:\/\/schema.org\/BlogPosting\" itemprop=\"blogPost\" ><div class='avia_textblock  '   itemprop=\"text\" ><p style=\"text-align: center;\"><strong><span style=\"font-size: 18pt;\">Promueven voto asistido y medidas de accesibilidad para personas con discapacidad en Ays\u00e9n<\/span><\/strong><\/p>\n<div id=\"gtx-trans\" style=\"position: absolute; left: -50px; top: 4.31534px;\">\n<div class=\"gtx-trans-icon\"><\/div>\n<\/div>\n<\/div><\/section><\/div><div class=\"flex_column av_one_full  flex_column_div av-zero-column-padding first  avia-builder-el-4  el_after_av_one_full  el_before_av_hr  column-top-margin\" style='border-radius:0px; '><section class=\"av_textblock_section \"  itemscope=\"itemscope\" itemtype=\"https:\/\/schema.org\/BlogPosting\" itemprop=\"blogPost\" ><div class='avia_textblock  '   itemprop=\"text\" ><p style=\"text-align: justify;\">En la Escuela Diferencial Espa\u00f1a de Coyhaique con los estudiantes, Centro de Padres y cuerpo docente se llev\u00f3 a cabo este mi\u00e9rcoles una charla dirigida por el Servicio Nacional de la Discapacidad y el Servicio Electoral, con el objetivo de promover el derecho a la participaci\u00f3n pol\u00edtica de las personas con discapacidad en igualdad de condiciones que las dem\u00e1s en las pr\u00f3ximas elecciones del 26 y 27 de octubre.<\/p>\n<p style=\"text-align: justify;\">Las personas con discapacidad tienen derecho al voto asistido, as\u00ed lo establece la Ley N\u00ba18.700 sobre votaciones populares y escrutinios, que garantiza que todo ciudadano y ciudadana con derecho a sufragio mayor de 18 a\u00f1os pueda votar.<\/p>\n<p style=\"text-align: justify;\">As\u00ed lo relev\u00f3 el Delegado Presidencial Regional Rodrigo Araya Morales \u00abNosotros estamos poniendo en relieve que todas las personas que tengan al tipo alg\u00fan tipo de discapacidad f\u00edsica, mental, visual, auditiva tienen la obligaci\u00f3n de votar y en todos los locales de votaci\u00f3n en nuestra regi\u00f3n est\u00e1n las condiciones para que puedan hacer ejercicio de ese derecho. As\u00ed es que estamos comentando justamente aquello, est\u00e1 todo destinado, as\u00ed que invitamos a las familias a que se informen y que participen en este acto eleccionario que es tan relevante para la democracia en nuestro pa\u00eds\u00bb.<\/p>\n<p style=\"text-align: justify;\">En un trabajo en Conjunto con el Servicio Electoral, la directora regional del Servicio Nacional de la Discapacidad, Senadis, Viviana Mu\u00f1oz destac\u00f3 que las medidas implementadas constituyen un avance importante en materia de accesibilidad electoral \u00abHemos hecho un trabajo en conjunto con el Servicio Electoral para aplicar medidas de accesibilidad electoral y eso implica que las personas con discapacidad pueden realizar el voto de manera asistida si as\u00ed lo prefieren y as\u00ed lo deciden, y para ello pueden ser acompa\u00f1ados por una persona de confianza o pueden solicitar. La asistencia del presidente de la mesa. Pueden tambi\u00e9n solicitar ejercer el voto fuera de la c\u00e1mara secreta, siempre resguardando el secreto del voto que se establece en la ley\u00bb.<\/p>\n<p style=\"text-align: justify;\">La Escuela Diferencial Espa\u00f1a cuenta con estudiantes que ya pueden sufragar y otros que en las pr\u00f3ximas elecciones podr\u00e1n ejercer este deber c\u00edvico, por tanto la comunidad escolar valor\u00f3 la charla, as\u00ed lo se\u00f1al\u00f3 Jorge Aynol Tesorero del Centro de Padres \u00a0\u00abQue esta actividad se haya realizado en nuestra escuela, creo que es una muy buena se\u00f1al de inclusi\u00f3n. Como pap\u00e1 y como parte de la directiva, invitar a todos nuestros estudiantes, nuestros j\u00f3venes, a nuestros apoderados a que participen es una actividad ciudadana y republicana en la cual todos los ciudadanos, especialmente nuestros hijos, son parte de esta sociedad y que tienen tambi\u00e9n que ejercer su derecho a voto\u00bb.<\/p>\n<p style=\"text-align: justify;\">Otra situaci\u00f3n que se vivir\u00e1 en estas elecciones tiene que ver con quienes ejercen el rol de cuidados, es por eso que la Seremi de Desarrollo Social y Familia Karina Acevedo indic\u00f3 que \u00abHubo una conversaci\u00f3n del Ministerio con Servel\u00a0para justamente tener consideraci\u00f3n con quienes cumplen el rol de cuidador, que hemos relevado tanto como Gobierno. El rol de cuidador est\u00e1 garantizado a trav\u00e9s de una credencial que se entrega a trav\u00e9s del Registro Social de Hogares. Nuestro mensaje es a los presidentes de las mesas, que si tienen a un cuidador o una cuidadora con su credencial y llegue a votar, le den la preferencia requerida, puesto que est\u00e1 a cargo de alguien m\u00e1s que requiere su dedicaci\u00f3n de tiempo en forma permanente\u00bb.<\/p>\n<p style=\"text-align: justify;\"><strong>\u00bfC\u00f3mo pueden las personas con discapacidad ejercer su derecho a voto?<\/strong><\/p>\n<p style=\"text-align: justify;\">-Ser asistido por una persona mayor de edad y de su confianza.<\/p>\n<p style=\"text-align: justify;\">-Ser asistido por el presidente o presidenta de la mesa<\/p>\n<p style=\"text-align: justify;\">-Ejercer el derecho a voto fuera de la c\u00e1mara secreta<\/p>\n<p style=\"text-align: justify;\">-Las personas sordas y las personas con discapacidad auditiva pueden expresar a trav\u00e9s de la lengua de se\u00f1as chilena o por escrito, que desean hacer uso del voto asistido. (Servel cuenta con sistema de videollamada por lengua de se\u00f1as Visor, a trav\u00e9s de un dispositivo tablet o celular y la web del Servel que cuenta con readspeaker)<\/p>\n<p style=\"text-align: justify;\"><strong>\u00bfLa persona puede ir a votar en compa\u00f1\u00eda de un perro de asistencia?<\/strong><\/p>\n<p style=\"text-align: justify;\">S\u00ed, los perros de asistencia pueden ingresar al recinto de votaci\u00f3n y acompa\u00f1ar a la persona con discapacidad durante todo el proceso de sufragio<strong>.<\/strong><\/p>\n<p style=\"text-align: justify;\"><strong>\u00bfLas personas con discapacidad mental deben votar?<\/strong><\/p>\n<p style=\"text-align: justify;\">S\u00ed, deber\u00e1n ejercer su derecho a sufragio. El voto es obligatorio en Chile.<\/p>\n<p style=\"text-align: justify;\"><strong>\u00a0<\/strong><\/p>\n<\/div><\/section><\/div><div  style='height:50px' class='hr hr-invisible   avia-builder-el-6  el_after_av_one_full  el_before_av_social_share '><span class='hr-inner ' ><span class='hr-inner-style'><\/span><\/span><\/div><\/p>\n<div  class='av-social-sharing-box  avia-builder-el-7  el_after_av_hr  el_before_av_hr  '><div class='av-share-box'><h5 class='av-share-link-description av-no-toc '>Compartir esta noticia<\/h5><ul class='av-share-box-list noLightbox'><li class='av-share-link av-social-link-facebook' ><a target=\"_blank\" aria-label=\"Compartir en Facebook\" href='https:\/\/www.facebook.com\/sharer.php?u=https:\/\/radiorevelacionfm.cl\/?p=47374&#038;t=Promueven%20voto%20asistido%20y%20medidas%20de%20accesibilidad%20para%20personas%20con%20discapacidad%20en%20Ays%C3%A9n' aria-hidden='false' data-av_icon='\ue8f3' data-av_iconfont='entypo-fontello' title='' data-avia-related-tooltip='Compartir en Facebook' rel=\"noopener\"><span class='avia_hidden_link_text'>Compartir en Facebook<\/span><\/a><\/li><li class='av-share-link av-social-link-twitter' ><a target=\"_blank\" aria-label=\"Compartir en Twitter\" href='https:\/\/twitter.com\/share?text=Promueven%20voto%20asistido%20y%20medidas%20de%20accesibilidad%20para%20personas%20con%20discapacidad%20en%20Ays%C3%A9n&#038;url=https:\/\/radiorevelacionfm.cl\/?p=47374' aria-hidden='false' data-av_icon='\ue8f1' data-av_iconfont='entypo-fontello' title='' data-avia-related-tooltip='Compartir en Twitter' rel=\"noopener\"><span class='avia_hidden_link_text'>Compartir en Twitter<\/span><\/a><\/li><li class='av-share-link av-social-link-whatsapp' ><a target=\"_blank\" aria-label=\"Compartir en Whatsapp\" href='https:\/\/api.whatsapp.com\/send?text=https:\/\/radiorevelacionfm.cl\/?p=47374' aria-hidden='false' data-av_icon='\uf232' data-av_iconfont='entypo-fontello' title='' data-avia-related-tooltip='Compartir en Whatsapp' rel=\"noopener\"><span class='avia_hidden_link_text'>Compartir en Whatsapp<\/span><\/a><\/li><li class='av-share-link av-social-link-linkedin' ><a target=\"_blank\" aria-label=\"Compartir en LinkedIn\" href='https:\/\/linkedin.com\/shareArticle?mini=true&#038;title=Promueven%20voto%20asistido%20y%20medidas%20de%20accesibilidad%20para%20personas%20con%20discapacidad%20en%20Ays%C3%A9n&#038;url=https:\/\/radiorevelacionfm.cl\/?p=47374' aria-hidden='false' data-av_icon='\ue8fc' data-av_iconfont='entypo-fontello' title='' data-avia-related-tooltip='Compartir en LinkedIn' rel=\"noopener\"><span class='avia_hidden_link_text'>Compartir en LinkedIn<\/span><\/a><\/li><li class='av-share-link av-social-link-mail' ><a  aria-label=\"Compartir por correo\" href='mailto:?subject=Promueven%20voto%20asistido%20y%20medidas%20de%20accesibilidad%20para%20personas%20con%20discapacidad%20en%20Ays%C3%A9n&#038;body=https:\/\/radiorevelacionfm.cl\/?p=47374' aria-hidden='false' data-av_icon='\ue805' data-av_iconfont='entypo-fontello' title='' data-avia-related-tooltip='Compartir por correo'><span class='avia_hidden_link_text'>Compartir por correo<\/span><\/a><\/li><\/ul><\/div><\/div>\n<div  style='height:50px' class='hr hr-invisible   avia-builder-el-8  el_after_av_social_share  el_before_av_comments_list '><span class='hr-inner ' ><span class='hr-inner-style'><\/span><\/span><\/div>\n<div  class='av-buildercomment  av-blog-meta-html-info-disabled av-blog-meta-tag-disabled  '><\/div>\n","protected":false},"excerpt":{"rendered":"","protected":false},"author":1,"featured_media":47375,"comment_status":"open","ping_status":"open","sticky":false,"template":"","format":"standard","meta":{"footnotes":""},"categories":[38],"tags":[],"class_list":["post-47374","post","type-post","status-publish","format-standard","has-post-thumbnail","hentry","category-regional"],"jetpack_featured_media_url":"https:\/\/radiorevelacionfm.cl\/wp-content\/uploads\/2024\/10\/voto-asistido-2-1-1.jpeg","_links":{"self":[{"href":"https:\/\/radiorevelacionfm.cl\/index.php?rest_route=\/wp\/v2\/posts\/47374","targetHints":{"allow":["GET"]}}],"collection":[{"href":"https:\/\/radiorevelacionfm.cl\/index.php?rest_route=\/wp\/v2\/posts"}],"about":[{"href":"https:\/\/radiorevelacionfm.cl\/index.php?rest_route=\/wp\/v2\/types\/post"}],"author":[{"embeddable":true,"href":"https:\/\/radiorevelacionfm.cl\/index.php?rest_route=\/wp\/v2\/users\/1"}],"replies":[{"embeddable":true,"href":"https:\/\/radiorevelacionfm.cl\/index.php?rest_route=%2Fwp%2Fv2%2Fcomments&post=47374"}],"version-history":[{"count":1,"href":"https:\/\/radiorevelacionfm.cl\/index.php?rest_route=\/wp\/v2\/posts\/47374\/revisions"}],"predecessor-version":[{"id":47376,"href":"https:\/\/radiorevelacionfm.cl\/index.php?rest_route=\/wp\/v2\/posts\/47374\/revisions\/47376"}],"wp:featuredmedia":[{"embeddable":true,"href":"https:\/\/radiorevelacionfm.cl\/index.php?rest_route=\/wp\/v2\/media\/47375"}],"wp:attachment":[{"href":"https:\/\/radiorevelacionfm.cl\/index.php?rest_route=%2Fwp%2Fv2%2Fmedia&parent=47374"}],"wp:term":[{"taxonomy":"category","embeddable":true,"href":"https:\/\/radiorevelacionfm.cl\/index.php?rest_route=%2Fwp%2Fv2%2Fcategories&post=47374"},{"taxonomy":"post_tag","embeddable":true,"href":"https:\/\/radiorevelacionfm.cl\/index.php?rest_route=%2Fwp%2Fv2%2Ftags&post=47374"}],"curies":[{"name":"wp","href":"https:\/\/api.w.org\/{rel}","templated":true}]}}