{"id":47371,"date":"2024-10-24T10:00:07","date_gmt":"2024-10-24T13:00:07","guid":{"rendered":"https:\/\/radiorevelacionfm.cl\/?p=47371"},"modified":"2024-10-24T10:00:07","modified_gmt":"2024-10-24T13:00:07","slug":"en-coyhaique-82-familias-con-personas-cuidadoras-fortalecen-sus-habilidades-para-la-vida","status":"publish","type":"post","link":"https:\/\/radiorevelacionfm.cl\/?p=47371","title":{"rendered":"En Coyhaique: 82 familias con personas cuidadoras fortalecen sus habilidades para la vida"},"content":{"rendered":"<div class=\"flex_column av_one_full  flex_column_div av-zero-column-padding first  avia-builder-el-0  el_before_av_one_full  avia-builder-el-first  \" style='border-radius:0px; '><div  class='avia-image-container  av-styling-    avia-builder-el-1  avia-builder-el-no-sibling  avia-align-center '  itemprop=\"image\" itemscope=\"itemscope\" itemtype=\"https:\/\/schema.org\/ImageObject\"  ><div class='avia-image-container-inner'><div class='avia-image-overlay-wrap'><img decoding=\"async\" class='wp-image-47372 avia-img-lazy-loading-not-47372 avia_image' src=\"https:\/\/radiorevelacionfm.cl\/wp-content\/uploads\/2024\/10\/Accion-Coyhaique-1-1.jpeg\" alt='' title='Acci\u00f3n Coyhaique (1) (1)' height=\"600\" width=\"1067\"  itemprop=\"thumbnailUrl\" srcset=\"https:\/\/radiorevelacionfm.cl\/wp-content\/uploads\/2024\/10\/Accion-Coyhaique-1-1.jpeg 1067w, https:\/\/radiorevelacionfm.cl\/wp-content\/uploads\/2024\/10\/Accion-Coyhaique-1-1-300x169.jpeg 300w, https:\/\/radiorevelacionfm.cl\/wp-content\/uploads\/2024\/10\/Accion-Coyhaique-1-1-1030x579.jpeg 1030w, https:\/\/radiorevelacionfm.cl\/wp-content\/uploads\/2024\/10\/Accion-Coyhaique-1-1-768x432.jpeg 768w, https:\/\/radiorevelacionfm.cl\/wp-content\/uploads\/2024\/10\/Accion-Coyhaique-1-1-705x396.jpeg 705w, https:\/\/radiorevelacionfm.cl\/wp-content\/uploads\/2024\/10\/Accion-Coyhaique-1-1-450x253.jpeg 450w, https:\/\/radiorevelacionfm.cl\/wp-content\/uploads\/2024\/10\/Accion-Coyhaique-1-1-600x337.jpeg 600w\" sizes=\"(max-width: 1067px) 100vw, 1067px\" \/><\/div><\/div><\/div><\/div><div class=\"flex_column av_one_full  flex_column_div av-zero-column-padding first  avia-builder-el-2  el_after_av_one_full  el_before_av_one_full  column-top-margin\" style='border-radius:0px; '><section class=\"av_textblock_section \"  itemscope=\"itemscope\" itemtype=\"https:\/\/schema.org\/BlogPosting\" itemprop=\"blogPost\" ><div class='avia_textblock  '   itemprop=\"text\" ><p style=\"text-align: center;\"><strong><span style=\"font-size: 18pt;\">En Coyhaique: 82 familias con personas cuidadoras fortalecen sus habilidades para la vida<\/span><\/strong><\/p>\n<div id=\"gtx-trans\" style=\"position: absolute; left: -50px; top: 4.31534px;\">\n<div class=\"gtx-trans-icon\"><\/div>\n<\/div>\n<\/div><\/section><\/div><div class=\"flex_column av_one_full  flex_column_div av-zero-column-padding first  avia-builder-el-4  el_after_av_one_full  el_before_av_hr  column-top-margin\" style='border-radius:0px; '><section class=\"av_textblock_section \"  itemscope=\"itemscope\" itemtype=\"https:\/\/schema.org\/BlogPosting\" itemprop=\"blogPost\" ><div class='avia_textblock  '   itemprop=\"text\" ><p style=\"text-align: justify;\"><em>El programa Acci\u00f3n del FOSIS interviene a familias integradas por ni\u00f1os, ni\u00f1as y adolescentes con discapacidad cognitiva o neurodivergentes. La instancia contempla talleres para desarrollar y financiar planes de trabajo familiares.<\/em><\/p>\n<p style=\"text-align: justify;\">En la Sede de la ANECAP se llev\u00f3 a cabo la primera sesi\u00f3n grupal del programa Acci\u00f3n, financiado por el Fondo de Solidaridad e Inversi\u00f3n Social, FOSIS, donde las familias usuarias recibieron su cuaderno para el hogar de manos de la seremi de Desarrollo Social y Familia, Karina Acevedo y la directora regional del FOSIS, Fernanda Leiva.<\/p>\n<p style=\"text-align: justify;\">Las 82 familias usuarias est\u00e1n participando en talleres que abordan tem\u00e1ticas como autoconocimiento, empat\u00eda, comunicaci\u00f3n asertiva, comunicaciones interpersonales, manejo de emociones, manejo del estr\u00e9s, capacidad para la toma de decisiones y resoluci\u00f3n de conflictos.<\/p>\n<p style=\"text-align: justify;\">Ang\u00e9lica Zapata, usuaria del programa Acci\u00f3n, es madre y cuidadora de un adolescente con par\u00e1lisis cerebral de la Escuela Espa\u00f1a. \u201cSe agradece al Gobierno que nos hayan tomado en cuenta porque, en realidad, nosotras nos sent\u00edamos muy abandonadas, somos mam\u00e1s que estamos al 100% los 365 d\u00edas del a\u00f1o pendientes de nuestros hijos. Se agradecen estos talleres donde uno espera a futuro tambi\u00e9n poder aprender de las otras mam\u00e1s. Esperar que logremos hartas cosas y feliz que nos hayan considerado en este programa\u201d.<\/p>\n<p style=\"text-align: justify;\">La seremi de Desarrollo Social y Familia, Karina Acevedo, enfatiz\u00f3 que \u201cdesde el inicio del Gobierno el presidente tuvo un compromiso f\u00e9rreo con una agrupaci\u00f3n de mujeres cuidadoras. Desde ese momento se empez\u00f3 a dise\u00f1ar desde el Ministerio el programa Chile Cuida. Para poder desarrollar este plan cada instituci\u00f3n est\u00e1 aportando desde sus programas para poder colaborar en esta ayuda a quienes cumplen labores de cuidado. Hoy FOSIS est\u00e1 trabajando con familias en la parentalidad, el cuidado, el entender el rol del cuidado con qui\u00e9nes tienen dentro de su hogar a personas neurodivergentes\u201d.<\/p>\n<p style=\"text-align: justify;\">Fernanda Leiva, directora regional del FOSIS en Ays\u00e9n, asegur\u00f3 que \u00abnuestro programa est\u00e1 entregando herramientas para la vida a trav\u00e9s de un proceso de formaci\u00f3n y de trabajo grupal y tambi\u00e9n individual, con cada una de las familias para poder apoyar en las habilidades que se requieren para la crianza y los cuidados. En este programa en particular hemos dado un enfoque importante tambi\u00e9n en el marco del Sistema Nacional de Cuidados a personas, madres, padres, cuidadores y a las familias que requieren un apoyo extra de parte del Estado\u201d.<\/p>\n<p style=\"text-align: justify;\">El programa Acci\u00f3n busca desarrollar habilidades para la vida, enfocadas en las relaciones al interior de los hogares y entre los hogares que viven en una comunidad, a trav\u00e9s de la ejecuci\u00f3n de planes de trabajo familiares, donde recibir\u00e1n un financiamiento para su realizaci\u00f3n.<\/p>\n<\/div><\/section><\/div><div  style='height:50px' class='hr hr-invisible   avia-builder-el-6  el_after_av_one_full  el_before_av_social_share '><span class='hr-inner ' ><span class='hr-inner-style'><\/span><\/span><\/div><\/p>\n<div  class='av-social-sharing-box  avia-builder-el-7  el_after_av_hr  el_before_av_hr  '><div class='av-share-box'><h5 class='av-share-link-description av-no-toc '>Compartir esta noticia<\/h5><ul class='av-share-box-list noLightbox'><li class='av-share-link av-social-link-facebook' ><a target=\"_blank\" aria-label=\"Compartir en Facebook\" href='https:\/\/www.facebook.com\/sharer.php?u=https:\/\/radiorevelacionfm.cl\/?p=47371&#038;t=En%20Coyhaique%3A%2082%20familias%20con%20personas%20cuidadoras%20fortalecen%20sus%20habilidades%20para%20la%20vida' aria-hidden='false' data-av_icon='\ue8f3' data-av_iconfont='entypo-fontello' title='' data-avia-related-tooltip='Compartir en Facebook' rel=\"noopener\"><span class='avia_hidden_link_text'>Compartir en Facebook<\/span><\/a><\/li><li class='av-share-link av-social-link-twitter' ><a target=\"_blank\" aria-label=\"Compartir en Twitter\" href='https:\/\/twitter.com\/share?text=En%20Coyhaique%3A%2082%20familias%20con%20personas%20cuidadoras%20fortalecen%20sus%20habilidades%20para%20la%20vida&#038;url=https:\/\/radiorevelacionfm.cl\/?p=47371' aria-hidden='false' data-av_icon='\ue8f1' data-av_iconfont='entypo-fontello' title='' data-avia-related-tooltip='Compartir en Twitter' rel=\"noopener\"><span class='avia_hidden_link_text'>Compartir en Twitter<\/span><\/a><\/li><li class='av-share-link av-social-link-whatsapp' ><a target=\"_blank\" aria-label=\"Compartir en Whatsapp\" href='https:\/\/api.whatsapp.com\/send?text=https:\/\/radiorevelacionfm.cl\/?p=47371' aria-hidden='false' data-av_icon='\uf232' data-av_iconfont='entypo-fontello' title='' data-avia-related-tooltip='Compartir en Whatsapp' rel=\"noopener\"><span class='avia_hidden_link_text'>Compartir en Whatsapp<\/span><\/a><\/li><li class='av-share-link av-social-link-linkedin' ><a target=\"_blank\" aria-label=\"Compartir en LinkedIn\" href='https:\/\/linkedin.com\/shareArticle?mini=true&#038;title=En%20Coyhaique%3A%2082%20familias%20con%20personas%20cuidadoras%20fortalecen%20sus%20habilidades%20para%20la%20vida&#038;url=https:\/\/radiorevelacionfm.cl\/?p=47371' aria-hidden='false' data-av_icon='\ue8fc' data-av_iconfont='entypo-fontello' title='' data-avia-related-tooltip='Compartir en LinkedIn' rel=\"noopener\"><span class='avia_hidden_link_text'>Compartir en LinkedIn<\/span><\/a><\/li><li class='av-share-link av-social-link-mail' ><a  aria-label=\"Compartir por correo\" href='mailto:?subject=En%20Coyhaique%3A%2082%20familias%20con%20personas%20cuidadoras%20fortalecen%20sus%20habilidades%20para%20la%20vida&#038;body=https:\/\/radiorevelacionfm.cl\/?p=47371' aria-hidden='false' data-av_icon='\ue805' data-av_iconfont='entypo-fontello' title='' data-avia-related-tooltip='Compartir por correo'><span class='avia_hidden_link_text'>Compartir por correo<\/span><\/a><\/li><\/ul><\/div><\/div>\n<div  style='height:50px' class='hr hr-invisible   avia-builder-el-8  el_after_av_social_share  el_before_av_comments_list '><span class='hr-inner ' ><span class='hr-inner-style'><\/span><\/span><\/div>\n<div  class='av-buildercomment  av-blog-meta-html-info-disabled av-blog-meta-tag-disabled  '><\/div>\n","protected":false},"excerpt":{"rendered":"","protected":false},"author":1,"featured_media":47372,"comment_status":"open","ping_status":"open","sticky":false,"template":"","format":"standard","meta":{"footnotes":""},"categories":[38],"tags":[],"class_list":["post-47371","post","type-post","status-publish","format-standard","has-post-thumbnail","hentry","category-regional"],"jetpack_featured_media_url":"https:\/\/radiorevelacionfm.cl\/wp-content\/uploads\/2024\/10\/Accion-Coyhaique-1-1.jpeg","_links":{"self":[{"href":"https:\/\/radiorevelacionfm.cl\/index.php?rest_route=\/wp\/v2\/posts\/47371","targetHints":{"allow":["GET"]}}],"collection":[{"href":"https:\/\/radiorevelacionfm.cl\/index.php?rest_route=\/wp\/v2\/posts"}],"about":[{"href":"https:\/\/radiorevelacionfm.cl\/index.php?rest_route=\/wp\/v2\/types\/post"}],"author":[{"embeddable":true,"href":"https:\/\/radiorevelacionfm.cl\/index.php?rest_route=\/wp\/v2\/users\/1"}],"replies":[{"embeddable":true,"href":"https:\/\/radiorevelacionfm.cl\/index.php?rest_route=%2Fwp%2Fv2%2Fcomments&post=47371"}],"version-history":[{"count":1,"href":"https:\/\/radiorevelacionfm.cl\/index.php?rest_route=\/wp\/v2\/posts\/47371\/revisions"}],"predecessor-version":[{"id":47373,"href":"https:\/\/radiorevelacionfm.cl\/index.php?rest_route=\/wp\/v2\/posts\/47371\/revisions\/47373"}],"wp:featuredmedia":[{"embeddable":true,"href":"https:\/\/radiorevelacionfm.cl\/index.php?rest_route=\/wp\/v2\/media\/47372"}],"wp:attachment":[{"href":"https:\/\/radiorevelacionfm.cl\/index.php?rest_route=%2Fwp%2Fv2%2Fmedia&parent=47371"}],"wp:term":[{"taxonomy":"category","embeddable":true,"href":"https:\/\/radiorevelacionfm.cl\/index.php?rest_route=%2Fwp%2Fv2%2Fcategories&post=47371"},{"taxonomy":"post_tag","embeddable":true,"href":"https:\/\/radiorevelacionfm.cl\/index.php?rest_route=%2Fwp%2Fv2%2Ftags&post=47371"}],"curies":[{"name":"wp","href":"https:\/\/api.w.org\/{rel}","templated":true}]}}