{"id":47365,"date":"2024-10-23T19:03:20","date_gmt":"2024-10-23T22:03:20","guid":{"rendered":"https:\/\/radiorevelacionfm.cl\/?p=47365"},"modified":"2024-10-23T19:03:20","modified_gmt":"2024-10-23T22:03:20","slug":"comenzo-proceso-de-postulacion-a-salas-cuna-y-jardines-infantiles-de-fundacion-integra","status":"publish","type":"post","link":"https:\/\/radiorevelacionfm.cl\/?p=47365","title":{"rendered":"Comenz\u00f3 proceso de postulaci\u00f3n a Salas cuna y Jardines Infantiles de Fundaci\u00f3n Integra"},"content":{"rendered":"<div class=\"flex_column av_one_full  flex_column_div av-zero-column-padding first  avia-builder-el-0  el_before_av_one_full  avia-builder-el-first  \" style='border-radius:0px; '><div  class='avia-image-container  av-styling-    avia-builder-el-1  avia-builder-el-no-sibling  avia-align-center '  itemprop=\"image\" itemscope=\"itemscope\" itemtype=\"https:\/\/schema.org\/ImageObject\"  ><div class='avia-image-container-inner'><div class='avia-image-overlay-wrap'><img decoding=\"async\" class='wp-image-47366 avia-img-lazy-loading-not-47366 avia_image' src=\"https:\/\/radiorevelacionfm.cl\/wp-content\/uploads\/2024\/10\/3-10-1-1-1.jpg\" alt='' title='3 (10) (1) (1) (1)' height=\"600\" width=\"926\"  itemprop=\"thumbnailUrl\" srcset=\"https:\/\/radiorevelacionfm.cl\/wp-content\/uploads\/2024\/10\/3-10-1-1-1.jpg 926w, https:\/\/radiorevelacionfm.cl\/wp-content\/uploads\/2024\/10\/3-10-1-1-1-300x194.jpg 300w, https:\/\/radiorevelacionfm.cl\/wp-content\/uploads\/2024\/10\/3-10-1-1-1-768x498.jpg 768w, https:\/\/radiorevelacionfm.cl\/wp-content\/uploads\/2024\/10\/3-10-1-1-1-705x457.jpg 705w, https:\/\/radiorevelacionfm.cl\/wp-content\/uploads\/2024\/10\/3-10-1-1-1-450x292.jpg 450w, https:\/\/radiorevelacionfm.cl\/wp-content\/uploads\/2024\/10\/3-10-1-1-1-600x389.jpg 600w\" sizes=\"(max-width: 926px) 100vw, 926px\" \/><\/div><\/div><\/div><\/div><div class=\"flex_column av_one_full  flex_column_div av-zero-column-padding first  avia-builder-el-2  el_after_av_one_full  el_before_av_one_full  column-top-margin\" style='border-radius:0px; '><section class=\"av_textblock_section \"  itemscope=\"itemscope\" itemtype=\"https:\/\/schema.org\/BlogPosting\" itemprop=\"blogPost\" ><div class='avia_textblock  '   itemprop=\"text\" ><p style=\"text-align: center;\"><strong><span style=\"font-size: 18pt;\">Comenz\u00f3 proceso de postulaci\u00f3n a Salas cuna y Jardines Infantiles de Fundaci\u00f3n Integra<\/span><\/strong><\/p>\n<div id=\"gtx-trans\" style=\"position: absolute; left: -50px; top: 4.31534px;\">\n<div class=\"gtx-trans-icon\"><\/div>\n<\/div>\n<\/div><\/section><\/div><div class=\"flex_column av_one_full  flex_column_div av-zero-column-padding first  avia-builder-el-4  el_after_av_one_full  el_before_av_hr  column-top-margin\" style='border-radius:0px; '><section class=\"av_textblock_section \"  itemscope=\"itemscope\" itemtype=\"https:\/\/schema.org\/BlogPosting\" itemprop=\"blogPost\" ><div class='avia_textblock  '   itemprop=\"text\" ><p style=\"font-weight: 400; text-align: justify;\">Fundaci\u00f3n Integra informa que el proceso de postulaci\u00f3n online a las salas cuna y jardines infantiles en todo Chile, se encuentra disponible en\u00a0<a href=\"http:\/\/www.integra.cl\/\" data-saferedirecturl=\"https:\/\/www.google.com\/url?q=http:\/\/www.integra.cl&amp;source=gmail&amp;ust=1729796146729000&amp;usg=AOvVaw13EzHAwvONQuBDjN2jdjTt\">www.integra.cl<\/a>\u00a0desde el lunes 21 de octubre hasta las 14:00 horas del 29 de noviembre, sitio al que se puede acceder desde tel\u00e9fonos celulares, computadores y otros dispositivos.<\/p>\n<p style=\"font-weight: 400; text-align: justify;\">El primer paso de postulaci\u00f3n es ingresar a la plataforma habilitada y presionar \u201cPostula aqu\u00ed\u201d, lo que desplegar\u00e1 la p\u00e1gina Postulaci\u00f3n 2025 para luego pinchar \u201cEntrar\u201d. Ac\u00e1, el sistema solicitar\u00e1 un correo electr\u00f3nico y contrase\u00f1a. Si es la primera vez que se realiza el proceso, hay que registrarse, pero quienes ya han postulado antes, pueden utilizar los datos de acceso registrados previamente.<\/p>\n<p style=\"font-weight: 400; text-align: justify;\">Luego, las familias deben seguir los pasos que indique el sistema e ingresar la informaci\u00f3n solicitada, por ejemplo, el RUN de la ni\u00f1a o ni\u00f1o. En el caso de las y los postulantes que no cuenten con este dato, la plataforma asignar\u00e1 un n\u00famero provisorio, s\u00f3lo v\u00e1lido para la postulaci\u00f3n.<\/p>\n<p style=\"font-weight: 400; text-align: justify;\">La directora regional de Fundaci\u00f3n Integra, Leticia Araya Norambuena fue enf\u00e1tica al se\u00f1alar que \u201csomos una instituci\u00f3n que entrega educaci\u00f3n p\u00fablica, gratuita y de calidad. Es en ese contexto que estamos invitando a la comunidad a que participe del proceso de Postulaci\u00f3n e inscriban a sus hijos e hijas a nuestros establecimientos ya que ah\u00ed aprenden, juegan, se divierten, comparten con otros, todo esto en un espacio que es privilegiado con adultos que los quieren y los cuidan\u201d.<\/p>\n<p style=\"font-weight: 400; text-align: justify;\">Durante el proceso las familias podr\u00e1n inscribirse en todos los establecimientos que estimen convenientes, considerando su cercan\u00eda al hogar, lugar de trabajo o proyecto educativo, entre otros factores. Tambi\u00e9n podr\u00e1n ordenar las salas cuna y jardines infantiles seg\u00fan su preferencia.<\/p>\n<p style=\"font-weight: 400; text-align: justify;\"><strong>\u00bfA QU\u00c9 NIVEL DEBE ASISTIR MI HIJA O HIJO SEG\u00daN SU EDAD?<\/strong><\/p>\n<ul style=\"text-align: justify;\">\n<li style=\"font-weight: 400;\">Sala Cuna Menor: 0 a 1 a\u00f1o.<\/li>\n<li style=\"font-weight: 400;\">Sala Cuna Mayor: 1 a 2 a\u00f1os (edad cumplida a marzo 2024, 1 a\u00f1o).<\/li>\n<li style=\"font-weight: 400;\">Nivel Medio Menor: 2 a 3 a\u00f1os (edad cumplida a marzo 2024, 2 a\u00f1os).<\/li>\n<li style=\"font-weight: 400;\">Nivel Medio Mayor: 3 a 4 a\u00f1os (edad cumplida a marzo 2024, 3 a\u00f1os).<\/li>\n<\/ul>\n<p style=\"font-weight: 400; text-align: justify;\">Quienes requieran mayor informaci\u00f3n sobre el proceso de postulaci\u00f3n, pueden consultar en el sitio web\u00a0<a href=\"http:\/\/www.integra.cl\/\" data-saferedirecturl=\"https:\/\/www.google.com\/url?q=http:\/\/www.integra.cl&amp;source=gmail&amp;ust=1729796146729000&amp;usg=AOvVaw13EzHAwvONQuBDjN2jdjTt\">www.integra.cl<\/a>, al servicio de atenci\u00f3n telef\u00f3nica 800 540 011 o las redes sociales de Integra.<\/p>\n<p style=\"font-weight: 400; text-align: justify;\">Por \u00faltimo, es clave que las familias finalicen el proceso de postulaci\u00f3n una vez iniciado. Adem\u00e1s, si bien la fecha en que se realiza la postulaci\u00f3n no incide en el resultado de la misma, el llamado es a no esperar hasta el \u00faltimo momento para ingresar a la plataforma.<\/p>\n<p style=\"font-weight: 400; text-align: justify;\">La directora del Jard\u00edn Infantil y Sala Cuna \u201cLos Chilcos\u201d destaca que \u201cen nuestros jardines infantiles los ni\u00f1os aprenden a compartir, a hacer amigos, a ser aut\u00f3nomos, a trabajar en equipo, aprenden habilidades para la vida que es lo m\u00e1s importante para esta edad\u201d.<\/p>\n<p style=\"font-weight: 400; text-align: justify;\">Por su parte, Mar\u00eda Jos\u00e9 Bustos, directora del Jard\u00edn Infantil \u201cGotitas de Lluvia\u201d refuerza que el trabajo que ellas realizan debe ser acompa\u00f1ado ya que \u201clas familias son el primer educador y nosotros (equipos educativos) somos un complemento en los aprendizajes de los ni\u00f1os y ni\u00f1as, por lo que se hace fundamental que este trabajo sea colaborativo para alcanzar los objetivos y metas que nos proponemos\u201d.<\/p>\n<p style=\"font-weight: 400; text-align: justify;\">Fundaci\u00f3n Integra, con 34 a\u00f1os de experiencia y m\u00e1s de 1.200 salas cuna y jardines infantiles gratuitos en todo el pa\u00eds, trabaja para que ni\u00f1as y ni\u00f1os alcancen su desarrollo pleno, bienestar integral y aprendizajes significativos, a trav\u00e9s de su protagonismo en espacios educativos amorosos, inclusivos, diversos y de calidad.<\/p>\n<\/div><\/section><\/div><div  style='height:50px' class='hr hr-invisible   avia-builder-el-6  el_after_av_one_full  el_before_av_social_share '><span class='hr-inner ' ><span class='hr-inner-style'><\/span><\/span><\/div><\/p>\n<div  class='av-social-sharing-box  avia-builder-el-7  el_after_av_hr  el_before_av_hr  '><div class='av-share-box'><h5 class='av-share-link-description av-no-toc '>Compartir esta noticia<\/h5><ul class='av-share-box-list noLightbox'><li class='av-share-link av-social-link-facebook' ><a target=\"_blank\" aria-label=\"Compartir en Facebook\" href='https:\/\/www.facebook.com\/sharer.php?u=https:\/\/radiorevelacionfm.cl\/?p=47365&#038;t=Comenz%C3%B3%20proceso%20de%20postulaci%C3%B3n%20a%20Salas%20cuna%20y%20Jardines%20Infantiles%20de%20Fundaci%C3%B3n%20Integra' aria-hidden='false' data-av_icon='\ue8f3' data-av_iconfont='entypo-fontello' title='' data-avia-related-tooltip='Compartir en Facebook' rel=\"noopener\"><span class='avia_hidden_link_text'>Compartir en Facebook<\/span><\/a><\/li><li class='av-share-link av-social-link-twitter' ><a target=\"_blank\" aria-label=\"Compartir en Twitter\" href='https:\/\/twitter.com\/share?text=Comenz%C3%B3%20proceso%20de%20postulaci%C3%B3n%20a%20Salas%20cuna%20y%20Jardines%20Infantiles%20de%20Fundaci%C3%B3n%20Integra&#038;url=https:\/\/radiorevelacionfm.cl\/?p=47365' aria-hidden='false' data-av_icon='\ue8f1' data-av_iconfont='entypo-fontello' title='' data-avia-related-tooltip='Compartir en Twitter' rel=\"noopener\"><span class='avia_hidden_link_text'>Compartir en Twitter<\/span><\/a><\/li><li class='av-share-link av-social-link-whatsapp' ><a target=\"_blank\" aria-label=\"Compartir en Whatsapp\" href='https:\/\/api.whatsapp.com\/send?text=https:\/\/radiorevelacionfm.cl\/?p=47365' aria-hidden='false' data-av_icon='\uf232' data-av_iconfont='entypo-fontello' title='' data-avia-related-tooltip='Compartir en Whatsapp' rel=\"noopener\"><span class='avia_hidden_link_text'>Compartir en Whatsapp<\/span><\/a><\/li><li class='av-share-link av-social-link-linkedin' ><a target=\"_blank\" aria-label=\"Compartir en LinkedIn\" href='https:\/\/linkedin.com\/shareArticle?mini=true&#038;title=Comenz%C3%B3%20proceso%20de%20postulaci%C3%B3n%20a%20Salas%20cuna%20y%20Jardines%20Infantiles%20de%20Fundaci%C3%B3n%20Integra&#038;url=https:\/\/radiorevelacionfm.cl\/?p=47365' aria-hidden='false' data-av_icon='\ue8fc' data-av_iconfont='entypo-fontello' title='' data-avia-related-tooltip='Compartir en LinkedIn' rel=\"noopener\"><span class='avia_hidden_link_text'>Compartir en LinkedIn<\/span><\/a><\/li><li class='av-share-link av-social-link-mail' ><a  aria-label=\"Compartir por correo\" href='mailto:?subject=Comenz%C3%B3%20proceso%20de%20postulaci%C3%B3n%20a%20Salas%20cuna%20y%20Jardines%20Infantiles%20de%20Fundaci%C3%B3n%20Integra&#038;body=https:\/\/radiorevelacionfm.cl\/?p=47365' aria-hidden='false' data-av_icon='\ue805' data-av_iconfont='entypo-fontello' title='' data-avia-related-tooltip='Compartir por correo'><span class='avia_hidden_link_text'>Compartir por correo<\/span><\/a><\/li><\/ul><\/div><\/div>\n<div  style='height:50px' class='hr hr-invisible   avia-builder-el-8  el_after_av_social_share  el_before_av_comments_list '><span class='hr-inner ' ><span class='hr-inner-style'><\/span><\/span><\/div>\n<div  class='av-buildercomment  av-blog-meta-html-info-disabled av-blog-meta-tag-disabled  '><\/div>\n","protected":false},"excerpt":{"rendered":"","protected":false},"author":1,"featured_media":47366,"comment_status":"open","ping_status":"open","sticky":false,"template":"","format":"standard","meta":{"footnotes":""},"categories":[49],"tags":[],"class_list":["post-47365","post","type-post","status-publish","format-standard","has-post-thumbnail","hentry","category-educacion"],"jetpack_featured_media_url":"https:\/\/radiorevelacionfm.cl\/wp-content\/uploads\/2024\/10\/3-10-1-1-1.jpg","_links":{"self":[{"href":"https:\/\/radiorevelacionfm.cl\/index.php?rest_route=\/wp\/v2\/posts\/47365","targetHints":{"allow":["GET"]}}],"collection":[{"href":"https:\/\/radiorevelacionfm.cl\/index.php?rest_route=\/wp\/v2\/posts"}],"about":[{"href":"https:\/\/radiorevelacionfm.cl\/index.php?rest_route=\/wp\/v2\/types\/post"}],"author":[{"embeddable":true,"href":"https:\/\/radiorevelacionfm.cl\/index.php?rest_route=\/wp\/v2\/users\/1"}],"replies":[{"embeddable":true,"href":"https:\/\/radiorevelacionfm.cl\/index.php?rest_route=%2Fwp%2Fv2%2Fcomments&post=47365"}],"version-history":[{"count":1,"href":"https:\/\/radiorevelacionfm.cl\/index.php?rest_route=\/wp\/v2\/posts\/47365\/revisions"}],"predecessor-version":[{"id":47367,"href":"https:\/\/radiorevelacionfm.cl\/index.php?rest_route=\/wp\/v2\/posts\/47365\/revisions\/47367"}],"wp:featuredmedia":[{"embeddable":true,"href":"https:\/\/radiorevelacionfm.cl\/index.php?rest_route=\/wp\/v2\/media\/47366"}],"wp:attachment":[{"href":"https:\/\/radiorevelacionfm.cl\/index.php?rest_route=%2Fwp%2Fv2%2Fmedia&parent=47365"}],"wp:term":[{"taxonomy":"category","embeddable":true,"href":"https:\/\/radiorevelacionfm.cl\/index.php?rest_route=%2Fwp%2Fv2%2Fcategories&post=47365"},{"taxonomy":"post_tag","embeddable":true,"href":"https:\/\/radiorevelacionfm.cl\/index.php?rest_route=%2Fwp%2Fv2%2Ftags&post=47365"}],"curies":[{"name":"wp","href":"https:\/\/api.w.org\/{rel}","templated":true}]}}