{"id":47362,"date":"2024-10-23T17:53:48","date_gmt":"2024-10-23T20:53:48","guid":{"rendered":"https:\/\/radiorevelacionfm.cl\/?p=47362"},"modified":"2024-10-23T17:53:48","modified_gmt":"2024-10-23T20:53:48","slug":"presidente-de-la-corte-de-coyhaique-realizo-visita-a-tribunales-de-la-zona-sur-y-apoyo-itinerancia-del-juzgado-de-chile-chico","status":"publish","type":"post","link":"https:\/\/radiorevelacionfm.cl\/?p=47362","title":{"rendered":"Presidente de la Corte de Coyhaique realiz\u00f3 visita a tribunales de la zona sur y apoy\u00f3 itinerancia del Juzgado de Chile Chico"},"content":{"rendered":"<div class=\"flex_column av_one_full  flex_column_div av-zero-column-padding first  avia-builder-el-0  el_before_av_one_full  avia-builder-el-first  \" style='border-radius:0px; '><div  class='avia-image-container  av-styling-    avia-builder-el-1  avia-builder-el-no-sibling  avia-align-center '  itemprop=\"image\" itemscope=\"itemscope\" itemtype=\"https:\/\/schema.org\/ImageObject\"  ><div class='avia-image-container-inner'><div class='avia-image-overlay-wrap'><img decoding=\"async\" class='wp-image-47363 avia-img-lazy-loading-not-47363 avia_image' src=\"https:\/\/radiorevelacionfm.cl\/wp-content\/uploads\/2024\/10\/foto-rio-leones-reunion-1_optimized-1.jpg\" alt='' title='foto-rio-leones-reunion-(1)_optimized (1)' height=\"600\" width=\"900\"  itemprop=\"thumbnailUrl\" srcset=\"https:\/\/radiorevelacionfm.cl\/wp-content\/uploads\/2024\/10\/foto-rio-leones-reunion-1_optimized-1.jpg 900w, https:\/\/radiorevelacionfm.cl\/wp-content\/uploads\/2024\/10\/foto-rio-leones-reunion-1_optimized-1-300x200.jpg 300w, https:\/\/radiorevelacionfm.cl\/wp-content\/uploads\/2024\/10\/foto-rio-leones-reunion-1_optimized-1-768x512.jpg 768w, https:\/\/radiorevelacionfm.cl\/wp-content\/uploads\/2024\/10\/foto-rio-leones-reunion-1_optimized-1-705x470.jpg 705w, https:\/\/radiorevelacionfm.cl\/wp-content\/uploads\/2024\/10\/foto-rio-leones-reunion-1_optimized-1-450x300.jpg 450w, https:\/\/radiorevelacionfm.cl\/wp-content\/uploads\/2024\/10\/foto-rio-leones-reunion-1_optimized-1-600x400.jpg 600w\" sizes=\"(max-width: 900px) 100vw, 900px\" \/><\/div><\/div><\/div><\/div><div class=\"flex_column av_one_full  flex_column_div av-zero-column-padding first  avia-builder-el-2  el_after_av_one_full  el_before_av_one_full  column-top-margin\" style='border-radius:0px; '><section class=\"av_textblock_section \"  itemscope=\"itemscope\" itemtype=\"https:\/\/schema.org\/BlogPosting\" itemprop=\"blogPost\" ><div class='avia_textblock  '   itemprop=\"text\" ><p style=\"text-align: center;\"><span style=\"font-size: 18pt;\"><b>Presidente de la Corte de Coyhaique realiz\u00f3 visita a tribunales de la zona sur y apoy\u00f3 itinerancia del Juzgado de Chile Chico\u00a0<\/b><\/span><\/p>\n<div id=\"gtx-trans\" style=\"position: absolute; left: -50px; top: 4.31534px;\">\n<div class=\"gtx-trans-icon\"><\/div>\n<\/div>\n<\/div><\/section><\/div><div class=\"flex_column av_one_full  flex_column_div av-zero-column-padding first  avia-builder-el-4  el_after_av_one_full  el_before_av_hr  column-top-margin\" style='border-radius:0px; '><section class=\"av_textblock_section \"  itemscope=\"itemscope\" itemtype=\"https:\/\/schema.org\/BlogPosting\" itemprop=\"blogPost\" ><div class='avia_textblock  '   itemprop=\"text\" ><p class=\"v1MsoNormal\" style=\"text-align: justify;\">Entre el lunes 14 y el viernes 18 de octubre, el presidente de la Corte de Apelaciones de Coyhaique, ministro Luis Aedo Mora, realiz\u00f3 su visita anual a los juzgados de Cochrane y Chile Chico, para conocer en terreno la realidad jurisdiccional de estos tribunales y sostener reuniones respecto del funcionamiento de los juzgados de polic\u00eda local, notar\u00edas y conservadores y los centros penitenciarios de ambas comunidades.<\/p>\n<p class=\"v1MsoNormal\" style=\"text-align: justify;\">\u00abPudimos tomar contacto directo con los magistrados y equipos de trabajo de los juzgados Letras, Garant\u00eda, Familia y tambi\u00e9n laboral, tanto de Cochrane como de Chile Chico. Partiendo por la comuna m\u00e1s austral donde pudimos no solo revisar el trabajo que ya se desarrolla, sino tambi\u00e9n capturar a trav\u00e9s de las audiencias de rigor con los funcionarios, y con la magistrada subrogante do\u00f1a Luisa Cornejo, las inquietudes y necesidades que ellos experimentan. Seguidamente nos desplazamos a Chile Chico donde pudimos participar de la visita realizada el d\u00eda mi\u00e9rcoles de la presente semana donde nos recibi\u00f3 Guillermo Frene como magistrado titular y su equipo de trabajo\u00bb, expres\u00f3 el presidente de la Corte de Apelaciones.<\/p>\n<p class=\"v1MsoNormal\" style=\"text-align: justify;\">El ministro agreg\u00f3 que \u00abquiero resaltar de manera muy significativa el esfuerzo, el compromiso de los equipos de trabajo de cada uno de los juzgados, lo cual refleja que est\u00e1n en un muy buen pie de desarrollo de sus labores, lo cual nos deja tranquilos tambi\u00e9n. No quiero olvidar que estuvimos visitando los juzgados de Polic\u00eda Local de Cochrane y de Chile Chico, los respectivos notarios conservadores de ambas localidades, as\u00ed como tambi\u00e9n las distintas unidades policiales, tanto las comisar\u00edas en las cabeceras de provincia de Chile Chico y los retenes de las localidades m\u00e1s peque\u00f1as\u00bb.<\/p>\n<p class=\"v1MsoNormal\" style=\"text-align: justify;\">\u00abFinalmente nos relacionamos tambi\u00e9n con los respectivos alcaides en los centros de detenci\u00f3n preventiva de Cochrane y Chile Chico, lo cual nos permiti\u00f3 adentrarnos acerca de las necesidades e inquietudes que ellos presentaban\u00bb, sostuvo el presidente.<\/p>\n<p class=\"v1MsoNormal\" style=\"text-align: justify;\">Por su parte, la magistrada Luisa Cornejo Jara, del Juzgado de Letras, Garant\u00eda y Familia de Cochrane, indic\u00f3 que \u00abla visita anual del ministro es esencial para nosotros como tribunal. Primero, porque geogr\u00e1ficamente estamos muy alejados de Coyhaique y eso no significa que existan ciertas situaciones, incluso cotidianas, que de repente se cuesta m\u00e1s que se puedan ir disponiendo y por lo tanto es importante que puedan venir, ver la realidad de la jurisdicci\u00f3n, conocer el territorio y la realidad de nuestro justiciable\u00bb.<\/p>\n<p class=\"v1MsoNormal\" style=\"text-align: justify;\"><b>Mejoras en infraestructura<\/b><\/p>\n<p class=\"v1MsoNormal\" style=\"text-align: justify;\">En el contexto de la visita al Juzgado de Cochrane, el ministro Aedo pudo apreciar los trabajos de mejoras en la infraestructura del tribunal, al respecto la magistrada Luisa Cornejo, sostuvo que \u00ablas mejoras comenzaron el 24 de septiembre de este a\u00f1o y se espera que se trabaje durante dos meses para entregarnos una nueva disposici\u00f3n y una refacci\u00f3n al interior del tribunal. Ya se repararon todos los pisos, se va a cambiar el techo y adem\u00e1s la luminaria para que estemos todas m\u00e1s c\u00f3modas y c\u00f3modos, ya que inicialmente el tribunal estaba pensado para cierta cantidad de funcionarios y obviamente con el tiempo fuimos ampliando y ya no era amigable para quienes trabajamos ac\u00e1\u00bb.<\/p>\n<p class=\"v1MsoNormal\" style=\"text-align: justify;\"><b>Itinerancia Juzgado de Letras, Garant\u00eda y Familia de Chile Chico<\/b><\/p>\n<p class=\"v1MsoNormal\" style=\"text-align: justify;\">Durante la jornada del jueves 18 y viernes 19 de octubre, el juzgado de Chile Chico desarroll\u00f3 una itinerancia realizada en las localidades de Fachinal, Mall\u00edn Grande, Puerto Guadal, Puerto Bertrand y por primera vez en el sector R\u00edo Leones, con el objetivo de realizar audiencias en materia penal y familia, y responder dudas y consultas.<\/p>\n<p class=\"v1MsoNormal\" style=\"text-align: justify;\">Al respecto, el magistrado Guillermo Frene, expres\u00f3 que \u00abes primera vez que el tribunal se constituye en todas las comunidades simult\u00e1neamente como parte de la itinerancia, con el objetivo de conocer a las personas que viven en estas localidades, sus necesidades vinculadas a las actividades del tribunal y el sector justicia en general. Y adem\u00e1s, ha permitido la realizaci\u00f3n de audiencias presenciales con personas que usualmente concurren\u00a0 a trav\u00e9s de medios telem\u00e1ticos\u00bb.<\/p>\n<p class=\"v1MsoNormal\" style=\"text-align: justify;\">A\u00f1adi\u00f3 que: \u00abla regi\u00f3n de Ays\u00e9n en general y Chile Chico en particular, son zonas extremadamente aisladas, con dificultades de acceso, en donde las condiciones geogr\u00e1ficas y clim\u00e1ticas hacen que el acceso a la justicia est\u00e9 determinado por otros factores distintos a lo que se encuentran en el resto del pa\u00eds. Y desde esa perspectiva, la presencia del tribunal en estos lugares, junto con dar cercan\u00eda personal y presencial, le otorga informaci\u00f3n a las personas respecto de los factores de acceso y trabajo del \u00e1mbito judicial, del cual generalmente desconocen, dada la imposibilidad de acceder a las otras oportunidades de comunicaci\u00f3n que tienen los tribunales en lugares con mayor presencia de poblaci\u00f3n\u00bb.<\/p>\n<p class=\"v1MsoNormal\" style=\"text-align: justify;\">Jorge Carrasco Acu\u00f1a, fiscal (s) local de Chile Chico, manifest\u00f3 que: \u00abac\u00e1 en la Patagonia existe un gran problema que son las distancias entre las localidades y cuesta mucho que la gente se acerque a denunciar los hechos constitutivos de delito o bien hacer las consultas respectivas tanto la Corporaci\u00f3n de Asistencia Judicial o bien en los tribunales de justicia\u00bb.<\/p>\n<p class=\"v1MsoNormal\" style=\"text-align: justify;\">Por su parte, Alex Bollmann, defensor penal p\u00fablico expres\u00f3 que: \u00abpara la Defensor\u00eda es sumamente importante acercarnos a nuestros usuarios. De hecho, hemos desarrollado todo un sistema de call center para que nuestros representados tengan la mayor claridad y f\u00e1cil acceso a conocer qui\u00e9n es su defensor, pero claramente concurrir a las localidades m\u00e1s alejadas de nuestra jurisdicci\u00f3n es sumamente importante ya que nos permite tener un contacto directo con nuestros representados, m\u00e1s all\u00e1 de lo que se logra por o por plataforma o por zoom o por WhatsApp. Y en ese sentido, para la Defensor\u00eda Penal P\u00fablica es sumamente importante participar de la itinerancia del tribunal\u00bb.<\/p>\n<p class=\"v1MsoNormal\" style=\"text-align: justify;\">Una de las usuarias de la itinerancia, Denisse Bravo, indic\u00f3 que: \u00abquiero agradecer la iniciativa porque es una muy buena oportunidad para nosotros, las familias de Guadal, por el hecho de no tener que viajar hacia Chile Chico, y lo que implica en el ahorro de tiempo y recursos\u00bb.<\/p>\n<p class=\"v1MsoNormal\" style=\"text-align: justify;\"><b>Juzgado de Chile Chico visit\u00f3 la comunidad de R\u00edo Leones<\/b><\/p>\n<p class=\"v1MsoNormal\" style=\"text-align: justify;\">En la itinerancia y por primera vez, el juzgado e instituciones participantes llegaron al sector de R\u00edo Leones, ubicado en la Carretera Austral Sur, y que re\u00fane a alrededor de seis familias que viven en el sector. Todo con el objetivo de colaborar con las dudas y consultas de los vecinos.<\/p>\n<p class=\"v1MsoNormal\" style=\"text-align: justify;\">Cinthia Bellman, secretaria de la Junta de Vecinos del sector R\u00edo Leones, dijo que: \u00abhan llegado vecino con peticiones, con sus inquietudes y dudas que tenemos, porque uno siempre tiene dudas con respecto a lo judicial, a lo que es su divisi\u00f3n de terrenos o lo que significa servidumbres de paso o t\u00edpicos problemas que a veces uno se imagina que son tr\u00e1mites que se tienen que ir solamente a hacer a Chile Chico. Entonces, nos vinieron a informar de que tambi\u00e9n se puede hacer por v\u00eda online, entonces eso es igual de alentador para la gente de ac\u00e1, porque hay harta gente mayor que le cuesta trasladarse y la locomoci\u00f3n igual es bien dif\u00edcil\u00bb.<\/p>\n<p class=\"v1MsoNormal\" style=\"text-align: justify;\">Por su parte, Lidia Cer\u00f3n, habitante de este sector desde 1969, sostuvo que \u00abla actividad es\u00a0 muy buena, porque uno sale de varias dudas que tiene. Si uno como campesino a veces se instruye solamente por la televisi\u00f3n. Por lo menos ahora ya tenemos comunicaci\u00f3n v\u00eda tel\u00e9fono, pero la empresa no es tan buena por el problema que siempre estamos sin cobertura\u00bb.<\/p>\n<p class=\"v1MsoNormal\" style=\"text-align: justify;\">Finalmente, el presidente de la Corte de Apelaciones, ministro Luis Aedo Mora, dijo que: \u00abtuvimos la oportunidad de compartir con una comunidad peque\u00f1a, pero muy agradecida de la proximidad de las autoridades del orden judicial que pudieron escucharles, que pudieron tambi\u00e9n,\u00a0 motivar conversaciones con \u00f3rganos relacionados que acompa\u00f1aron en la gesti\u00f3n, particularmente la Defensor\u00eda, Fiscal\u00eda, el abogado de la Corporaci\u00f3n de Asistencia Judicial, Notario y Conservador que pudieron ir cooperando con la resoluci\u00f3n de consultas e inquietudes que ten\u00edan los habitantes de la zona\u00bb.<\/p>\n<\/div><\/section><\/div><div  style='height:50px' class='hr hr-invisible   avia-builder-el-6  el_after_av_one_full  el_before_av_social_share '><span class='hr-inner ' ><span class='hr-inner-style'><\/span><\/span><\/div><\/p>\n<div  class='av-social-sharing-box  avia-builder-el-7  el_after_av_hr  el_before_av_hr  '><div class='av-share-box'><h5 class='av-share-link-description av-no-toc '>Compartir esta noticia<\/h5><ul class='av-share-box-list noLightbox'><li class='av-share-link av-social-link-facebook' ><a target=\"_blank\" aria-label=\"Compartir en Facebook\" href='https:\/\/www.facebook.com\/sharer.php?u=https:\/\/radiorevelacionfm.cl\/?p=47362&#038;t=Presidente%20de%20la%20Corte%20de%20Coyhaique%20realiz%C3%B3%20visita%20a%20tribunales%20de%20la%20zona%20sur%20y%20apoy%C3%B3%20itinerancia%20del%20Juzgado%20de%20Chile%20Chico' aria-hidden='false' data-av_icon='\ue8f3' data-av_iconfont='entypo-fontello' title='' data-avia-related-tooltip='Compartir en Facebook' rel=\"noopener\"><span class='avia_hidden_link_text'>Compartir en Facebook<\/span><\/a><\/li><li class='av-share-link av-social-link-twitter' ><a target=\"_blank\" aria-label=\"Compartir en Twitter\" href='https:\/\/twitter.com\/share?text=Presidente%20de%20la%20Corte%20de%20Coyhaique%20realiz%C3%B3%20visita%20a%20tribunales%20de%20la%20zona%20sur%20y%20apoy%C3%B3%20itinerancia%20del%20Juzgado%20de%20Chile%20Chico&#038;url=https:\/\/radiorevelacionfm.cl\/?p=47362' aria-hidden='false' data-av_icon='\ue8f1' data-av_iconfont='entypo-fontello' title='' data-avia-related-tooltip='Compartir en Twitter' rel=\"noopener\"><span class='avia_hidden_link_text'>Compartir en Twitter<\/span><\/a><\/li><li class='av-share-link av-social-link-whatsapp' ><a target=\"_blank\" aria-label=\"Compartir en Whatsapp\" href='https:\/\/api.whatsapp.com\/send?text=https:\/\/radiorevelacionfm.cl\/?p=47362' aria-hidden='false' data-av_icon='\uf232' data-av_iconfont='entypo-fontello' title='' data-avia-related-tooltip='Compartir en Whatsapp' rel=\"noopener\"><span class='avia_hidden_link_text'>Compartir en Whatsapp<\/span><\/a><\/li><li class='av-share-link av-social-link-linkedin' ><a target=\"_blank\" aria-label=\"Compartir en LinkedIn\" href='https:\/\/linkedin.com\/shareArticle?mini=true&#038;title=Presidente%20de%20la%20Corte%20de%20Coyhaique%20realiz%C3%B3%20visita%20a%20tribunales%20de%20la%20zona%20sur%20y%20apoy%C3%B3%20itinerancia%20del%20Juzgado%20de%20Chile%20Chico&#038;url=https:\/\/radiorevelacionfm.cl\/?p=47362' aria-hidden='false' data-av_icon='\ue8fc' data-av_iconfont='entypo-fontello' title='' data-avia-related-tooltip='Compartir en LinkedIn' rel=\"noopener\"><span class='avia_hidden_link_text'>Compartir en LinkedIn<\/span><\/a><\/li><li class='av-share-link av-social-link-mail' ><a  aria-label=\"Compartir por correo\" href='mailto:?subject=Presidente%20de%20la%20Corte%20de%20Coyhaique%20realiz%C3%B3%20visita%20a%20tribunales%20de%20la%20zona%20sur%20y%20apoy%C3%B3%20itinerancia%20del%20Juzgado%20de%20Chile%20Chico&#038;body=https:\/\/radiorevelacionfm.cl\/?p=47362' aria-hidden='false' data-av_icon='\ue805' data-av_iconfont='entypo-fontello' title='' data-avia-related-tooltip='Compartir por correo'><span class='avia_hidden_link_text'>Compartir por correo<\/span><\/a><\/li><\/ul><\/div><\/div>\n<div  style='height:50px' class='hr hr-invisible   avia-builder-el-8  el_after_av_social_share  el_before_av_comments_list '><span class='hr-inner ' ><span class='hr-inner-style'><\/span><\/span><\/div>\n<div  class='av-buildercomment  av-blog-meta-html-info-disabled av-blog-meta-tag-disabled  '><\/div>\n","protected":false},"excerpt":{"rendered":"","protected":false},"author":1,"featured_media":47363,"comment_status":"open","ping_status":"open","sticky":false,"template":"","format":"standard","meta":{"footnotes":""},"categories":[55],"tags":[],"class_list":["post-47362","post","type-post","status-publish","format-standard","has-post-thumbnail","hentry","category-justicia"],"jetpack_featured_media_url":"https:\/\/radiorevelacionfm.cl\/wp-content\/uploads\/2024\/10\/foto-rio-leones-reunion-1_optimized-1.jpg","_links":{"self":[{"href":"https:\/\/radiorevelacionfm.cl\/index.php?rest_route=\/wp\/v2\/posts\/47362","targetHints":{"allow":["GET"]}}],"collection":[{"href":"https:\/\/radiorevelacionfm.cl\/index.php?rest_route=\/wp\/v2\/posts"}],"about":[{"href":"https:\/\/radiorevelacionfm.cl\/index.php?rest_route=\/wp\/v2\/types\/post"}],"author":[{"embeddable":true,"href":"https:\/\/radiorevelacionfm.cl\/index.php?rest_route=\/wp\/v2\/users\/1"}],"replies":[{"embeddable":true,"href":"https:\/\/radiorevelacionfm.cl\/index.php?rest_route=%2Fwp%2Fv2%2Fcomments&post=47362"}],"version-history":[{"count":1,"href":"https:\/\/radiorevelacionfm.cl\/index.php?rest_route=\/wp\/v2\/posts\/47362\/revisions"}],"predecessor-version":[{"id":47364,"href":"https:\/\/radiorevelacionfm.cl\/index.php?rest_route=\/wp\/v2\/posts\/47362\/revisions\/47364"}],"wp:featuredmedia":[{"embeddable":true,"href":"https:\/\/radiorevelacionfm.cl\/index.php?rest_route=\/wp\/v2\/media\/47363"}],"wp:attachment":[{"href":"https:\/\/radiorevelacionfm.cl\/index.php?rest_route=%2Fwp%2Fv2%2Fmedia&parent=47362"}],"wp:term":[{"taxonomy":"category","embeddable":true,"href":"https:\/\/radiorevelacionfm.cl\/index.php?rest_route=%2Fwp%2Fv2%2Fcategories&post=47362"},{"taxonomy":"post_tag","embeddable":true,"href":"https:\/\/radiorevelacionfm.cl\/index.php?rest_route=%2Fwp%2Fv2%2Ftags&post=47362"}],"curies":[{"name":"wp","href":"https:\/\/api.w.org\/{rel}","templated":true}]}}