{"id":47354,"date":"2024-10-23T14:45:37","date_gmt":"2024-10-23T17:45:37","guid":{"rendered":"https:\/\/radiorevelacionfm.cl\/?p=47354"},"modified":"2024-10-23T14:54:51","modified_gmt":"2024-10-23T17:54:51","slug":"declaran-alerta-amarilla-para-comuna-de-lago-verde-por-incendio-forestal","status":"publish","type":"post","link":"https:\/\/radiorevelacionfm.cl\/?p=47354","title":{"rendered":"Declaran Alerta Amarilla para comuna de Lago Verde por Incendio Forestal"},"content":{"rendered":"<div class=\"flex_column av_one_full  flex_column_div av-zero-column-padding first  avia-builder-el-0  el_before_av_one_full  avia-builder-el-first  \" style='border-radius:0px; '><div  class='avia-image-container  av-styling-    avia-builder-el-1  avia-builder-el-no-sibling  avia-align-center '  itemprop=\"image\" itemscope=\"itemscope\" itemtype=\"https:\/\/schema.org\/ImageObject\"  ><div class='avia-image-container-inner'><div class='avia-image-overlay-wrap'><img decoding=\"async\" class='wp-image-47355 avia-img-lazy-loading-not-47355 avia_image' src=\"https:\/\/radiorevelacionfm.cl\/wp-content\/uploads\/2024\/10\/Incedio-Forestal-La-Tapera-1-1.jpg\" alt='' title='Incedio Forestal La Tapera (1) (1)' height=\"600\" width=\"800\"  itemprop=\"thumbnailUrl\" srcset=\"https:\/\/radiorevelacionfm.cl\/wp-content\/uploads\/2024\/10\/Incedio-Forestal-La-Tapera-1-1.jpg 800w, https:\/\/radiorevelacionfm.cl\/wp-content\/uploads\/2024\/10\/Incedio-Forestal-La-Tapera-1-1-300x225.jpg 300w, https:\/\/radiorevelacionfm.cl\/wp-content\/uploads\/2024\/10\/Incedio-Forestal-La-Tapera-1-1-768x576.jpg 768w, https:\/\/radiorevelacionfm.cl\/wp-content\/uploads\/2024\/10\/Incedio-Forestal-La-Tapera-1-1-705x529.jpg 705w, https:\/\/radiorevelacionfm.cl\/wp-content\/uploads\/2024\/10\/Incedio-Forestal-La-Tapera-1-1-450x338.jpg 450w, https:\/\/radiorevelacionfm.cl\/wp-content\/uploads\/2024\/10\/Incedio-Forestal-La-Tapera-1-1-600x450.jpg 600w\" sizes=\"(max-width: 800px) 100vw, 800px\" \/><\/div><\/div><\/div><\/div>\n<div class=\"flex_column av_one_full  flex_column_div av-zero-column-padding first  avia-builder-el-2  el_after_av_one_full  el_before_av_one_full  column-top-margin\" style='border-radius:0px; '><section class=\"av_textblock_section \"  itemscope=\"itemscope\" itemtype=\"https:\/\/schema.org\/BlogPosting\" itemprop=\"blogPost\" ><div class='avia_textblock  '   itemprop=\"text\" ><p style=\"text-align: center;\"><strong><span style=\"font-size: 18pt;\">Declaran Alerta Amarilla para comuna de Lago Verde por Incendio Forestal <\/span><\/strong><\/p>\n<div id=\"gtx-trans\" style=\"position: absolute; left: -50px; top: 4.31534px;\">\n<div class=\"gtx-trans-icon\"><\/div>\n<\/div>\n<\/div><\/section><\/div>\n<div class=\"flex_column av_one_full  flex_column_div av-zero-column-padding first  avia-builder-el-4  el_after_av_one_full  el_before_av_hr  column-top-margin\" style='border-radius:0px; '><section class=\"av_textblock_section \"  itemscope=\"itemscope\" itemtype=\"https:\/\/schema.org\/BlogPosting\" itemprop=\"blogPost\" ><div class='avia_textblock  '   itemprop=\"text\" ><p style=\"text-align: justify;\">De acuerdo a lo informado por CONAF se activa Alerta Amarilla con cobertura en comuna de Lago Verde, por Incendio Forestal denominado \u00a8El Moro\u00a8, sector Las Torcazas camino a Villa La Tapera que, por su direcci\u00f3n y distancia, anticipa una proyecci\u00f3n y amenaza a personas, viviendas, los poblados y\/o infraestructura cr\u00edtica; Comportamiento extremo del fuego en incendio(s) en desarrollo, conforme a la ficha t\u00e9cnica de variable de comportamiento extremo de incendios.<\/p>\n<p style=\"text-align: justify;\">Por falta de recursos disponibles, ya sea en emergencias presentadas fuera del periodo operativo de las unidades de respuestas de CONAF (oto\u00f1o- invierno), o bien porque todos los recursos de la regi\u00f3n est\u00e1n siendo utilizados en las emergencias presentadas.<\/p>\n<p style=\"text-align: justify;\">En consideraci\u00f3n a estos antecedentes y en base a la informaci\u00f3n t\u00e9cnica proporcionada por CONAF, en coordinaci\u00f3n con la Delegaci\u00f3n Presidencial Regional de Ays\u00e9n, la Direcci\u00f3n Regional de SENAPRED declara Alerta Amarilla para la Comuna de Lago Verde por incendio forestal, vigente desde hoy y hasta que las condiciones del incendio as\u00ed lo ameriten. Con la declaraci\u00f3n de la Alerta Amarilla, se alistar\u00e1n escalonadamente los recursos necesarios, en apoyo\u00a0 adicional a lo ya desplegado por CONAF y el Sistema Regional de prevenci\u00f3n y Respuesta ante Desastres; para intervenir de acuerdo con la evoluci\u00f3n del evento, con el objeto de evitar que este crezca en extensi\u00f3n y severidad, minimizando los efectos negativos en las personas, sus bienes y el medio ambiente.<\/p>\n<p style=\"text-align: justify;\">Durante la ma\u00f1ana una fuerza de combate de 8 brigadistas m\u00e1s 1 t\u00e9cnico de CONAF, personal de SENAPRED con 3 funcionarios y Carabineros, se desplegaron en el lugar.<\/p>\n<\/div><\/section><\/div><div  style='height:50px' class='hr hr-invisible   avia-builder-el-6  el_after_av_one_full  el_before_av_social_share '><span class='hr-inner ' ><span class='hr-inner-style'><\/span><\/span><\/div><\/p>\n<div  class='av-social-sharing-box  avia-builder-el-7  el_after_av_hr  el_before_av_hr  '><div class='av-share-box'><h5 class='av-share-link-description av-no-toc '>Compartir esta noticia<\/h5><ul class='av-share-box-list noLightbox'><li class='av-share-link av-social-link-facebook' ><a target=\"_blank\" aria-label=\"Compartir en Facebook\" href='https:\/\/www.facebook.com\/sharer.php?u=https:\/\/radiorevelacionfm.cl\/?p=47354&#038;t=Declaran%20Alerta%20Amarilla%20para%20comuna%20de%20Lago%20Verde%20por%20Incendio%20Forestal' aria-hidden='false' data-av_icon='\ue8f3' data-av_iconfont='entypo-fontello' title='' data-avia-related-tooltip='Compartir en Facebook' rel=\"noopener\"><span class='avia_hidden_link_text'>Compartir en Facebook<\/span><\/a><\/li><li class='av-share-link av-social-link-twitter' ><a target=\"_blank\" aria-label=\"Compartir en Twitter\" href='https:\/\/twitter.com\/share?text=Declaran%20Alerta%20Amarilla%20para%20comuna%20de%20Lago%20Verde%20por%20Incendio%20Forestal&#038;url=https:\/\/radiorevelacionfm.cl\/?p=47354' aria-hidden='false' data-av_icon='\ue8f1' data-av_iconfont='entypo-fontello' title='' data-avia-related-tooltip='Compartir en Twitter' rel=\"noopener\"><span class='avia_hidden_link_text'>Compartir en Twitter<\/span><\/a><\/li><li class='av-share-link av-social-link-whatsapp' ><a target=\"_blank\" aria-label=\"Compartir en Whatsapp\" href='https:\/\/api.whatsapp.com\/send?text=https:\/\/radiorevelacionfm.cl\/?p=47354' aria-hidden='false' data-av_icon='\uf232' data-av_iconfont='entypo-fontello' title='' data-avia-related-tooltip='Compartir en Whatsapp' rel=\"noopener\"><span class='avia_hidden_link_text'>Compartir en Whatsapp<\/span><\/a><\/li><li class='av-share-link av-social-link-linkedin' ><a target=\"_blank\" aria-label=\"Compartir en LinkedIn\" href='https:\/\/linkedin.com\/shareArticle?mini=true&#038;title=Declaran%20Alerta%20Amarilla%20para%20comuna%20de%20Lago%20Verde%20por%20Incendio%20Forestal&#038;url=https:\/\/radiorevelacionfm.cl\/?p=47354' aria-hidden='false' data-av_icon='\ue8fc' data-av_iconfont='entypo-fontello' title='' data-avia-related-tooltip='Compartir en LinkedIn' rel=\"noopener\"><span class='avia_hidden_link_text'>Compartir en LinkedIn<\/span><\/a><\/li><li class='av-share-link av-social-link-mail' ><a  aria-label=\"Compartir por correo\" href='mailto:?subject=Declaran%20Alerta%20Amarilla%20para%20comuna%20de%20Lago%20Verde%20por%20Incendio%20Forestal&#038;body=https:\/\/radiorevelacionfm.cl\/?p=47354' aria-hidden='false' data-av_icon='\ue805' data-av_iconfont='entypo-fontello' title='' data-avia-related-tooltip='Compartir por correo'><span class='avia_hidden_link_text'>Compartir por correo<\/span><\/a><\/li><\/ul><\/div><\/div>\n<div  style='height:50px' class='hr hr-invisible   avia-builder-el-8  el_after_av_social_share  el_before_av_comments_list '><span class='hr-inner ' ><span class='hr-inner-style'><\/span><\/span><\/div>\n<div  class='av-buildercomment  av-blog-meta-html-info-disabled av-blog-meta-tag-disabled  '><\/div>\n","protected":false},"excerpt":{"rendered":"","protected":false},"author":1,"featured_media":47355,"comment_status":"open","ping_status":"open","sticky":false,"template":"","format":"standard","meta":{"footnotes":""},"categories":[38],"tags":[],"class_list":["post-47354","post","type-post","status-publish","format-standard","has-post-thumbnail","hentry","category-regional"],"jetpack_featured_media_url":"https:\/\/radiorevelacionfm.cl\/wp-content\/uploads\/2024\/10\/Incedio-Forestal-La-Tapera-1-1.jpg","_links":{"self":[{"href":"https:\/\/radiorevelacionfm.cl\/index.php?rest_route=\/wp\/v2\/posts\/47354","targetHints":{"allow":["GET"]}}],"collection":[{"href":"https:\/\/radiorevelacionfm.cl\/index.php?rest_route=\/wp\/v2\/posts"}],"about":[{"href":"https:\/\/radiorevelacionfm.cl\/index.php?rest_route=\/wp\/v2\/types\/post"}],"author":[{"embeddable":true,"href":"https:\/\/radiorevelacionfm.cl\/index.php?rest_route=\/wp\/v2\/users\/1"}],"replies":[{"embeddable":true,"href":"https:\/\/radiorevelacionfm.cl\/index.php?rest_route=%2Fwp%2Fv2%2Fcomments&post=47354"}],"version-history":[{"count":3,"href":"https:\/\/radiorevelacionfm.cl\/index.php?rest_route=\/wp\/v2\/posts\/47354\/revisions"}],"predecessor-version":[{"id":47358,"href":"https:\/\/radiorevelacionfm.cl\/index.php?rest_route=\/wp\/v2\/posts\/47354\/revisions\/47358"}],"wp:featuredmedia":[{"embeddable":true,"href":"https:\/\/radiorevelacionfm.cl\/index.php?rest_route=\/wp\/v2\/media\/47355"}],"wp:attachment":[{"href":"https:\/\/radiorevelacionfm.cl\/index.php?rest_route=%2Fwp%2Fv2%2Fmedia&parent=47354"}],"wp:term":[{"taxonomy":"category","embeddable":true,"href":"https:\/\/radiorevelacionfm.cl\/index.php?rest_route=%2Fwp%2Fv2%2Fcategories&post=47354"},{"taxonomy":"post_tag","embeddable":true,"href":"https:\/\/radiorevelacionfm.cl\/index.php?rest_route=%2Fwp%2Fv2%2Ftags&post=47354"}],"curies":[{"name":"wp","href":"https:\/\/api.w.org\/{rel}","templated":true}]}}