{"id":47341,"date":"2024-10-23T10:42:55","date_gmt":"2024-10-23T13:42:55","guid":{"rendered":"https:\/\/radiorevelacionfm.cl\/?p=47341"},"modified":"2024-10-23T10:42:55","modified_gmt":"2024-10-23T13:42:55","slug":"fotolibro-pone-en-valor-el-trabajo-de-mujeres-en-la-pesca-artesanal-de-aysen","status":"publish","type":"post","link":"https:\/\/radiorevelacionfm.cl\/?p=47341","title":{"rendered":"Fotolibro pone en valor el trabajo de mujeres en la pesca artesanal de Ays\u00e9n"},"content":{"rendered":"<div class=\"flex_column av_one_full  flex_column_div av-zero-column-padding first  avia-builder-el-0  el_before_av_one_full  avia-builder-el-first  \" style='border-radius:0px; '><div  class='avia-image-container  av-styling-    avia-builder-el-1  avia-builder-el-no-sibling  avia-align-center '  itemprop=\"image\" itemscope=\"itemscope\" itemtype=\"https:\/\/schema.org\/ImageObject\"  ><div class='avia-image-container-inner'><div class='avia-image-overlay-wrap'><img decoding=\"async\" class='wp-image-47342 avia-img-lazy-loading-not-47342 avia_image' src=\"https:\/\/radiorevelacionfm.cl\/wp-content\/uploads\/2024\/10\/PHOTO-2024-10-15-21-44-25-1-1.jpg\" alt='' title='PHOTO-2024-10-15-21-44-25 (1) (1)' height=\"600\" width=\"800\"  itemprop=\"thumbnailUrl\" srcset=\"https:\/\/radiorevelacionfm.cl\/wp-content\/uploads\/2024\/10\/PHOTO-2024-10-15-21-44-25-1-1.jpg 800w, https:\/\/radiorevelacionfm.cl\/wp-content\/uploads\/2024\/10\/PHOTO-2024-10-15-21-44-25-1-1-300x225.jpg 300w, https:\/\/radiorevelacionfm.cl\/wp-content\/uploads\/2024\/10\/PHOTO-2024-10-15-21-44-25-1-1-768x576.jpg 768w, https:\/\/radiorevelacionfm.cl\/wp-content\/uploads\/2024\/10\/PHOTO-2024-10-15-21-44-25-1-1-705x529.jpg 705w, https:\/\/radiorevelacionfm.cl\/wp-content\/uploads\/2024\/10\/PHOTO-2024-10-15-21-44-25-1-1-450x338.jpg 450w, https:\/\/radiorevelacionfm.cl\/wp-content\/uploads\/2024\/10\/PHOTO-2024-10-15-21-44-25-1-1-600x450.jpg 600w\" sizes=\"(max-width: 800px) 100vw, 800px\" \/><\/div><\/div><\/div><\/div><div class=\"flex_column av_one_full  flex_column_div av-zero-column-padding first  avia-builder-el-2  el_after_av_one_full  el_before_av_one_full  column-top-margin\" style='border-radius:0px; '><section class=\"av_textblock_section \"  itemscope=\"itemscope\" itemtype=\"https:\/\/schema.org\/BlogPosting\" itemprop=\"blogPost\" ><div class='avia_textblock  '   itemprop=\"text\" ><p style=\"text-align: center;\"><strong><span style=\"font-size: 18pt;\">Fotolibro pone en valor el trabajo de mujeres en la pesca artesanal de Ays\u00e9n<\/span><\/strong><\/p>\n<div id=\"gtx-trans\" style=\"position: absolute; left: -50px; top: 4.31534px;\">\n<div class=\"gtx-trans-icon\"><\/div>\n<\/div>\n<\/div><\/section><\/div><div class=\"flex_column av_one_full  flex_column_div av-zero-column-padding first  avia-builder-el-4  el_after_av_one_full  el_before_av_hr  column-top-margin\" style='border-radius:0px; '><section class=\"av_textblock_section \"  itemscope=\"itemscope\" itemtype=\"https:\/\/schema.org\/BlogPosting\" itemprop=\"blogPost\" ><div class='avia_textblock  '   itemprop=\"text\" ><p style=\"text-align: justify;\">\u201cEs muy importante para las mujeres y para la sociedad, el que se vea reflejado el esfuerzo a lo largo de los a\u00f1os de las mujeres que trabajan en el mar. Yo vine en esta oportunidad con mi hija, y es un orgullo, porque despu\u00e9s esto se va a traspasar a los nietos y van a ver reflejadas a sus abuelas en el libro\u201d, fueron las palabras de Lorena Hern\u00e1ndez, Asistente de Centro, quien desde hace 16 a\u00f1os se dedica a la pesca artesanal en Caleta Tortel, durante la ceremonia de lanzamiento del fotolibro denominado \u201cMujeres del Mar: Costas e Islas de la regi\u00f3n de Ays\u00e9n\u201d.<\/p>\n<p style=\"text-align: justify;\">Una iniciativa, que resalta el hist\u00f3rico rol de las mujeres en la pesca, sus relatos y vivencias en los diversos territorios, reflejados en sus rostros; es lo que representa esta iniciativa, que pone en valor la perspectiva de g\u00e9nero en el sector pesquero, destacando la importante contribuci\u00f3n de las mujeres pescadoras de la regi\u00f3n de Ays\u00e9n.<\/p>\n<p style=\"text-align: justify;\">Fotolibro que fue lanzado hace algunos d\u00edas, en la Biblioteca de Ays\u00e9n, instancia que congreg\u00f3 a diversas autoridades regionales, empresas del rubro pesquero, y lo m\u00e1s importante, la presencia de sus protagonistas, muchas de ellas que viajaron junto a sus familias desde las distintas latitudes para participar en este lanzamiento.<\/p>\n<p style=\"text-align: justify;\">\u201cHoy d\u00eda nos encontramos en el lanzamiento de este fotolibro que nos permite reconocer a todas esas mujeres que desde el rubro de la pesca han desarrollado este oficio por distintas generaciones, aportando al desarrollo local de nuestras comunidades y de nuestra regi\u00f3n. Entendemos que este espacio, ha estado reconocido hist\u00f3ricamente por la presencia de hombres, \u00a0y donde ellas han tenido un rol tremendamente importante. Es por eso que hoy d\u00eda, las quisimos acompa\u00f1arlas para reconocer el tremendo trabajo que hacen, potenciar la autonom\u00eda econ\u00f3mica y as\u00ed tambi\u00e9n, avanzar en romper con los c\u00edrculos de violencia\u00a0 de g\u00e9nero que sabemos existen en los diversos espacios\u201d, indic\u00f3 Isidora Gacit\u00faa Goles, Seremi de la Mujer y la Equidad de G\u00e9nero de la regi\u00f3n de Ays\u00e9n.<\/p>\n<p style=\"text-align: justify;\">Cabe destacar que las mujeres fotografiadas y entrevistadas, corresponden a las localidades de: Puerto Melinka y Repollal, Puerto Gala, Puerto Gaviota, Puerto Aguirre, Caleta Tortel, Puerto Ra\u00fal Mar\u00edn Balmaceda, Puerto Puyuhuapi, Puerto Cisnes, Puerto Ays\u00e9n y Puerto Chacabuco, 50 mujeres, dentro de un universo registrado de cerca de 828 mujeres pescadoras en Ays\u00e9n.<\/p>\n<p style=\"text-align: justify;\">Esta iniciativa se enmarca dentro de un convenio de colaboraci\u00f3n entre el Instituto de Fomento Pesquero (IFOP), la Subsecretar\u00eda de Pesca y Acuicultura (Subpesca) y la Mesa de trabajo p\u00fablico privada, para el desarrollo de mujeres en la pesca artesanal de la Regi\u00f3n de Ays\u00e9n; Iniciativa p\u00fablico &#8211; privada, que incorpora la perspectiva de g\u00e9nero dentro de las pol\u00edticas p\u00fablicas ligadas a la pesca y que se enmarca dentro de los PMG de G\u00e9nero, impulsados por la Seremi de la Mujer y la Equidad de G\u00e9nero.<\/p>\n<p style=\"text-align: justify;\">\u201cPara la subsecretar\u00eda de Pesca y Acuicultura, es vital el trabajo de la mujer en el litoral de nuestro pa\u00eds, espec\u00edficamente en la regi\u00f3n de Ays\u00e9n. Lo que busca nuestro gobierno, es visibilizar el trabajo de la mujer, quienes se han ligado siempre al mar, y entendemos que el contexto hist\u00f3rico en que se ha desarrollado la pesca ha sido invisibilizado, de manera, que a trav\u00e9s de este acto, hacemos un reconocimiento a las\u00a0 mujeres pesqueras que no est\u00e1n, a las que est\u00e1n y a las que vienen\u201d, indic\u00f3 Blas Quiroga, director zonal Subsecretar\u00eda de Pesca y Acuicultura de la regi\u00f3n de Ays\u00e9n.<\/p>\n<p style=\"text-align: justify;\">Por su parte, quien cumpli\u00f3 un rol fundamental en esta iniciativa, fue su autora, Alejandra Lafon, quien no solamente recorri\u00f3 los diversos territorios del litoral para poder acceder a las fotograf\u00edas y sus testimonios, sino plasm\u00f3 la contribuci\u00f3n de las mujeres al rubro, contando para ello con el apoyo e inter\u00e9s de IFOP.<\/p>\n<p style=\"text-align: justify;\">\u201cEs emocionante y una satisfacci\u00f3n muy grande poder haber terminado el fotolibro, por ahora en versi\u00f3n digital, y entreg\u00e1rselo a las mujeres que me abrieron su coraz\u00f3n y las puertas de sus hogares, permiti\u00e9ndome presentarlas y mostrar sus rostros para visibilizar su presencia y trabajo en el litoral de la regi\u00f3n. \u00a1Ha nacido al fin!, y con mucho cari\u00f1o est\u00e1 dedicado a nuestras mujeres de mar\u201d, indic\u00f3 Alejandra Lafon, \u00a0la Fot\u00f3grafa.<\/p>\n<p style=\"text-align: justify;\">Finalmente Blas Quiroga, director zonal de la Subsecretar\u00eda de Pesca y Acuicultura, indic\u00f3 que el siguiente paso para poner en valor el trabajo de las mujeres en este rubro, ser\u00e1 la impresi\u00f3n del fotolibro, y poder entregarlo en todas las bibliotecas p\u00fablicas de la regi\u00f3n, con el objetivo de acercar el trabajo de las mujeres a los distintos territorios, pero tambi\u00e9n el conocimiento colectivo de la ciudadan\u00eda, de su contribuci\u00f3n a la pesca artesanal de Ays\u00e9n.<\/p>\n<\/div><\/section><\/div><div  style='height:50px' class='hr hr-invisible   avia-builder-el-6  el_after_av_one_full  el_before_av_social_share '><span class='hr-inner ' ><span class='hr-inner-style'><\/span><\/span><\/div><\/p>\n<div  class='av-social-sharing-box  avia-builder-el-7  el_after_av_hr  el_before_av_hr  '><div class='av-share-box'><h5 class='av-share-link-description av-no-toc '>Compartir esta noticia<\/h5><ul class='av-share-box-list noLightbox'><li class='av-share-link av-social-link-facebook' ><a target=\"_blank\" aria-label=\"Compartir en Facebook\" href='https:\/\/www.facebook.com\/sharer.php?u=https:\/\/radiorevelacionfm.cl\/?p=47341&#038;t=Fotolibro%20pone%20en%20valor%20el%20trabajo%20de%20mujeres%20en%20la%20pesca%20artesanal%20de%20Ays%C3%A9n' aria-hidden='false' data-av_icon='\ue8f3' data-av_iconfont='entypo-fontello' title='' data-avia-related-tooltip='Compartir en Facebook' rel=\"noopener\"><span class='avia_hidden_link_text'>Compartir en Facebook<\/span><\/a><\/li><li class='av-share-link av-social-link-twitter' ><a target=\"_blank\" aria-label=\"Compartir en Twitter\" href='https:\/\/twitter.com\/share?text=Fotolibro%20pone%20en%20valor%20el%20trabajo%20de%20mujeres%20en%20la%20pesca%20artesanal%20de%20Ays%C3%A9n&#038;url=https:\/\/radiorevelacionfm.cl\/?p=47341' aria-hidden='false' data-av_icon='\ue8f1' data-av_iconfont='entypo-fontello' title='' data-avia-related-tooltip='Compartir en Twitter' rel=\"noopener\"><span class='avia_hidden_link_text'>Compartir en Twitter<\/span><\/a><\/li><li class='av-share-link av-social-link-whatsapp' ><a target=\"_blank\" aria-label=\"Compartir en Whatsapp\" href='https:\/\/api.whatsapp.com\/send?text=https:\/\/radiorevelacionfm.cl\/?p=47341' aria-hidden='false' data-av_icon='\uf232' data-av_iconfont='entypo-fontello' title='' data-avia-related-tooltip='Compartir en Whatsapp' rel=\"noopener\"><span class='avia_hidden_link_text'>Compartir en Whatsapp<\/span><\/a><\/li><li class='av-share-link av-social-link-linkedin' ><a target=\"_blank\" aria-label=\"Compartir en LinkedIn\" href='https:\/\/linkedin.com\/shareArticle?mini=true&#038;title=Fotolibro%20pone%20en%20valor%20el%20trabajo%20de%20mujeres%20en%20la%20pesca%20artesanal%20de%20Ays%C3%A9n&#038;url=https:\/\/radiorevelacionfm.cl\/?p=47341' aria-hidden='false' data-av_icon='\ue8fc' data-av_iconfont='entypo-fontello' title='' data-avia-related-tooltip='Compartir en LinkedIn' rel=\"noopener\"><span class='avia_hidden_link_text'>Compartir en LinkedIn<\/span><\/a><\/li><li class='av-share-link av-social-link-mail' ><a  aria-label=\"Compartir por correo\" href='mailto:?subject=Fotolibro%20pone%20en%20valor%20el%20trabajo%20de%20mujeres%20en%20la%20pesca%20artesanal%20de%20Ays%C3%A9n&#038;body=https:\/\/radiorevelacionfm.cl\/?p=47341' aria-hidden='false' data-av_icon='\ue805' data-av_iconfont='entypo-fontello' title='' data-avia-related-tooltip='Compartir por correo'><span class='avia_hidden_link_text'>Compartir por correo<\/span><\/a><\/li><\/ul><\/div><\/div>\n<div  style='height:50px' class='hr hr-invisible   avia-builder-el-8  el_after_av_social_share  el_before_av_comments_list '><span class='hr-inner ' ><span class='hr-inner-style'><\/span><\/span><\/div>\n<div  class='av-buildercomment  av-blog-meta-html-info-disabled av-blog-meta-tag-disabled  '><\/div>\n","protected":false},"excerpt":{"rendered":"","protected":false},"author":1,"featured_media":47342,"comment_status":"open","ping_status":"open","sticky":false,"template":"","format":"standard","meta":{"footnotes":""},"categories":[38],"tags":[],"class_list":["post-47341","post","type-post","status-publish","format-standard","has-post-thumbnail","hentry","category-regional"],"jetpack_featured_media_url":"https:\/\/radiorevelacionfm.cl\/wp-content\/uploads\/2024\/10\/PHOTO-2024-10-15-21-44-25-1-1.jpg","_links":{"self":[{"href":"https:\/\/radiorevelacionfm.cl\/index.php?rest_route=\/wp\/v2\/posts\/47341","targetHints":{"allow":["GET"]}}],"collection":[{"href":"https:\/\/radiorevelacionfm.cl\/index.php?rest_route=\/wp\/v2\/posts"}],"about":[{"href":"https:\/\/radiorevelacionfm.cl\/index.php?rest_route=\/wp\/v2\/types\/post"}],"author":[{"embeddable":true,"href":"https:\/\/radiorevelacionfm.cl\/index.php?rest_route=\/wp\/v2\/users\/1"}],"replies":[{"embeddable":true,"href":"https:\/\/radiorevelacionfm.cl\/index.php?rest_route=%2Fwp%2Fv2%2Fcomments&post=47341"}],"version-history":[{"count":1,"href":"https:\/\/radiorevelacionfm.cl\/index.php?rest_route=\/wp\/v2\/posts\/47341\/revisions"}],"predecessor-version":[{"id":47343,"href":"https:\/\/radiorevelacionfm.cl\/index.php?rest_route=\/wp\/v2\/posts\/47341\/revisions\/47343"}],"wp:featuredmedia":[{"embeddable":true,"href":"https:\/\/radiorevelacionfm.cl\/index.php?rest_route=\/wp\/v2\/media\/47342"}],"wp:attachment":[{"href":"https:\/\/radiorevelacionfm.cl\/index.php?rest_route=%2Fwp%2Fv2%2Fmedia&parent=47341"}],"wp:term":[{"taxonomy":"category","embeddable":true,"href":"https:\/\/radiorevelacionfm.cl\/index.php?rest_route=%2Fwp%2Fv2%2Fcategories&post=47341"},{"taxonomy":"post_tag","embeddable":true,"href":"https:\/\/radiorevelacionfm.cl\/index.php?rest_route=%2Fwp%2Fv2%2Ftags&post=47341"}],"curies":[{"name":"wp","href":"https:\/\/api.w.org\/{rel}","templated":true}]}}