{"id":47338,"date":"2024-10-23T10:23:37","date_gmt":"2024-10-23T13:23:37","guid":{"rendered":"https:\/\/radiorevelacionfm.cl\/?p=47338"},"modified":"2024-10-23T10:23:37","modified_gmt":"2024-10-23T13:23:37","slug":"universidad-de-aysen-y-culturas-celebran-el-dia-de-la-musica-chilena-en-chile-chico","status":"publish","type":"post","link":"https:\/\/radiorevelacionfm.cl\/?p=47338","title":{"rendered":"Universidad de Ays\u00e9n y Culturas celebran el D\u00eda de la M\u00fasica Chilena en Chile Chico"},"content":{"rendered":"<div class=\"flex_column av_one_full  flex_column_div av-zero-column-padding first  avia-builder-el-0  el_before_av_one_full  avia-builder-el-first  \" style='border-radius:0px; '><div  class='avia-image-container  av-styling-    avia-builder-el-1  avia-builder-el-no-sibling  avia-align-center '  itemprop=\"image\" itemscope=\"itemscope\" itemtype=\"https:\/\/schema.org\/ImageObject\"  ><div class='avia-image-container-inner'><div class='avia-image-overlay-wrap'><img decoding=\"async\" class='wp-image-47339 avia-img-lazy-loading-not-47339 avia_image' src=\"https:\/\/radiorevelacionfm.cl\/wp-content\/uploads\/2024\/10\/concierto-image-2024-10-23-at-09_optimized.07.46-1.jpeg\" alt='' title='concierto-image-2024-10-23-at-09_optimized.07.46-(1)' height=\"600\" width=\"900\"  itemprop=\"thumbnailUrl\" srcset=\"https:\/\/radiorevelacionfm.cl\/wp-content\/uploads\/2024\/10\/concierto-image-2024-10-23-at-09_optimized.07.46-1.jpeg 900w, https:\/\/radiorevelacionfm.cl\/wp-content\/uploads\/2024\/10\/concierto-image-2024-10-23-at-09_optimized.07.46-1-300x200.jpeg 300w, https:\/\/radiorevelacionfm.cl\/wp-content\/uploads\/2024\/10\/concierto-image-2024-10-23-at-09_optimized.07.46-1-768x512.jpeg 768w, https:\/\/radiorevelacionfm.cl\/wp-content\/uploads\/2024\/10\/concierto-image-2024-10-23-at-09_optimized.07.46-1-705x470.jpeg 705w, https:\/\/radiorevelacionfm.cl\/wp-content\/uploads\/2024\/10\/concierto-image-2024-10-23-at-09_optimized.07.46-1-450x300.jpeg 450w, https:\/\/radiorevelacionfm.cl\/wp-content\/uploads\/2024\/10\/concierto-image-2024-10-23-at-09_optimized.07.46-1-600x400.jpeg 600w\" sizes=\"(max-width: 900px) 100vw, 900px\" \/><\/div><\/div><\/div><\/div><div class=\"flex_column av_one_full  flex_column_div av-zero-column-padding first  avia-builder-el-2  el_after_av_one_full  el_before_av_one_full  column-top-margin\" style='border-radius:0px; '><section class=\"av_textblock_section \"  itemscope=\"itemscope\" itemtype=\"https:\/\/schema.org\/BlogPosting\" itemprop=\"blogPost\" ><div class='avia_textblock  '   itemprop=\"text\" ><p style=\"text-align: center;\"><strong><span style=\"font-size: 18pt;\">Universidad de Ays\u00e9n y Culturas celebran el D\u00eda de la M\u00fasica Chilena en Chile Chico<\/span><\/strong><\/p>\n<div id=\"gtx-trans\" style=\"position: absolute; left: -50px; top: 4.31534px;\">\n<div class=\"gtx-trans-icon\"><\/div>\n<\/div>\n<\/div><\/section><\/div><div class=\"flex_column av_one_full  flex_column_div av-zero-column-padding first  avia-builder-el-4  el_after_av_one_full  el_before_av_hr  column-top-margin\" style='border-radius:0px; '><section class=\"av_textblock_section \"  itemscope=\"itemscope\" itemtype=\"https:\/\/schema.org\/BlogPosting\" itemprop=\"blogPost\" ><div class='avia_textblock  '   itemprop=\"text\" ><div>\n<p class=\"v1MsoNormal\" style=\"text-align: justify;\"><em><span lang=\"ES-MX\">Ambas instituciones suscribieron una alianza que permitir\u00e1 la realizaci\u00f3n de una serie de presentaciones musicales en distintos lugares de la regi\u00f3n en el marco del Mes de la M\u00fasica Chilena. En Chile Chico incluy\u00f3 presentaciones en vivo de la Orquesta de C\u00e1mara y Camerata Vocal de la UAys\u00e9n y los coros de la Escuela B\u00e1sica y Municipal de Chile Chico.<\/span><\/em><\/p>\n<p class=\"v1MsoNormal\" style=\"text-align: justify;\"><span lang=\"ES-MX\">En el marco de las celebraciones del D\u00eda de la M\u00fasica, la comunidad de Chile Chico vivi\u00f3 una jornada de encuentro, creatividad y expresiones art\u00edsticas gracias a la colaboraci\u00f3n entre la Universidad de Ays\u00e9n y Culturas Ays\u00e9n. Este evento, que destac\u00f3 la importancia de la m\u00fasica como patrimonio cultural y motor de identidad, congreg\u00f3 a elencos locales, estudiantes y amantes de las artes en un concierto abierto a toda la ciudadan\u00eda.<\/span><\/p>\n<p class=\"v1MsoNormal\" style=\"text-align: justify;\"><span lang=\"ES-MX\">La iniciativa, que incluy\u00f3 presentaciones en vivo de la Orquesta de C\u00e1mara de la Universidad de Ays\u00e9n, Camerata Vocal de la misma instituci\u00f3n y el coro de la Escuela B\u00e1sica de Chile Chico y el Coro Municipal, se enmarc\u00f3 dentro de los esfuerzos conjuntos de la Universidad de Ays\u00e9n y Culturas Ays\u00e9n por fomentar el acceso a la cultura y las artes en toda la regi\u00f3n. El evento no solo resalt\u00f3 el talento de artistas locales, sino que tambi\u00e9n ofreci\u00f3 a los participantes la oportunidad de escuchar a lo que ser\u00e1 desde el pr\u00f3ximo a\u00f1o, la primera orquesta profesional de nuestra regi\u00f3n.<\/span><\/p>\n<p class=\"v1MsoNormal\" style=\"text-align: justify;\"><span lang=\"ES-MX\">Al respecto, Gabriel N\u00fa\u00f1ez Vivanco, Director General de V\u00ednculos de la Universidad de Ays\u00e9n, destac\u00f3 en su momento la importancia de esta alianza. \u00abNuestra impresi\u00f3n e inter\u00e9s es que este tipo de convenios, en este caso con Cultura Ays\u00e9n, en espec\u00edfico por el D\u00eda de la M\u00fasica, nos permite fortalecer el rol como instituci\u00f3n p\u00fablica que tenemos en torno a la extensi\u00f3n de la cultura, a fortalecer el capital cultural de nuestra comunidad interna y externa. A trav\u00e9s de eso, fortalecemos tambi\u00e9n los elencos en los que participan estudiantes, funcionarios, funcionarias y tambi\u00e9n parte de la comunidad externa. Por lo tanto, tiene todo sentido con nuestras directrices institucionales, con los focos estrat\u00e9gicos de la instituci\u00f3n, como nos vinculamos tambi\u00e9n con el medio de una manera pertinente y significativa\u00bb enfatiz\u00f3.<\/span><\/p>\n<p class=\"v1MsoNormal\" style=\"text-align: justify;\"><span lang=\"ES-MX\">Por su parte, Felipe Quiroz V\u00e1squez, SEREMI<b>\u00a0<\/b>de Culturas Ays\u00e9n, a\u00f1adi\u00f3: \u00abBueno, estamos hoy d\u00eda en Chile Chico, en el mes de octubre, conmemorando el Mes de la M\u00fasica. Tuvimos un encuentro entre la orquesta de c\u00e1mara de la Universidad de Ays\u00e9n, adem\u00e1s de las agrupaciones corales de Chile Chico y tambi\u00e9n de la Universidad de Ays\u00e9n, que dio una convergencia bastante hermosa para poder conmemorar este mes de la m\u00fasica. Esta alianza entre instituciones p\u00fablicas para poder descentralizar primero las acciones culturales y segundo, llevar este tipo de servicios y bienes a localidades tan distantes como Chile Chico. Este tipo de colaboraci\u00f3n con instituciones educativas como la Universidad de Ays\u00e9n refuerza nuestro compromiso de acercar la cultura a todos los rincones de la regi\u00f3n. Queremos que Chile Chico sea un epicentro de actividades art\u00edsticas y que la m\u00fasica siga siendo una herramienta de integraci\u00f3n social\u00bb, explic\u00f3.<\/span><\/p>\n<p class=\"v1MsoNormal\" style=\"text-align: justify;\"><span lang=\"ES-MX\">El D\u00eda de la M\u00fasica en Chile Chico fue una jornada familiar y diversa, donde se cont\u00f3 con la participaci\u00f3n de todos los sectores de la comunidad, con el objetivo de fortalecer los lazos culturales y educativos en la regi\u00f3n de Ays\u00e9n. La entrada a todas las actividades del Mes de la M\u00fasica es gratuita, con el fin de asegurar la mayor inclusi\u00f3n y acceso posible a este importante evento cultural y la cartelera est\u00e1 en las redes de Culturas Ays\u00e9n y la UAys\u00e9n.<\/span><\/p>\n<\/div>\n<div style=\"text-align: justify;\"><\/div>\n<\/div><\/section><\/div><div  style='height:50px' class='hr hr-invisible   avia-builder-el-6  el_after_av_one_full  el_before_av_social_share '><span class='hr-inner ' ><span class='hr-inner-style'><\/span><\/span><\/div><\/p>\n<div  class='av-social-sharing-box  avia-builder-el-7  el_after_av_hr  el_before_av_hr  '><div class='av-share-box'><h5 class='av-share-link-description av-no-toc '>Compartir esta noticia<\/h5><ul class='av-share-box-list noLightbox'><li class='av-share-link av-social-link-facebook' ><a target=\"_blank\" aria-label=\"Compartir en Facebook\" href='https:\/\/www.facebook.com\/sharer.php?u=https:\/\/radiorevelacionfm.cl\/?p=47338&#038;t=Universidad%20de%20Ays%C3%A9n%20y%20Culturas%20celebran%20el%20D%C3%ADa%20de%20la%20M%C3%BAsica%20Chilena%20en%20Chile%20Chico' aria-hidden='false' data-av_icon='\ue8f3' data-av_iconfont='entypo-fontello' title='' data-avia-related-tooltip='Compartir en Facebook' rel=\"noopener\"><span class='avia_hidden_link_text'>Compartir en Facebook<\/span><\/a><\/li><li class='av-share-link av-social-link-twitter' ><a target=\"_blank\" aria-label=\"Compartir en Twitter\" href='https:\/\/twitter.com\/share?text=Universidad%20de%20Ays%C3%A9n%20y%20Culturas%20celebran%20el%20D%C3%ADa%20de%20la%20M%C3%BAsica%20Chilena%20en%20Chile%20Chico&#038;url=https:\/\/radiorevelacionfm.cl\/?p=47338' aria-hidden='false' data-av_icon='\ue8f1' data-av_iconfont='entypo-fontello' title='' data-avia-related-tooltip='Compartir en Twitter' rel=\"noopener\"><span class='avia_hidden_link_text'>Compartir en Twitter<\/span><\/a><\/li><li class='av-share-link av-social-link-whatsapp' ><a target=\"_blank\" aria-label=\"Compartir en Whatsapp\" href='https:\/\/api.whatsapp.com\/send?text=https:\/\/radiorevelacionfm.cl\/?p=47338' aria-hidden='false' data-av_icon='\uf232' data-av_iconfont='entypo-fontello' title='' data-avia-related-tooltip='Compartir en Whatsapp' rel=\"noopener\"><span class='avia_hidden_link_text'>Compartir en Whatsapp<\/span><\/a><\/li><li class='av-share-link av-social-link-linkedin' ><a target=\"_blank\" aria-label=\"Compartir en LinkedIn\" href='https:\/\/linkedin.com\/shareArticle?mini=true&#038;title=Universidad%20de%20Ays%C3%A9n%20y%20Culturas%20celebran%20el%20D%C3%ADa%20de%20la%20M%C3%BAsica%20Chilena%20en%20Chile%20Chico&#038;url=https:\/\/radiorevelacionfm.cl\/?p=47338' aria-hidden='false' data-av_icon='\ue8fc' data-av_iconfont='entypo-fontello' title='' data-avia-related-tooltip='Compartir en LinkedIn' rel=\"noopener\"><span class='avia_hidden_link_text'>Compartir en LinkedIn<\/span><\/a><\/li><li class='av-share-link av-social-link-mail' ><a  aria-label=\"Compartir por correo\" href='mailto:?subject=Universidad%20de%20Ays%C3%A9n%20y%20Culturas%20celebran%20el%20D%C3%ADa%20de%20la%20M%C3%BAsica%20Chilena%20en%20Chile%20Chico&#038;body=https:\/\/radiorevelacionfm.cl\/?p=47338' aria-hidden='false' data-av_icon='\ue805' data-av_iconfont='entypo-fontello' title='' data-avia-related-tooltip='Compartir por correo'><span class='avia_hidden_link_text'>Compartir por correo<\/span><\/a><\/li><\/ul><\/div><\/div>\n<div  style='height:50px' class='hr hr-invisible   avia-builder-el-8  el_after_av_social_share  el_before_av_comments_list '><span class='hr-inner ' ><span class='hr-inner-style'><\/span><\/span><\/div>\n<div  class='av-buildercomment  av-blog-meta-html-info-disabled av-blog-meta-tag-disabled  '><\/div>\n","protected":false},"excerpt":{"rendered":"","protected":false},"author":1,"featured_media":47339,"comment_status":"open","ping_status":"open","sticky":false,"template":"","format":"standard","meta":{"footnotes":""},"categories":[52],"tags":[],"class_list":["post-47338","post","type-post","status-publish","format-standard","has-post-thumbnail","hentry","category-cultura"],"jetpack_featured_media_url":"https:\/\/radiorevelacionfm.cl\/wp-content\/uploads\/2024\/10\/concierto-image-2024-10-23-at-09_optimized.07.46-1.jpeg","_links":{"self":[{"href":"https:\/\/radiorevelacionfm.cl\/index.php?rest_route=\/wp\/v2\/posts\/47338","targetHints":{"allow":["GET"]}}],"collection":[{"href":"https:\/\/radiorevelacionfm.cl\/index.php?rest_route=\/wp\/v2\/posts"}],"about":[{"href":"https:\/\/radiorevelacionfm.cl\/index.php?rest_route=\/wp\/v2\/types\/post"}],"author":[{"embeddable":true,"href":"https:\/\/radiorevelacionfm.cl\/index.php?rest_route=\/wp\/v2\/users\/1"}],"replies":[{"embeddable":true,"href":"https:\/\/radiorevelacionfm.cl\/index.php?rest_route=%2Fwp%2Fv2%2Fcomments&post=47338"}],"version-history":[{"count":1,"href":"https:\/\/radiorevelacionfm.cl\/index.php?rest_route=\/wp\/v2\/posts\/47338\/revisions"}],"predecessor-version":[{"id":47340,"href":"https:\/\/radiorevelacionfm.cl\/index.php?rest_route=\/wp\/v2\/posts\/47338\/revisions\/47340"}],"wp:featuredmedia":[{"embeddable":true,"href":"https:\/\/radiorevelacionfm.cl\/index.php?rest_route=\/wp\/v2\/media\/47339"}],"wp:attachment":[{"href":"https:\/\/radiorevelacionfm.cl\/index.php?rest_route=%2Fwp%2Fv2%2Fmedia&parent=47338"}],"wp:term":[{"taxonomy":"category","embeddable":true,"href":"https:\/\/radiorevelacionfm.cl\/index.php?rest_route=%2Fwp%2Fv2%2Fcategories&post=47338"},{"taxonomy":"post_tag","embeddable":true,"href":"https:\/\/radiorevelacionfm.cl\/index.php?rest_route=%2Fwp%2Fv2%2Ftags&post=47338"}],"curies":[{"name":"wp","href":"https:\/\/api.w.org\/{rel}","templated":true}]}}