{"id":47332,"date":"2024-10-23T09:56:11","date_gmt":"2024-10-23T12:56:11","guid":{"rendered":"https:\/\/radiorevelacionfm.cl\/?p=47332"},"modified":"2024-10-23T09:56:11","modified_gmt":"2024-10-23T12:56:11","slug":"dialogo-participativo-con-mujeres-rurales-en-valle-simpson-un-paso-hacia-la-equidad-de-genero-y-empoderamiento","status":"publish","type":"post","link":"https:\/\/radiorevelacionfm.cl\/?p=47332","title":{"rendered":"Di\u00e1logo participativo con mujeres rurales en Valle Simpson: Un paso hacia la Equidad de G\u00e9nero y Empoderamiento"},"content":{"rendered":"<div class=\"flex_column av_one_full  flex_column_div av-zero-column-padding first  avia-builder-el-0  el_before_av_one_full  avia-builder-el-first  \" style='border-radius:0px; '><div  class='avia-image-container  av-styling-    avia-builder-el-1  avia-builder-el-no-sibling  avia-align-center '  itemprop=\"image\" itemscope=\"itemscope\" itemtype=\"https:\/\/schema.org\/ImageObject\"  ><div class='avia-image-container-inner'><div class='avia-image-overlay-wrap'><img decoding=\"async\" class='wp-image-47333 avia-img-lazy-loading-not-47333 avia_image' src=\"https:\/\/radiorevelacionfm.cl\/wp-content\/uploads\/2024\/10\/img_7756-1_optimized-e1729631320968.jpg\" alt='' title='img_7756-(1)_optimized' height=\"600\" width=\"800\"  itemprop=\"thumbnailUrl\" srcset=\"https:\/\/radiorevelacionfm.cl\/wp-content\/uploads\/2024\/10\/img_7756-1_optimized-e1729631320968.jpg 800w, https:\/\/radiorevelacionfm.cl\/wp-content\/uploads\/2024\/10\/img_7756-1_optimized-e1729631320968-300x225.jpg 300w, https:\/\/radiorevelacionfm.cl\/wp-content\/uploads\/2024\/10\/img_7756-1_optimized-e1729631320968-768x576.jpg 768w, https:\/\/radiorevelacionfm.cl\/wp-content\/uploads\/2024\/10\/img_7756-1_optimized-e1729631320968-705x529.jpg 705w, https:\/\/radiorevelacionfm.cl\/wp-content\/uploads\/2024\/10\/img_7756-1_optimized-e1729631320968-450x338.jpg 450w, https:\/\/radiorevelacionfm.cl\/wp-content\/uploads\/2024\/10\/img_7756-1_optimized-e1729631320968-600x450.jpg 600w\" sizes=\"(max-width: 800px) 100vw, 800px\" \/><\/div><\/div><\/div><\/div><div class=\"flex_column av_one_full  flex_column_div av-zero-column-padding first  avia-builder-el-2  el_after_av_one_full  el_before_av_one_full  column-top-margin\" style='border-radius:0px; '><section class=\"av_textblock_section \"  itemscope=\"itemscope\" itemtype=\"https:\/\/schema.org\/BlogPosting\" itemprop=\"blogPost\" ><div class='avia_textblock  '   itemprop=\"text\" ><p style=\"text-align: center;\"><strong><span style=\"font-size: 18pt;\">Di\u00e1logo participativo con mujeres rurales en Valle Simpson: Un paso hacia la Equidad de G\u00e9nero y Empoderamiento<\/span><\/strong><\/p>\n<div id=\"gtx-trans\" style=\"position: absolute; left: -50px; top: 4.31534px;\">\n<div class=\"gtx-trans-icon\"><\/div>\n<\/div>\n<\/div><\/section><\/div><div class=\"flex_column av_one_full  flex_column_div av-zero-column-padding first  avia-builder-el-4  el_after_av_one_full  el_before_av_hr  column-top-margin\" style='border-radius:0px; '><section class=\"av_textblock_section \"  itemscope=\"itemscope\" itemtype=\"https:\/\/schema.org\/BlogPosting\" itemprop=\"blogPost\" ><div class='avia_textblock  '   itemprop=\"text\" ><p style=\"text-align: justify;\">Hace algunos d\u00edas, la Mesa de la Mujer Rural, en colaboraci\u00f3n con la Agrupaci\u00f3n Manos Amigas de la Patagonia, la Junta de Vecinos de Valle Simpson y la Seremi de la Mujer y la Equidad de G\u00e9nero, llevaron a cabo un di\u00e1logo participativo con mujeres rurales en Valle Simpson, con el objetivo de acercar la oferta program\u00e1tica y generar un espacio para compartir y vincularse entre ellas.<\/p>\n<p style=\"text-align: justify;\">Este encuentro forma parte de las acciones impulsadas por la Mesa de la Mujer Rural, instancia de coordinaci\u00f3n territorial p\u00fablico-privada que existe desde el a\u00f1o 2000, cuyo objetivo es promover la equidad de g\u00e9nero y el empoderamiento de las mujeres rurales en la regi\u00f3n de Ays\u00e9n.<\/p>\n<p style=\"text-align: justify;\">La actividad cont\u00f3 con la participaci\u00f3n de instituciones p\u00fablicas como:\u00a0 la Delegaci\u00f3n Presidencial Regional de Ays\u00e9n, Seremi de Salud, encabezada por su Seremi Sra. Carmen Monsalve, el Servicio de Salud Ays\u00e9n, INDAP, junto a su directora, Jessica Lagos, Sence, Senama, la Corporaci\u00f3n de Asistencia Judicial (CAJ), SernamEG, junto a su directora Patricia Baeza, \u00a0y profesionales de Salud Rural del Servicio de Salud (Ex\u00e1menes preventivos), instituciones que presentaron sus programas y servicios, respondiendo a las inquietudes y preguntas de las mujeres participantes.<\/p>\n<p style=\"text-align: justify;\">Durante el encuentro, se abordaron temas de inter\u00e9s y preocupaci\u00f3n para las mujeres rurales, como: el subsidio el\u00e9ctrico, los cuidados del adulto mayor, dispositivos de SernamEG, autonom\u00eda econ\u00f3mica, orientaci\u00f3n judicial, bono empleo, prevenci\u00f3n del c\u00e1ncer de mama, hidatidosis y\u00a0 el anuncio de concursos 2025 para mujeres rurales usuarias de\u00a0 INDAP .<\/p>\n<p style=\"text-align: justify;\">\u00abEste encuentro fue una oportunidad para resaltar la importancia del trabajo territorial y acercar la oferta p\u00fablica a las mujeres rurales\u00bb, destac\u00f3 Isidora Gacit\u00faa Goles, Seremi de la Mujer y la Equidad de G\u00e9nero. \u00abQueremos estar presentes en los territorios, dando a conocer toda la oferta program\u00e1tica que existe para apoyarlas en sus procesos. Es fundamental generar espacios de di\u00e1logo y participaci\u00f3n para que las mujeres rurales puedan expresar sus necesidades y opiniones\u00bb, coment\u00f3.<\/p>\n<p style=\"text-align: justify;\">Las participantes expresaron su gratitud y satisfacci\u00f3n con la actividad. \u00abMe pareci\u00f3 una instancia s\u00faper buena, participativa, que permiti\u00f3 que las mujeres puedan resolver sus dudas e inquietudes\u00bb, se\u00f1al\u00f3 Daniela Saavedra, Presidenta de la Junta de Vecinos de Valle Simpson.<\/p>\n<p style=\"text-align: justify;\">Adelaida Ortiz, otra de las participantes, agreg\u00f3: \u00abQuisiera darle las gracias a todas las entidades que estuvieron presentes. Estamos muy agradecidas de haber podido participar y salir de las dudas que ten\u00edamos. Esperamos que no se pierdan estas instancias y que podamos seguir trabajando en conjunto. Luego de esta instancia, nos sentimos m\u00e1s motivadas, por lo que vamos a postular a proyectos,\u00a0 para seguir trabajando por nuestra comunidad\u201d, coment\u00f3.<\/p>\n<p style=\"text-align: justify;\">Finalmente, cabe destacar que este di\u00e1logo\u00a0 participativo, sin duda es un paso m\u00e1s hacia la equidad de g\u00e9nero y el empoderamiento de las mujeres rurales en la regi\u00f3n de Ays\u00e9n, objetivo que va de la mano con la misi\u00f3n de la Mesa de la Mujer Rural que es generar oportunidades y espacios de participaci\u00f3n para las mujeres rurales, fortaleciendo su capacidad de liderazgo y participaci\u00f3n en la sociedad.<\/p>\n<\/div><\/section><\/div><div  style='height:50px' class='hr hr-invisible   avia-builder-el-6  el_after_av_one_full  el_before_av_social_share '><span class='hr-inner ' ><span class='hr-inner-style'><\/span><\/span><\/div><\/p>\n<div  class='av-social-sharing-box  avia-builder-el-7  el_after_av_hr  el_before_av_hr  '><div class='av-share-box'><h5 class='av-share-link-description av-no-toc '>Compartir esta noticia<\/h5><ul class='av-share-box-list noLightbox'><li class='av-share-link av-social-link-facebook' ><a target=\"_blank\" aria-label=\"Compartir en Facebook\" href='https:\/\/www.facebook.com\/sharer.php?u=https:\/\/radiorevelacionfm.cl\/?p=47332&#038;t=Di%C3%A1logo%20participativo%20con%20mujeres%20rurales%20en%20Valle%20Simpson%3A%20Un%20paso%20hacia%20la%20Equidad%20de%20G%C3%A9nero%20y%20Empoderamiento' aria-hidden='false' data-av_icon='\ue8f3' data-av_iconfont='entypo-fontello' title='' data-avia-related-tooltip='Compartir en Facebook' rel=\"noopener\"><span class='avia_hidden_link_text'>Compartir en Facebook<\/span><\/a><\/li><li class='av-share-link av-social-link-twitter' ><a target=\"_blank\" aria-label=\"Compartir en Twitter\" href='https:\/\/twitter.com\/share?text=Di%C3%A1logo%20participativo%20con%20mujeres%20rurales%20en%20Valle%20Simpson%3A%20Un%20paso%20hacia%20la%20Equidad%20de%20G%C3%A9nero%20y%20Empoderamiento&#038;url=https:\/\/radiorevelacionfm.cl\/?p=47332' aria-hidden='false' data-av_icon='\ue8f1' data-av_iconfont='entypo-fontello' title='' data-avia-related-tooltip='Compartir en Twitter' rel=\"noopener\"><span class='avia_hidden_link_text'>Compartir en Twitter<\/span><\/a><\/li><li class='av-share-link av-social-link-whatsapp' ><a target=\"_blank\" aria-label=\"Compartir en Whatsapp\" href='https:\/\/api.whatsapp.com\/send?text=https:\/\/radiorevelacionfm.cl\/?p=47332' aria-hidden='false' data-av_icon='\uf232' data-av_iconfont='entypo-fontello' title='' data-avia-related-tooltip='Compartir en Whatsapp' rel=\"noopener\"><span class='avia_hidden_link_text'>Compartir en Whatsapp<\/span><\/a><\/li><li class='av-share-link av-social-link-linkedin' ><a target=\"_blank\" aria-label=\"Compartir en LinkedIn\" href='https:\/\/linkedin.com\/shareArticle?mini=true&#038;title=Di%C3%A1logo%20participativo%20con%20mujeres%20rurales%20en%20Valle%20Simpson%3A%20Un%20paso%20hacia%20la%20Equidad%20de%20G%C3%A9nero%20y%20Empoderamiento&#038;url=https:\/\/radiorevelacionfm.cl\/?p=47332' aria-hidden='false' data-av_icon='\ue8fc' data-av_iconfont='entypo-fontello' title='' data-avia-related-tooltip='Compartir en LinkedIn' rel=\"noopener\"><span class='avia_hidden_link_text'>Compartir en LinkedIn<\/span><\/a><\/li><li class='av-share-link av-social-link-mail' ><a  aria-label=\"Compartir por correo\" href='mailto:?subject=Di%C3%A1logo%20participativo%20con%20mujeres%20rurales%20en%20Valle%20Simpson%3A%20Un%20paso%20hacia%20la%20Equidad%20de%20G%C3%A9nero%20y%20Empoderamiento&#038;body=https:\/\/radiorevelacionfm.cl\/?p=47332' aria-hidden='false' data-av_icon='\ue805' data-av_iconfont='entypo-fontello' title='' data-avia-related-tooltip='Compartir por correo'><span class='avia_hidden_link_text'>Compartir por correo<\/span><\/a><\/li><\/ul><\/div><\/div>\n<div  style='height:50px' class='hr hr-invisible   avia-builder-el-8  el_after_av_social_share  el_before_av_comments_list '><span class='hr-inner ' ><span class='hr-inner-style'><\/span><\/span><\/div>\n<div  class='av-buildercomment  av-blog-meta-html-info-disabled av-blog-meta-tag-disabled  '><\/div>\n","protected":false},"excerpt":{"rendered":"","protected":false},"author":1,"featured_media":47333,"comment_status":"open","ping_status":"open","sticky":false,"template":"","format":"standard","meta":{"footnotes":""},"categories":[38],"tags":[],"class_list":["post-47332","post","type-post","status-publish","format-standard","has-post-thumbnail","hentry","category-regional"],"jetpack_featured_media_url":"https:\/\/radiorevelacionfm.cl\/wp-content\/uploads\/2024\/10\/img_7756-1_optimized-e1729631320968.jpg","_links":{"self":[{"href":"https:\/\/radiorevelacionfm.cl\/index.php?rest_route=\/wp\/v2\/posts\/47332","targetHints":{"allow":["GET"]}}],"collection":[{"href":"https:\/\/radiorevelacionfm.cl\/index.php?rest_route=\/wp\/v2\/posts"}],"about":[{"href":"https:\/\/radiorevelacionfm.cl\/index.php?rest_route=\/wp\/v2\/types\/post"}],"author":[{"embeddable":true,"href":"https:\/\/radiorevelacionfm.cl\/index.php?rest_route=\/wp\/v2\/users\/1"}],"replies":[{"embeddable":true,"href":"https:\/\/radiorevelacionfm.cl\/index.php?rest_route=%2Fwp%2Fv2%2Fcomments&post=47332"}],"version-history":[{"count":1,"href":"https:\/\/radiorevelacionfm.cl\/index.php?rest_route=\/wp\/v2\/posts\/47332\/revisions"}],"predecessor-version":[{"id":47334,"href":"https:\/\/radiorevelacionfm.cl\/index.php?rest_route=\/wp\/v2\/posts\/47332\/revisions\/47334"}],"wp:featuredmedia":[{"embeddable":true,"href":"https:\/\/radiorevelacionfm.cl\/index.php?rest_route=\/wp\/v2\/media\/47333"}],"wp:attachment":[{"href":"https:\/\/radiorevelacionfm.cl\/index.php?rest_route=%2Fwp%2Fv2%2Fmedia&parent=47332"}],"wp:term":[{"taxonomy":"category","embeddable":true,"href":"https:\/\/radiorevelacionfm.cl\/index.php?rest_route=%2Fwp%2Fv2%2Fcategories&post=47332"},{"taxonomy":"post_tag","embeddable":true,"href":"https:\/\/radiorevelacionfm.cl\/index.php?rest_route=%2Fwp%2Fv2%2Ftags&post=47332"}],"curies":[{"name":"wp","href":"https:\/\/api.w.org\/{rel}","templated":true}]}}