{"id":47329,"date":"2024-10-23T11:58:24","date_gmt":"2024-10-23T14:58:24","guid":{"rendered":"https:\/\/radiorevelacionfm.cl\/?p=47329"},"modified":"2024-10-23T11:58:24","modified_gmt":"2024-10-23T14:58:24","slug":"fuas-2025-mineduc-extiende-plazo-para-postular-a-la-gratuidad-y-beneficios-estudiantiles-para-la-educacion-superior","status":"publish","type":"post","link":"https:\/\/radiorevelacionfm.cl\/?p=47329","title":{"rendered":"FUAS 2025: Mineduc extiende plazo para postular a la gratuidad y beneficios estudiantiles para la educaci\u00f3n superior"},"content":{"rendered":"<div class=\"flex_column av_one_full  flex_column_div av-zero-column-padding first  avia-builder-el-0  el_before_av_one_full  avia-builder-el-first  \" style='border-radius:0px; '><div  class='avia-image-container  av-styling-    avia-builder-el-1  avia-builder-el-no-sibling  avia-align-center '  itemprop=\"image\" itemscope=\"itemscope\" itemtype=\"https:\/\/schema.org\/ImageObject\"  ><div class='avia-image-container-inner'><div class='avia-image-overlay-wrap'><img decoding=\"async\" class='wp-image-47336 avia-img-lazy-loading-not-47336 avia_image' src=\"https:\/\/radiorevelacionfm.cl\/wp-content\/uploads\/2024\/10\/Diseno_sin_titulo_-_2024-10-21T174827.970-1-1.jpg\" alt='' title='Diseno_sin_titulo_-_2024-10-21T174827.970 (1) (1)' height=\"600\" width=\"936\"  itemprop=\"thumbnailUrl\" srcset=\"https:\/\/radiorevelacionfm.cl\/wp-content\/uploads\/2024\/10\/Diseno_sin_titulo_-_2024-10-21T174827.970-1-1.jpg 936w, https:\/\/radiorevelacionfm.cl\/wp-content\/uploads\/2024\/10\/Diseno_sin_titulo_-_2024-10-21T174827.970-1-1-300x192.jpg 300w, https:\/\/radiorevelacionfm.cl\/wp-content\/uploads\/2024\/10\/Diseno_sin_titulo_-_2024-10-21T174827.970-1-1-768x492.jpg 768w, https:\/\/radiorevelacionfm.cl\/wp-content\/uploads\/2024\/10\/Diseno_sin_titulo_-_2024-10-21T174827.970-1-1-705x452.jpg 705w, https:\/\/radiorevelacionfm.cl\/wp-content\/uploads\/2024\/10\/Diseno_sin_titulo_-_2024-10-21T174827.970-1-1-450x288.jpg 450w, https:\/\/radiorevelacionfm.cl\/wp-content\/uploads\/2024\/10\/Diseno_sin_titulo_-_2024-10-21T174827.970-1-1-600x385.jpg 600w\" sizes=\"(max-width: 936px) 100vw, 936px\" \/><\/div><\/div><\/div><\/div><div class=\"flex_column av_one_full  flex_column_div av-zero-column-padding first  avia-builder-el-2  el_after_av_one_full  el_before_av_one_full  column-top-margin\" style='border-radius:0px; '><section class=\"av_textblock_section \"  itemscope=\"itemscope\" itemtype=\"https:\/\/schema.org\/BlogPosting\" itemprop=\"blogPost\" ><div class='avia_textblock  '   itemprop=\"text\" ><p style=\"text-align: center;\"><span style=\"font-size: 18pt;\"><b>FUAS 2025: Mineduc extiende plazo para postular a la gratuidad y beneficios estudiantiles para la educaci\u00f3n superior<\/b><\/span><\/p>\n<div id=\"gtx-trans\" style=\"position: absolute; left: -50px; top: 4.31534px;\">\n<div class=\"gtx-trans-icon\"><\/div>\n<\/div>\n<\/div><\/section><\/div><\/p>\n<div class=\"flex_column av_one_full  flex_column_div av-zero-column-padding first  avia-builder-el-4  el_after_av_one_full  el_before_av_hr  column-top-margin\" style='border-radius:0px; '><section class=\"av_textblock_section \"  itemscope=\"itemscope\" itemtype=\"https:\/\/schema.org\/BlogPosting\" itemprop=\"blogPost\" ><div class='avia_textblock  '   itemprop=\"text\" ><p class=\"v1MsoNormal\" style=\"text-align: justify;\">Tres semanas despu\u00e9s de la apertura del proceso de postulaci\u00f3n a la gratuidad y otros beneficios estudiantiles para la educaci\u00f3n superior 2025, el Ministerio de Educaci\u00f3n inform\u00f3 la extensi\u00f3n del plazo por dos semanas m\u00e1s. Las y los interesados podr\u00e1n realizar el tr\u00e1mite a trav\u00e9s de celulares, tablets o computadores, en el sitio web\u00a0<u><a href=\"http:\/\/www.fuas.cl\/\" target=\"_blank\" rel=\"noopener noreferrer\">www.fuas.cl<\/a>, hasta el martes 5 de noviembre de 2024 a las 14:00 horas.<\/u><\/p>\n<p class=\"v1MsoNormal\" style=\"text-align: justify;\">Cabe recordar que a trav\u00e9s del FUAS (Formulario \u00danico de Acreditaci\u00f3n Socioecon\u00f3mica) las y los estudiantes deben informar sus antecedentes familiares y socioecon\u00f3micos, de manera que la Subsecretar\u00eda de Educaci\u00f3n Superior pueda validarlos y determinar el nivel de ingresos y el cumplimiento de los dem\u00e1s requisitos establecidos en la normativa para el otorgamiento de los distintos beneficios estudiantiles del Estado.<\/p>\n<p class=\"v1MsoNormal\" style=\"text-align: justify;\">En este proceso, quienes deseen ingresar en 2025 a centros de formaci\u00f3n t\u00e9cnica, institutos profesionales o universidades, o que ya est\u00e1n cursando una carrera y no cuenten con ayudas estudiantiles o bien quieran optar a alguna que se ajuste mejor a sus necesidades, podr\u00e1n completar el formulario online y postular a la gratuidad y a los otros beneficios.<\/p>\n<p class=\"v1MsoNormal\" style=\"text-align: justify;\">\u201cNo queremos que nadie se quede fuera de este proceso. Estamos en un trabajo constante de garantizar el acceso de todas y todos a la educaci\u00f3n, de que quienes lo deseen puedan cumplir sus sue\u00f1os de estudiar lo que m\u00e1s les gusta. Por eso extendimos el plazo, para entregar m\u00e1s oportunidades a quienes por alguna raz\u00f3n no alcanzaron a completar el FUAS en los plazos originales\u201d, explic\u00f3 el subsecretario de Educaci\u00f3n Superior, V\u00edctor Orellana.<\/p>\n<p class=\"v1MsoNormal\" style=\"text-align: justify;\"><b>\u00bfQu\u00e9 beneficios entrega el Estado?<\/b><\/p>\n<p class=\"v1MsoNormal\" style=\"text-align: justify;\">Los beneficios estudiantiles para la educaci\u00f3n superior que entrega el Estado incluyen la gratuidad, 18 becas y dos tipos de cr\u00e9ditos.<\/p>\n<p class=\"v1MsoNormal\" style=\"text-align: justify;\">Las becas disponibles son: Bicentenario, Nuevo Milenio, Juan G\u00f3mez Millas para chilenas\/os, Juan G\u00f3mez Millas para extranjeras\/os, Excelencia Acad\u00e9mica, Distinci\u00f3n a las Trayectorias Educativas (DTE), Excelencia T\u00e9cnica, Hijas\/os de Profesionales de la Educaci\u00f3n, Articulaci\u00f3n, Estudiantes en Situaci\u00f3n de Discapacidad, Continuidad de Estudios para Instituciones en Cierre (cuatro becas diferentes), Vocaci\u00f3n de Profesor y Reparaci\u00f3n. Para postular a las Becas Vocaci\u00f3n de Profesor y a la Beca de Reparaci\u00f3n se debe llenar un formulario especial disponible en el mismo sitio.<\/p>\n<p class=\"v1MsoNormal\" style=\"text-align: justify;\">Por otra parte, los cr\u00e9ditos para financiar estudios superiores son el Fondo Solidario de Cr\u00e9dito Universitario (FSCU) y el Cr\u00e9dito con Garant\u00eda Estatal (CAE). El detalle de cada una de estas ayudas se puede consultar en\u00a0<u><a href=\"http:\/\/www.beneficiosestudiantiles.cl\/\" target=\"_blank\" rel=\"noopener noreferrer\">beneficiosestudiantiles.cl<\/a>.<\/u><\/p>\n<p class=\"v1MsoNormal\" style=\"text-align: justify;\">Cabe recordar que en 2024 el Estado otorg\u00f3 m\u00e1s de 703 mil beneficios estudiantiles, de los cuales m\u00e1s de 511 mil correspondieron a la gratuidad. El llamado es a postular en el plazo establecido e informarse a trav\u00e9s de los canales dispuestos por el Ministerio de Educaci\u00f3n y la Subsecretar\u00eda de Educaci\u00f3n Superior: sus portales, redes sociales y el call center Ayuda Mineduc 600 600 2626.<\/p>\n<\/div><\/section><\/div>\n<div  style='height:50px' class='hr hr-invisible   avia-builder-el-6  el_after_av_one_full  el_before_av_social_share '><span class='hr-inner ' ><span class='hr-inner-style'><\/span><\/span><\/div>\n<div  class='av-social-sharing-box  avia-builder-el-7  el_after_av_hr  el_before_av_hr  '><div class='av-share-box'><h5 class='av-share-link-description av-no-toc '>Compartir esta noticia<\/h5><ul class='av-share-box-list noLightbox'><li class='av-share-link av-social-link-facebook' ><a target=\"_blank\" aria-label=\"Compartir en Facebook\" href='https:\/\/www.facebook.com\/sharer.php?u=https:\/\/radiorevelacionfm.cl\/?p=47329&#038;t=FUAS%202025%3A%20Mineduc%20extiende%20plazo%20para%20postular%20a%20la%20gratuidad%20y%20beneficios%20estudiantiles%20para%20la%20educaci%C3%B3n%20superior' aria-hidden='false' data-av_icon='\ue8f3' data-av_iconfont='entypo-fontello' title='' data-avia-related-tooltip='Compartir en Facebook' rel=\"noopener\"><span class='avia_hidden_link_text'>Compartir en Facebook<\/span><\/a><\/li><li class='av-share-link av-social-link-twitter' ><a target=\"_blank\" aria-label=\"Compartir en Twitter\" href='https:\/\/twitter.com\/share?text=FUAS%202025%3A%20Mineduc%20extiende%20plazo%20para%20postular%20a%20la%20gratuidad%20y%20beneficios%20estudiantiles%20para%20la%20educaci%C3%B3n%20superior&#038;url=https:\/\/radiorevelacionfm.cl\/?p=47329' aria-hidden='false' data-av_icon='\ue8f1' data-av_iconfont='entypo-fontello' title='' data-avia-related-tooltip='Compartir en Twitter' rel=\"noopener\"><span class='avia_hidden_link_text'>Compartir en Twitter<\/span><\/a><\/li><li class='av-share-link av-social-link-whatsapp' ><a target=\"_blank\" aria-label=\"Compartir en Whatsapp\" href='https:\/\/api.whatsapp.com\/send?text=https:\/\/radiorevelacionfm.cl\/?p=47329' aria-hidden='false' data-av_icon='\uf232' data-av_iconfont='entypo-fontello' title='' data-avia-related-tooltip='Compartir en Whatsapp' rel=\"noopener\"><span class='avia_hidden_link_text'>Compartir en Whatsapp<\/span><\/a><\/li><li class='av-share-link av-social-link-linkedin' ><a target=\"_blank\" aria-label=\"Compartir en LinkedIn\" href='https:\/\/linkedin.com\/shareArticle?mini=true&#038;title=FUAS%202025%3A%20Mineduc%20extiende%20plazo%20para%20postular%20a%20la%20gratuidad%20y%20beneficios%20estudiantiles%20para%20la%20educaci%C3%B3n%20superior&#038;url=https:\/\/radiorevelacionfm.cl\/?p=47329' aria-hidden='false' data-av_icon='\ue8fc' data-av_iconfont='entypo-fontello' title='' data-avia-related-tooltip='Compartir en LinkedIn' rel=\"noopener\"><span class='avia_hidden_link_text'>Compartir en LinkedIn<\/span><\/a><\/li><li class='av-share-link av-social-link-mail' ><a  aria-label=\"Compartir por correo\" href='mailto:?subject=FUAS%202025%3A%20Mineduc%20extiende%20plazo%20para%20postular%20a%20la%20gratuidad%20y%20beneficios%20estudiantiles%20para%20la%20educaci%C3%B3n%20superior&#038;body=https:\/\/radiorevelacionfm.cl\/?p=47329' aria-hidden='false' data-av_icon='\ue805' data-av_iconfont='entypo-fontello' title='' data-avia-related-tooltip='Compartir por correo'><span class='avia_hidden_link_text'>Compartir por correo<\/span><\/a><\/li><\/ul><\/div><\/div>\n<div  style='height:50px' class='hr hr-invisible   avia-builder-el-8  el_after_av_social_share  el_before_av_comments_list '><span class='hr-inner ' ><span class='hr-inner-style'><\/span><\/span><\/div>\n<div  class='av-buildercomment  av-blog-meta-html-info-disabled av-blog-meta-tag-disabled  '><\/div>\n","protected":false},"excerpt":{"rendered":"","protected":false},"author":1,"featured_media":47336,"comment_status":"open","ping_status":"open","sticky":false,"template":"","format":"standard","meta":{"footnotes":""},"categories":[49],"tags":[],"class_list":["post-47329","post","type-post","status-publish","format-standard","has-post-thumbnail","hentry","category-educacion"],"jetpack_featured_media_url":"https:\/\/radiorevelacionfm.cl\/wp-content\/uploads\/2024\/10\/Diseno_sin_titulo_-_2024-10-21T174827.970-1-1.jpg","_links":{"self":[{"href":"https:\/\/radiorevelacionfm.cl\/index.php?rest_route=\/wp\/v2\/posts\/47329","targetHints":{"allow":["GET"]}}],"collection":[{"href":"https:\/\/radiorevelacionfm.cl\/index.php?rest_route=\/wp\/v2\/posts"}],"about":[{"href":"https:\/\/radiorevelacionfm.cl\/index.php?rest_route=\/wp\/v2\/types\/post"}],"author":[{"embeddable":true,"href":"https:\/\/radiorevelacionfm.cl\/index.php?rest_route=\/wp\/v2\/users\/1"}],"replies":[{"embeddable":true,"href":"https:\/\/radiorevelacionfm.cl\/index.php?rest_route=%2Fwp%2Fv2%2Fcomments&post=47329"}],"version-history":[{"count":2,"href":"https:\/\/radiorevelacionfm.cl\/index.php?rest_route=\/wp\/v2\/posts\/47329\/revisions"}],"predecessor-version":[{"id":47337,"href":"https:\/\/radiorevelacionfm.cl\/index.php?rest_route=\/wp\/v2\/posts\/47329\/revisions\/47337"}],"wp:featuredmedia":[{"embeddable":true,"href":"https:\/\/radiorevelacionfm.cl\/index.php?rest_route=\/wp\/v2\/media\/47336"}],"wp:attachment":[{"href":"https:\/\/radiorevelacionfm.cl\/index.php?rest_route=%2Fwp%2Fv2%2Fmedia&parent=47329"}],"wp:term":[{"taxonomy":"category","embeddable":true,"href":"https:\/\/radiorevelacionfm.cl\/index.php?rest_route=%2Fwp%2Fv2%2Fcategories&post=47329"},{"taxonomy":"post_tag","embeddable":true,"href":"https:\/\/radiorevelacionfm.cl\/index.php?rest_route=%2Fwp%2Fv2%2Ftags&post=47329"}],"curies":[{"name":"wp","href":"https:\/\/api.w.org\/{rel}","templated":true}]}}