{"id":47326,"date":"2024-10-22T21:05:06","date_gmt":"2024-10-23T00:05:06","guid":{"rendered":"https:\/\/radiorevelacionfm.cl\/?p=47326"},"modified":"2024-10-22T21:05:06","modified_gmt":"2024-10-23T00:05:06","slug":"calisto-valora-rol-de-la-agrupacion-esperanza-de-vida-y-critica-el-funcionamiento-del-sistema-de-salud-en-la-region","status":"publish","type":"post","link":"https:\/\/radiorevelacionfm.cl\/?p=47326","title":{"rendered":"Calisto valora rol de la agrupaci\u00f3n Esperanza de Vida y critica el funcionamiento del sistema de salud en la regi\u00f3n"},"content":{"rendered":"<div class=\"flex_column av_one_full  flex_column_div av-zero-column-padding first  avia-builder-el-0  el_before_av_one_full  avia-builder-el-first  \" style='border-radius:0px; '><div  class='avia-image-container  av-styling-    avia-builder-el-1  avia-builder-el-no-sibling  avia-align-center '  itemprop=\"image\" itemscope=\"itemscope\" itemtype=\"https:\/\/schema.org\/ImageObject\"  ><div class='avia-image-container-inner'><div class='avia-image-overlay-wrap'><img decoding=\"async\" class='wp-image-47327 avia-img-lazy-loading-not-47327 avia_image' src=\"https:\/\/radiorevelacionfm.cl\/wp-content\/uploads\/2024\/10\/FOTO-CONGRESO-ESPERANZA-DE-VIDA-1-1.jpg\" alt='' title='FOTO CONGRESO ESPERANZA DE VIDA (1) (1)' height=\"600\" width=\"1054\"  itemprop=\"thumbnailUrl\" srcset=\"https:\/\/radiorevelacionfm.cl\/wp-content\/uploads\/2024\/10\/FOTO-CONGRESO-ESPERANZA-DE-VIDA-1-1.jpg 1054w, https:\/\/radiorevelacionfm.cl\/wp-content\/uploads\/2024\/10\/FOTO-CONGRESO-ESPERANZA-DE-VIDA-1-1-300x171.jpg 300w, https:\/\/radiorevelacionfm.cl\/wp-content\/uploads\/2024\/10\/FOTO-CONGRESO-ESPERANZA-DE-VIDA-1-1-1030x586.jpg 1030w, https:\/\/radiorevelacionfm.cl\/wp-content\/uploads\/2024\/10\/FOTO-CONGRESO-ESPERANZA-DE-VIDA-1-1-768x437.jpg 768w, https:\/\/radiorevelacionfm.cl\/wp-content\/uploads\/2024\/10\/FOTO-CONGRESO-ESPERANZA-DE-VIDA-1-1-705x401.jpg 705w, https:\/\/radiorevelacionfm.cl\/wp-content\/uploads\/2024\/10\/FOTO-CONGRESO-ESPERANZA-DE-VIDA-1-1-450x256.jpg 450w, https:\/\/radiorevelacionfm.cl\/wp-content\/uploads\/2024\/10\/FOTO-CONGRESO-ESPERANZA-DE-VIDA-1-1-600x342.jpg 600w\" sizes=\"(max-width: 1054px) 100vw, 1054px\" \/><\/div><\/div><\/div><\/div><div class=\"flex_column av_one_full  flex_column_div av-zero-column-padding first  avia-builder-el-2  el_after_av_one_full  el_before_av_one_full  column-top-margin\" style='border-radius:0px; '><section class=\"av_textblock_section \"  itemscope=\"itemscope\" itemtype=\"https:\/\/schema.org\/BlogPosting\" itemprop=\"blogPost\" ><div class='avia_textblock  '   itemprop=\"text\" ><p style=\"text-align: center;\"><span style=\"font-size: 18pt;\"><b><span lang=\"ES-CL\">Calisto valora rol de la agrupaci\u00f3n Esperanza de Vida y critica el funcionamiento del sistema de salud en la regi\u00f3n<\/span><\/b><\/span><\/p>\n<div id=\"gtx-trans\" style=\"position: absolute; left: -50px; top: 4.31534px;\">\n<div class=\"gtx-trans-icon\"><\/div>\n<\/div>\n<\/div><\/section><\/div><div class=\"flex_column av_one_full  flex_column_div av-zero-column-padding first  avia-builder-el-4  el_after_av_one_full  el_before_av_hr  column-top-margin\" style='border-radius:0px; '><section class=\"av_textblock_section \"  itemscope=\"itemscope\" itemtype=\"https:\/\/schema.org\/BlogPosting\" itemprop=\"blogPost\" ><div class='avia_textblock  '   itemprop=\"text\" ><p style=\"font-weight: 400; text-align: justify;\"><em>El parlamentario particip\u00f3 en Puerto Ays\u00e9n en un encuentro con dirigentes regionales de esta agrupaci\u00f3n<strong>.<\/strong><\/em><\/p>\n<p style=\"font-weight: 400; text-align: justify;\">En el marco de la realizaci\u00f3n del primer Congreso Regional de dirigentes de la agrupaci\u00f3n Esperanza de Vida, el que se realiz\u00f3 en dependencias del Hospital en Puerto Ays\u00e9n, el diputado Miguel \u00c1ngel Calisto valor\u00f3 el trabajo que realiza esta agrupaci\u00f3n, adem\u00e1s de criticar las falencias que tiene el \u00a0sistema de salud en el pa\u00eds y la regi\u00f3n.<\/p>\n<p style=\"font-weight: 400; text-align: justify;\">Seg\u00fan el legislador, \u201cla agrupaci\u00f3n Esperanza de Vida en Puerto Ays\u00e9n, una organizaci\u00f3n con la que ha trabajado mucho por las operaciones bari\u00e1tricas, cumple una gran misi\u00f3n. Nosotros a trav\u00e9s de la ley de presupuesto en el Congreso Nacional aportamos con una aprobaci\u00f3n de una glosa para determinar y garantizar que existan recursos definidos y destinados para las operaciones bari\u00e1tricas. Esperamos y vamos a hacer seguimiento de esto, fiscalizaci\u00f3n y adem\u00e1s, que se implemente una unidad en el hospital de Ays\u00e9n tal cual fue el compromiso con el gobierno\u201d.<\/p>\n<p style=\"font-weight: 400; text-align: justify;\">En su intervenci\u00f3n el diputado Calisto se\u00f1al\u00f3 que \u201cfelicitar el trabajo que est\u00e1 realizando la agrupaci\u00f3n, resaltar este primer encuentro regional, creo que es un paso s\u00faper importante y la organizaci\u00f3n siempre da frutos. Yo me acuerdo cuando partimos alguna vez con la creaci\u00f3n de la beca Patagonia, la beca Ays\u00e9n, partimos as\u00ed tambi\u00e9n, con organizaciones en toda la regi\u00f3n y eso permiti\u00f3 articular los intereses y las particularidades de toda la regi\u00f3n para lograr un objetivo que finalmente se concret\u00f3\u201d.<\/p>\n<p style=\"font-weight: 400; text-align: justify;\"><strong>Cr\u00edticas al funcionamiento de los Servicios de Salud<\/strong><\/p>\n<p style=\"font-weight: 400; text-align: justify;\">\u201cAc\u00e1 hay un problema sist\u00e9mico, que no es solamente de Ays\u00e9n, porque hay una crisis nacional respecto a las listas de espera. Hoy d\u00eda tenemos una de las cifras m\u00e1s altas por el aumento en las listas de esperas en Chile. Estamos hablando de dos millones y medio de chilenos que est\u00e1n en lista de espera. Yo creo que muchas veces el problema no es de recursos, ac\u00e1 hay un problema de gesti\u00f3n en los servicios de salud del pa\u00eds\u201d, indic\u00f3.<\/p>\n<p style=\"font-weight: 400; text-align: justify;\">\u201cC\u00f3mo a un m\u00e9dico que trabaja en el servicio de salud, que gana un sueldo bastante bueno en el servicio de salud, termina atendiendo a una persona en su turno. En Cochrane se dec\u00eda reci\u00e9n, nueve m\u00e9dicos y dan 10 fichas al d\u00eda. O sea, algo est\u00e1 funcionando mal, es un problema de gesti\u00f3n\u201d, se\u00f1al\u00f3 Calisto.<\/p>\n<p style=\"font-weight: 400; text-align: justify;\">Calisto afirm\u00f3 que \u201cac\u00e1 en Puerto Ays\u00e9n mucha gente me ha planteado la extensa espera en la urgencia. Situaci\u00f3n que se repite tambi\u00e9n en Coyhaique, en Cochrane, en toda la regi\u00f3n. En La Junta, el Cesfam funciona en horario de oficina. La gente si tiene una urgencia, tiene que ir muchas veces a Cisnes. O sea, se aplica un modelo de salud que no responda al territorio regional\u201d.<\/p>\n<p style=\"font-weight: 400; text-align: justify;\">Finalmente, Marina Carim\u00e1n, Presidenta de la Agrupaci\u00f3n Esperanza de Vida de Puerto\u00a0 Chacabuco, indic\u00f3 que \u201cme pareci\u00f3 muy \u00a0interesante esta actividad porque estaba nuestra autoridad, el Servicio de Salud, y lo m\u00e1s rescatable es nuestro diputado Calisto, el apoyo que nos entrega, la forma en que se expres\u00f3, c\u00f3mo golpe\u00f3 la mesa para que los proyectos lleguen a nosotros. As\u00ed que agradecerle y ojal\u00e1 se cumpla todo lo que \u00e9l plante\u00f3\u201d.<\/p>\n<\/div><\/section><\/div><div  style='height:50px' class='hr hr-invisible   avia-builder-el-6  el_after_av_one_full  el_before_av_social_share '><span class='hr-inner ' ><span class='hr-inner-style'><\/span><\/span><\/div><\/p>\n<div  class='av-social-sharing-box  avia-builder-el-7  el_after_av_hr  el_before_av_hr  '><div class='av-share-box'><h5 class='av-share-link-description av-no-toc '>Compartir esta noticia<\/h5><ul class='av-share-box-list noLightbox'><li class='av-share-link av-social-link-facebook' ><a target=\"_blank\" aria-label=\"Compartir en Facebook\" href='https:\/\/www.facebook.com\/sharer.php?u=https:\/\/radiorevelacionfm.cl\/?p=47326&#038;t=Calisto%20valora%20rol%20de%20la%20agrupaci%C3%B3n%20Esperanza%20de%20Vida%20y%20critica%20el%20funcionamiento%20del%20sistema%20de%20salud%20en%20la%20regi%C3%B3n' aria-hidden='false' data-av_icon='\ue8f3' data-av_iconfont='entypo-fontello' title='' data-avia-related-tooltip='Compartir en Facebook' rel=\"noopener\"><span class='avia_hidden_link_text'>Compartir en Facebook<\/span><\/a><\/li><li class='av-share-link av-social-link-twitter' ><a target=\"_blank\" aria-label=\"Compartir en Twitter\" href='https:\/\/twitter.com\/share?text=Calisto%20valora%20rol%20de%20la%20agrupaci%C3%B3n%20Esperanza%20de%20Vida%20y%20critica%20el%20funcionamiento%20del%20sistema%20de%20salud%20en%20la%20regi%C3%B3n&#038;url=https:\/\/radiorevelacionfm.cl\/?p=47326' aria-hidden='false' data-av_icon='\ue8f1' data-av_iconfont='entypo-fontello' title='' data-avia-related-tooltip='Compartir en Twitter' rel=\"noopener\"><span class='avia_hidden_link_text'>Compartir en Twitter<\/span><\/a><\/li><li class='av-share-link av-social-link-whatsapp' ><a target=\"_blank\" aria-label=\"Compartir en Whatsapp\" href='https:\/\/api.whatsapp.com\/send?text=https:\/\/radiorevelacionfm.cl\/?p=47326' aria-hidden='false' data-av_icon='\uf232' data-av_iconfont='entypo-fontello' title='' data-avia-related-tooltip='Compartir en Whatsapp' rel=\"noopener\"><span class='avia_hidden_link_text'>Compartir en Whatsapp<\/span><\/a><\/li><li class='av-share-link av-social-link-linkedin' ><a target=\"_blank\" aria-label=\"Compartir en LinkedIn\" href='https:\/\/linkedin.com\/shareArticle?mini=true&#038;title=Calisto%20valora%20rol%20de%20la%20agrupaci%C3%B3n%20Esperanza%20de%20Vida%20y%20critica%20el%20funcionamiento%20del%20sistema%20de%20salud%20en%20la%20regi%C3%B3n&#038;url=https:\/\/radiorevelacionfm.cl\/?p=47326' aria-hidden='false' data-av_icon='\ue8fc' data-av_iconfont='entypo-fontello' title='' data-avia-related-tooltip='Compartir en LinkedIn' rel=\"noopener\"><span class='avia_hidden_link_text'>Compartir en LinkedIn<\/span><\/a><\/li><li class='av-share-link av-social-link-mail' ><a  aria-label=\"Compartir por correo\" href='mailto:?subject=Calisto%20valora%20rol%20de%20la%20agrupaci%C3%B3n%20Esperanza%20de%20Vida%20y%20critica%20el%20funcionamiento%20del%20sistema%20de%20salud%20en%20la%20regi%C3%B3n&#038;body=https:\/\/radiorevelacionfm.cl\/?p=47326' aria-hidden='false' data-av_icon='\ue805' data-av_iconfont='entypo-fontello' title='' data-avia-related-tooltip='Compartir por correo'><span class='avia_hidden_link_text'>Compartir por correo<\/span><\/a><\/li><\/ul><\/div><\/div>\n<div  style='height:50px' class='hr hr-invisible   avia-builder-el-8  el_after_av_social_share  el_before_av_comments_list '><span class='hr-inner ' ><span class='hr-inner-style'><\/span><\/span><\/div>\n<div  class='av-buildercomment  av-blog-meta-html-info-disabled av-blog-meta-tag-disabled  '><\/div>\n","protected":false},"excerpt":{"rendered":"","protected":false},"author":1,"featured_media":47327,"comment_status":"open","ping_status":"open","sticky":false,"template":"","format":"standard","meta":{"footnotes":""},"categories":[35],"tags":[],"class_list":["post-47326","post","type-post","status-publish","format-standard","has-post-thumbnail","hentry","category-politica"],"jetpack_featured_media_url":"https:\/\/radiorevelacionfm.cl\/wp-content\/uploads\/2024\/10\/FOTO-CONGRESO-ESPERANZA-DE-VIDA-1-1.jpg","_links":{"self":[{"href":"https:\/\/radiorevelacionfm.cl\/index.php?rest_route=\/wp\/v2\/posts\/47326","targetHints":{"allow":["GET"]}}],"collection":[{"href":"https:\/\/radiorevelacionfm.cl\/index.php?rest_route=\/wp\/v2\/posts"}],"about":[{"href":"https:\/\/radiorevelacionfm.cl\/index.php?rest_route=\/wp\/v2\/types\/post"}],"author":[{"embeddable":true,"href":"https:\/\/radiorevelacionfm.cl\/index.php?rest_route=\/wp\/v2\/users\/1"}],"replies":[{"embeddable":true,"href":"https:\/\/radiorevelacionfm.cl\/index.php?rest_route=%2Fwp%2Fv2%2Fcomments&post=47326"}],"version-history":[{"count":1,"href":"https:\/\/radiorevelacionfm.cl\/index.php?rest_route=\/wp\/v2\/posts\/47326\/revisions"}],"predecessor-version":[{"id":47328,"href":"https:\/\/radiorevelacionfm.cl\/index.php?rest_route=\/wp\/v2\/posts\/47326\/revisions\/47328"}],"wp:featuredmedia":[{"embeddable":true,"href":"https:\/\/radiorevelacionfm.cl\/index.php?rest_route=\/wp\/v2\/media\/47327"}],"wp:attachment":[{"href":"https:\/\/radiorevelacionfm.cl\/index.php?rest_route=%2Fwp%2Fv2%2Fmedia&parent=47326"}],"wp:term":[{"taxonomy":"category","embeddable":true,"href":"https:\/\/radiorevelacionfm.cl\/index.php?rest_route=%2Fwp%2Fv2%2Fcategories&post=47326"},{"taxonomy":"post_tag","embeddable":true,"href":"https:\/\/radiorevelacionfm.cl\/index.php?rest_route=%2Fwp%2Fv2%2Ftags&post=47326"}],"curies":[{"name":"wp","href":"https:\/\/api.w.org\/{rel}","templated":true}]}}