{"id":47323,"date":"2024-10-22T20:19:36","date_gmt":"2024-10-22T23:19:36","guid":{"rendered":"https:\/\/radiorevelacionfm.cl\/?p=47323"},"modified":"2024-10-22T20:19:36","modified_gmt":"2024-10-22T23:19:36","slug":"adjudican-84-proyectos-a-traves-del-programa-microemprendimiento-indigena-de-conadi","status":"publish","type":"post","link":"https:\/\/radiorevelacionfm.cl\/?p=47323","title":{"rendered":"Adjudican 84 proyectos a trav\u00e9s del Programa Microemprendimiento Ind\u00edgena de Conadi"},"content":{"rendered":"<div class=\"flex_column av_one_full  flex_column_div av-zero-column-padding first  avia-builder-el-0  el_before_av_one_full  avia-builder-el-first  \" style='border-radius:0px; '><div  class='avia-image-container  av-styling-    avia-builder-el-1  avia-builder-el-no-sibling  avia-align-center '  itemprop=\"image\" itemscope=\"itemscope\" itemtype=\"https:\/\/schema.org\/ImageObject\"  ><div class='avia-image-container-inner'><div class='avia-image-overlay-wrap'><img decoding=\"async\" class='wp-image-47324 avia-img-lazy-loading-not-47324 avia_image' src=\"https:\/\/radiorevelacionfm.cl\/wp-content\/uploads\/2024\/10\/microemprendimiento-2-1-1.jpeg\" alt='' title='microemprendimiento 2 (1) (1)' height=\"600\" width=\"800\"  itemprop=\"thumbnailUrl\" srcset=\"https:\/\/radiorevelacionfm.cl\/wp-content\/uploads\/2024\/10\/microemprendimiento-2-1-1.jpeg 800w, https:\/\/radiorevelacionfm.cl\/wp-content\/uploads\/2024\/10\/microemprendimiento-2-1-1-300x225.jpeg 300w, https:\/\/radiorevelacionfm.cl\/wp-content\/uploads\/2024\/10\/microemprendimiento-2-1-1-768x576.jpeg 768w, https:\/\/radiorevelacionfm.cl\/wp-content\/uploads\/2024\/10\/microemprendimiento-2-1-1-705x529.jpeg 705w, https:\/\/radiorevelacionfm.cl\/wp-content\/uploads\/2024\/10\/microemprendimiento-2-1-1-450x338.jpeg 450w, https:\/\/radiorevelacionfm.cl\/wp-content\/uploads\/2024\/10\/microemprendimiento-2-1-1-600x450.jpeg 600w\" sizes=\"(max-width: 800px) 100vw, 800px\" \/><\/div><\/div><\/div><\/div><div class=\"flex_column av_one_full  flex_column_div av-zero-column-padding first  avia-builder-el-2  el_after_av_one_full  el_before_av_one_full  column-top-margin\" style='border-radius:0px; '><section class=\"av_textblock_section \"  itemscope=\"itemscope\" itemtype=\"https:\/\/schema.org\/BlogPosting\" itemprop=\"blogPost\" ><div class='avia_textblock  '   itemprop=\"text\" ><p style=\"text-align: center;\"><strong><span style=\"font-size: 18pt;\">Adjudican 84 proyectos a trav\u00e9s del Programa Microemprendimiento Ind\u00edgena de Conadi<\/span><\/strong><\/p>\n<div id=\"gtx-trans\" style=\"position: absolute; left: -50px; top: 4.31534px;\">\n<div class=\"gtx-trans-icon\"><\/div>\n<\/div>\n<\/div><\/section><\/div><div class=\"flex_column av_one_full  flex_column_div av-zero-column-padding first  avia-builder-el-4  el_after_av_one_full  el_before_av_hr  column-top-margin\" style='border-radius:0px; '><section class=\"av_textblock_section \"  itemscope=\"itemscope\" itemtype=\"https:\/\/schema.org\/BlogPosting\" itemprop=\"blogPost\" ><div class='avia_textblock  '   itemprop=\"text\" ><p style=\"text-align: justify;\">Un total de 200 postulaciones se recibieron en Conadi para adjudicar finalmente a 84 iniciativas de las comunas de Guaitecas, Cisnes, Lago Verde, Ays\u00e9n, Coyhaique, Ib\u00e1\u00f1ez, Cochrane y Chile Chico.<\/p>\n<p style=\"text-align: justify;\">Un total de 84 proyectos fueron adjudicados en la regi\u00f3n de Ays\u00e9n para ejecutar sus iniciativas a trav\u00e9s del Programa Microemprendimiento Ind\u00edgena de Conadi, con recursos provenientes del Ministerio de Desarrollo Social y Familia.<\/p>\n<p style=\"text-align: justify;\">El objetivo del beneficio estatal es apoyar a personas ind\u00edgenas pertenecientes al Subsistema Seguridades y Oportunidades y aumentar su capacidad de generar recursos econ\u00f3micos de forma aut\u00f3noma con iniciativas que pongan en valor y visibilicen la identidad cultural de los pueblos ind\u00edgenas.<\/p>\n<p style=\"text-align: justify;\">As\u00ed lo relev\u00f3 la Seremi de Desarrollo Social y Familia Karina Acevedo Auad, se\u00f1alando que se dispuso de $45.000.000 para ejecutar el programa en 8 comunas de la regi\u00f3n \u00abHemos gestionado desde el Ministerio de Desarrollo Social y familia el poder traspasar los recursos a Conadi y hacer la bajada a la regi\u00f3n de Ays\u00e9n en especial a estas 8 comunas y poder apoyarlos con el proyecto de microemprendimiento inicial de $550.000 por cada uno de los beneficiados. Esto les va a permitir comprar e implementar el emprendimiento que est\u00e1n iniciando o fortalecer algunos y para nosotros es muy importante apoyarlos en este camino no solo con el fondo, sino tambi\u00e9n con capacitaciones\u00bb.<\/p>\n<p style=\"text-align: justify;\">A trav\u00e9s de la entrega de capacitaciones y financiamiento de proyectos el Programa de Microemprendimiento Ind\u00edgena tiene como eje central desarrollar proyectos econ\u00f3micos- productivos que de preferencia releven la identidad cultural de los pueblos ind\u00edgenas a trav\u00e9s de sus procesos de elaboraci\u00f3n con conocimientos ancestral, utilizaci\u00f3n de materia prima de la dieta tradicional ind\u00edgena o difusi\u00f3n y dise\u00f1o de productos.<\/p>\n<p style=\"text-align: justify;\">Los proyectos van desde relevar oficios tradicionales como tejido, artesan\u00eda en madera, producci\u00f3n hort\u00edcola, reposter\u00eda, costuras, venta de productos del mar, hierbas medicinales. Blanca Huentel es de Islas Huichas y valor\u00f3 la entrega del beneficio \u00bb Es\u00a0excelente, porque de repente la falta de maquinaria te\u00a0limita a seguir trabajando. Bueno, mi emprendimiento se trata sobre productos del mar y es primera vez que salgo beneficiada como como ind\u00edgena en un proyecto. Estoy feliz, contenta y esperar que\u00a0tambi\u00e9n esto de repente se traspasara\u00a0a m\u00e1s gente, sobre todo en la isla que no siempre llega tanta informaci\u00f3n\u00bb.<\/p>\n<p style=\"text-align: justify;\">Teresa Llautureo de Puerto Ays\u00e9n participa en el Programa V\u00ednculos y en uno de los talleres se entreg\u00f3 la informaci\u00f3n y decidi\u00f3 postular para mejorar su emprendimiento de cortinaje \u00abMuy agradecido, de verdad, me ayudaron para que yo pueda postular al proyecto y luego haber salido aceptada. Es m\u00e1s importante a\u00fan porque no todos salieron favorecidos y del Programa V\u00ednculos fui la \u00fanica\u00bb.<\/p>\n<p style=\"text-align: justify;\">Finalmente, el Delegado Presidencial Regional Rodrigo Araya Morales destac\u00f3 lo que significa este aporte en la econom\u00eda familiar \u00abcon estos recursos se les da apoyo no solo en la compra de materiales sino tambi\u00e9n en la capacitaci\u00f3n y asesor\u00eda. Estos fondos son indispensables para desarrollar la econom\u00eda en nuestro territorio, sabemos de la gran cantidad de microemprendimientos que hay en la regi\u00f3n y todo el aporte que generan, as\u00ed que contentos de esta adjudicaci\u00f3n\u00bb.<\/p>\n<\/div><\/section><\/div><div  style='height:50px' class='hr hr-invisible   avia-builder-el-6  el_after_av_one_full  el_before_av_social_share '><span class='hr-inner ' ><span class='hr-inner-style'><\/span><\/span><\/div><\/p>\n<div  class='av-social-sharing-box  avia-builder-el-7  el_after_av_hr  el_before_av_hr  '><div class='av-share-box'><h5 class='av-share-link-description av-no-toc '>Compartir esta noticia<\/h5><ul class='av-share-box-list noLightbox'><li class='av-share-link av-social-link-facebook' ><a target=\"_blank\" aria-label=\"Compartir en Facebook\" href='https:\/\/www.facebook.com\/sharer.php?u=https:\/\/radiorevelacionfm.cl\/?p=47323&#038;t=Adjudican%2084%20proyectos%20a%20trav%C3%A9s%20del%20Programa%20Microemprendimiento%20Ind%C3%ADgena%20de%20Conadi' aria-hidden='false' data-av_icon='\ue8f3' data-av_iconfont='entypo-fontello' title='' data-avia-related-tooltip='Compartir en Facebook' rel=\"noopener\"><span class='avia_hidden_link_text'>Compartir en Facebook<\/span><\/a><\/li><li class='av-share-link av-social-link-twitter' ><a target=\"_blank\" aria-label=\"Compartir en Twitter\" href='https:\/\/twitter.com\/share?text=Adjudican%2084%20proyectos%20a%20trav%C3%A9s%20del%20Programa%20Microemprendimiento%20Ind%C3%ADgena%20de%20Conadi&#038;url=https:\/\/radiorevelacionfm.cl\/?p=47323' aria-hidden='false' data-av_icon='\ue8f1' data-av_iconfont='entypo-fontello' title='' data-avia-related-tooltip='Compartir en Twitter' rel=\"noopener\"><span class='avia_hidden_link_text'>Compartir en Twitter<\/span><\/a><\/li><li class='av-share-link av-social-link-whatsapp' ><a target=\"_blank\" aria-label=\"Compartir en Whatsapp\" href='https:\/\/api.whatsapp.com\/send?text=https:\/\/radiorevelacionfm.cl\/?p=47323' aria-hidden='false' data-av_icon='\uf232' data-av_iconfont='entypo-fontello' title='' data-avia-related-tooltip='Compartir en Whatsapp' rel=\"noopener\"><span class='avia_hidden_link_text'>Compartir en Whatsapp<\/span><\/a><\/li><li class='av-share-link av-social-link-linkedin' ><a target=\"_blank\" aria-label=\"Compartir en LinkedIn\" href='https:\/\/linkedin.com\/shareArticle?mini=true&#038;title=Adjudican%2084%20proyectos%20a%20trav%C3%A9s%20del%20Programa%20Microemprendimiento%20Ind%C3%ADgena%20de%20Conadi&#038;url=https:\/\/radiorevelacionfm.cl\/?p=47323' aria-hidden='false' data-av_icon='\ue8fc' data-av_iconfont='entypo-fontello' title='' data-avia-related-tooltip='Compartir en LinkedIn' rel=\"noopener\"><span class='avia_hidden_link_text'>Compartir en LinkedIn<\/span><\/a><\/li><li class='av-share-link av-social-link-mail' ><a  aria-label=\"Compartir por correo\" href='mailto:?subject=Adjudican%2084%20proyectos%20a%20trav%C3%A9s%20del%20Programa%20Microemprendimiento%20Ind%C3%ADgena%20de%20Conadi&#038;body=https:\/\/radiorevelacionfm.cl\/?p=47323' aria-hidden='false' data-av_icon='\ue805' data-av_iconfont='entypo-fontello' title='' data-avia-related-tooltip='Compartir por correo'><span class='avia_hidden_link_text'>Compartir por correo<\/span><\/a><\/li><\/ul><\/div><\/div>\n<div  style='height:50px' class='hr hr-invisible   avia-builder-el-8  el_after_av_social_share  el_before_av_comments_list '><span class='hr-inner ' ><span class='hr-inner-style'><\/span><\/span><\/div>\n<div  class='av-buildercomment  av-blog-meta-html-info-disabled av-blog-meta-tag-disabled  '><\/div>\n","protected":false},"excerpt":{"rendered":"","protected":false},"author":1,"featured_media":47324,"comment_status":"open","ping_status":"open","sticky":false,"template":"","format":"standard","meta":{"footnotes":""},"categories":[38],"tags":[],"class_list":["post-47323","post","type-post","status-publish","format-standard","has-post-thumbnail","hentry","category-regional"],"jetpack_featured_media_url":"https:\/\/radiorevelacionfm.cl\/wp-content\/uploads\/2024\/10\/microemprendimiento-2-1-1.jpeg","_links":{"self":[{"href":"https:\/\/radiorevelacionfm.cl\/index.php?rest_route=\/wp\/v2\/posts\/47323","targetHints":{"allow":["GET"]}}],"collection":[{"href":"https:\/\/radiorevelacionfm.cl\/index.php?rest_route=\/wp\/v2\/posts"}],"about":[{"href":"https:\/\/radiorevelacionfm.cl\/index.php?rest_route=\/wp\/v2\/types\/post"}],"author":[{"embeddable":true,"href":"https:\/\/radiorevelacionfm.cl\/index.php?rest_route=\/wp\/v2\/users\/1"}],"replies":[{"embeddable":true,"href":"https:\/\/radiorevelacionfm.cl\/index.php?rest_route=%2Fwp%2Fv2%2Fcomments&post=47323"}],"version-history":[{"count":1,"href":"https:\/\/radiorevelacionfm.cl\/index.php?rest_route=\/wp\/v2\/posts\/47323\/revisions"}],"predecessor-version":[{"id":47325,"href":"https:\/\/radiorevelacionfm.cl\/index.php?rest_route=\/wp\/v2\/posts\/47323\/revisions\/47325"}],"wp:featuredmedia":[{"embeddable":true,"href":"https:\/\/radiorevelacionfm.cl\/index.php?rest_route=\/wp\/v2\/media\/47324"}],"wp:attachment":[{"href":"https:\/\/radiorevelacionfm.cl\/index.php?rest_route=%2Fwp%2Fv2%2Fmedia&parent=47323"}],"wp:term":[{"taxonomy":"category","embeddable":true,"href":"https:\/\/radiorevelacionfm.cl\/index.php?rest_route=%2Fwp%2Fv2%2Fcategories&post=47323"},{"taxonomy":"post_tag","embeddable":true,"href":"https:\/\/radiorevelacionfm.cl\/index.php?rest_route=%2Fwp%2Fv2%2Ftags&post=47323"}],"curies":[{"name":"wp","href":"https:\/\/api.w.org\/{rel}","templated":true}]}}