{"id":47320,"date":"2024-10-22T16:25:25","date_gmt":"2024-10-22T19:25:25","guid":{"rendered":"https:\/\/radiorevelacionfm.cl\/?p=47320"},"modified":"2024-10-30T21:44:44","modified_gmt":"2024-10-31T00:44:44","slug":"masivo-interes-por-participar-en-simposio-que-analizara-el-crimen-organizado-en-el-sur-de-chile","status":"publish","type":"post","link":"https:\/\/radiorevelacionfm.cl\/?p=47320","title":{"rendered":"Masivo inter\u00e9s por participar en Simposio que analizar\u00e1 el crimen organizado en el sur de Chile"},"content":{"rendered":"<div class=\"flex_column av_one_full  flex_column_div av-zero-column-padding first  avia-builder-el-0  el_before_av_one_full  avia-builder-el-first  \" style='border-radius:0px; '><div  class='avia-image-container  av-styling-    avia-builder-el-1  avia-builder-el-no-sibling  avia-align-center '  itemprop=\"image\" itemscope=\"itemscope\" itemtype=\"https:\/\/schema.org\/ImageObject\"  ><div class='avia-image-container-inner'><div class='avia-image-overlay-wrap'><img decoding=\"async\" class='wp-image-47321 avia-img-lazy-loading-not-47321 avia_image' src=\"https:\/\/radiorevelacionfm.cl\/wp-content\/uploads\/2024\/10\/Afiche_Simposio_2024-1-1.jpg\" alt='' title='Afiche_Simposio_2024 (1) (1)' height=\"600\" width=\"1067\"  itemprop=\"thumbnailUrl\" srcset=\"https:\/\/radiorevelacionfm.cl\/wp-content\/uploads\/2024\/10\/Afiche_Simposio_2024-1-1.jpg 1067w, https:\/\/radiorevelacionfm.cl\/wp-content\/uploads\/2024\/10\/Afiche_Simposio_2024-1-1-300x169.jpg 300w, https:\/\/radiorevelacionfm.cl\/wp-content\/uploads\/2024\/10\/Afiche_Simposio_2024-1-1-1030x579.jpg 1030w, https:\/\/radiorevelacionfm.cl\/wp-content\/uploads\/2024\/10\/Afiche_Simposio_2024-1-1-768x432.jpg 768w, https:\/\/radiorevelacionfm.cl\/wp-content\/uploads\/2024\/10\/Afiche_Simposio_2024-1-1-705x396.jpg 705w, https:\/\/radiorevelacionfm.cl\/wp-content\/uploads\/2024\/10\/Afiche_Simposio_2024-1-1-450x253.jpg 450w, https:\/\/radiorevelacionfm.cl\/wp-content\/uploads\/2024\/10\/Afiche_Simposio_2024-1-1-600x337.jpg 600w\" sizes=\"(max-width: 1067px) 100vw, 1067px\" \/><\/div><\/div><\/div><\/div><div class=\"flex_column av_one_full  flex_column_div av-zero-column-padding first  avia-builder-el-2  el_after_av_one_full  el_before_av_one_full  column-top-margin\" style='border-radius:0px; '><section class=\"av_textblock_section \"  itemscope=\"itemscope\" itemtype=\"https:\/\/schema.org\/BlogPosting\" itemprop=\"blogPost\" ><div class='avia_textblock  '   itemprop=\"text\" ><p style=\"text-align: center;\"><strong><span style=\"font-size: 18pt;\">Masivo inter\u00e9s por participar en Simposio que analizar\u00e1 el crimen organizado en el sur de Chile<\/span><\/strong><\/p>\n<div id=\"gtx-trans\" style=\"position: absolute; left: -50px; top: 4.31534px;\">\n<div class=\"gtx-trans-icon\"><\/div>\n<\/div>\n<\/div><\/section><\/div><div class=\"flex_column av_one_full  flex_column_div av-zero-column-padding first  avia-builder-el-4  el_after_av_one_full  el_before_av_hr  column-top-margin\" style='border-radius:0px; '><section class=\"av_textblock_section \"  itemscope=\"itemscope\" itemtype=\"https:\/\/schema.org\/BlogPosting\" itemprop=\"blogPost\" ><div class='avia_textblock  '   itemprop=\"text\" ><p style=\"font-weight: 400; text-align: justify;\">Se contempla la participaci\u00f3n de polic\u00edas nacionales y extranjeros, sumado a acad\u00e9micos, quienes expondr\u00e1n en el VII Simposio sobre El Futuro de la Investigaci\u00f3n Criminal.<\/p>\n<p style=\"font-weight: 400; text-align: justify;\">M\u00e1s de 150 personas se han inscrito para participar del VII Simposio sobre el Futuro de la Investigaci\u00f3n Criminal que organiza la Fiscal\u00eda Regional de Ays\u00e9n y que este a\u00f1o analizar\u00e1 c\u00f3mo opera el crimen organizado en el sur de Chile.<\/p>\n<p style=\"font-weight: 400; text-align: justify;\">Este evento comenzar\u00e1 el jueves 24 de octubre a las 14.30 horas en el auditorio IV Divisi\u00f3n de Ej\u00e9rcito, avenida Baquedano de Coyhaique y continuar\u00e1 el viernes 25 de octubre desde las 08.45 horas hasta el mediod\u00eda.<\/p>\n<p style=\"font-weight: 400; text-align: justify;\">A esta actividad de vinculaci\u00f3n con el medio, han comprometido su asistencia altos representantes de Carabineros, Polic\u00eda de Investigaciones, Gendarmer\u00eda, adem\u00e1s de otras instituciones ligadas a la investigaci\u00f3n del crimen organizado en Chile. Adem\u00e1s, se contempla la participaci\u00f3n de polic\u00edas nacionales y extranjeros y acad\u00e9micos, quienes expondr\u00e1n en el VII Simposio sobre El Futuro de la Investigaci\u00f3n Criminal.<\/p>\n<p style=\"font-weight: 400; text-align: justify;\">Las personas interesadas en participar en este evento presencial, pueden registrarse en el siguiente link:\u00a0<a href=\"https:\/\/acortar.link\/8oE1Yc\" data-saferedirecturl=\"https:\/\/www.google.com\/url?q=https:\/\/acortar.link\/8oE1Yc&amp;source=gmail&amp;ust=1729709900783000&amp;usg=AOvVaw0DWXAwbnWQ-SMQlp_GBzzc\">https:\/\/acortar.link\/8oE1Yc<\/a>\u00a0 o escribir al correo\u00a0<a href=\"mailto:fnunez@minpublico.cl\">fnunez@minpublico.cl<\/a><\/p>\n<\/div><\/section><\/div><div  style='height:50px' class='hr hr-invisible   avia-builder-el-6  el_after_av_one_full  el_before_av_social_share '><span class='hr-inner ' ><span class='hr-inner-style'><\/span><\/span><\/div><\/p>\n<div  class='av-social-sharing-box  avia-builder-el-7  el_after_av_hr  el_before_av_hr  '><div class='av-share-box'><h5 class='av-share-link-description av-no-toc '>Compartir esta noticia<\/h5><ul class='av-share-box-list noLightbox'><li class='av-share-link av-social-link-facebook' ><a target=\"_blank\" aria-label=\"Compartir en Facebook\" href='https:\/\/www.facebook.com\/sharer.php?u=https:\/\/radiorevelacionfm.cl\/?p=47320&#038;t=Masivo%20inter%C3%A9s%20por%20participar%20en%20Simposio%20que%20analizar%C3%A1%20el%20crimen%20organizado%20en%20el%20sur%20de%20Chile' aria-hidden='false' data-av_icon='\ue8f3' data-av_iconfont='entypo-fontello' title='' data-avia-related-tooltip='Compartir en Facebook' rel=\"noopener\"><span class='avia_hidden_link_text'>Compartir en Facebook<\/span><\/a><\/li><li class='av-share-link av-social-link-twitter' ><a target=\"_blank\" aria-label=\"Compartir en Twitter\" href='https:\/\/twitter.com\/share?text=Masivo%20inter%C3%A9s%20por%20participar%20en%20Simposio%20que%20analizar%C3%A1%20el%20crimen%20organizado%20en%20el%20sur%20de%20Chile&#038;url=https:\/\/radiorevelacionfm.cl\/?p=47320' aria-hidden='false' data-av_icon='\ue8f1' data-av_iconfont='entypo-fontello' title='' data-avia-related-tooltip='Compartir en Twitter' rel=\"noopener\"><span class='avia_hidden_link_text'>Compartir en Twitter<\/span><\/a><\/li><li class='av-share-link av-social-link-whatsapp' ><a target=\"_blank\" aria-label=\"Compartir en Whatsapp\" href='https:\/\/api.whatsapp.com\/send?text=https:\/\/radiorevelacionfm.cl\/?p=47320' aria-hidden='false' data-av_icon='\uf232' data-av_iconfont='entypo-fontello' title='' data-avia-related-tooltip='Compartir en Whatsapp' rel=\"noopener\"><span class='avia_hidden_link_text'>Compartir en Whatsapp<\/span><\/a><\/li><li class='av-share-link av-social-link-linkedin' ><a target=\"_blank\" aria-label=\"Compartir en LinkedIn\" href='https:\/\/linkedin.com\/shareArticle?mini=true&#038;title=Masivo%20inter%C3%A9s%20por%20participar%20en%20Simposio%20que%20analizar%C3%A1%20el%20crimen%20organizado%20en%20el%20sur%20de%20Chile&#038;url=https:\/\/radiorevelacionfm.cl\/?p=47320' aria-hidden='false' data-av_icon='\ue8fc' data-av_iconfont='entypo-fontello' title='' data-avia-related-tooltip='Compartir en LinkedIn' rel=\"noopener\"><span class='avia_hidden_link_text'>Compartir en LinkedIn<\/span><\/a><\/li><li class='av-share-link av-social-link-mail' ><a  aria-label=\"Compartir por correo\" href='mailto:?subject=Masivo%20inter%C3%A9s%20por%20participar%20en%20Simposio%20que%20analizar%C3%A1%20el%20crimen%20organizado%20en%20el%20sur%20de%20Chile&#038;body=https:\/\/radiorevelacionfm.cl\/?p=47320' aria-hidden='false' data-av_icon='\ue805' data-av_iconfont='entypo-fontello' title='' data-avia-related-tooltip='Compartir por correo'><span class='avia_hidden_link_text'>Compartir por correo<\/span><\/a><\/li><\/ul><\/div><\/div>\n<div  style='height:50px' class='hr hr-invisible   avia-builder-el-8  el_after_av_social_share  el_before_av_comments_list '><span class='hr-inner ' ><span class='hr-inner-style'><\/span><\/span><\/div>\n<div  class='av-buildercomment  av-blog-meta-html-info-disabled av-blog-meta-tag-disabled  '><\/div>\n","protected":false},"excerpt":{"rendered":"","protected":false},"author":1,"featured_media":47321,"comment_status":"open","ping_status":"open","sticky":false,"template":"","format":"standard","meta":{"footnotes":""},"categories":[55],"tags":[],"class_list":["post-47320","post","type-post","status-publish","format-standard","has-post-thumbnail","hentry","category-justicia"],"jetpack_featured_media_url":"https:\/\/radiorevelacionfm.cl\/wp-content\/uploads\/2024\/10\/Afiche_Simposio_2024-1-1.jpg","_links":{"self":[{"href":"https:\/\/radiorevelacionfm.cl\/index.php?rest_route=\/wp\/v2\/posts\/47320","targetHints":{"allow":["GET"]}}],"collection":[{"href":"https:\/\/radiorevelacionfm.cl\/index.php?rest_route=\/wp\/v2\/posts"}],"about":[{"href":"https:\/\/radiorevelacionfm.cl\/index.php?rest_route=\/wp\/v2\/types\/post"}],"author":[{"embeddable":true,"href":"https:\/\/radiorevelacionfm.cl\/index.php?rest_route=\/wp\/v2\/users\/1"}],"replies":[{"embeddable":true,"href":"https:\/\/radiorevelacionfm.cl\/index.php?rest_route=%2Fwp%2Fv2%2Fcomments&post=47320"}],"version-history":[{"count":1,"href":"https:\/\/radiorevelacionfm.cl\/index.php?rest_route=\/wp\/v2\/posts\/47320\/revisions"}],"predecessor-version":[{"id":47322,"href":"https:\/\/radiorevelacionfm.cl\/index.php?rest_route=\/wp\/v2\/posts\/47320\/revisions\/47322"}],"wp:featuredmedia":[{"embeddable":true,"href":"https:\/\/radiorevelacionfm.cl\/index.php?rest_route=\/wp\/v2\/media\/47321"}],"wp:attachment":[{"href":"https:\/\/radiorevelacionfm.cl\/index.php?rest_route=%2Fwp%2Fv2%2Fmedia&parent=47320"}],"wp:term":[{"taxonomy":"category","embeddable":true,"href":"https:\/\/radiorevelacionfm.cl\/index.php?rest_route=%2Fwp%2Fv2%2Fcategories&post=47320"},{"taxonomy":"post_tag","embeddable":true,"href":"https:\/\/radiorevelacionfm.cl\/index.php?rest_route=%2Fwp%2Fv2%2Ftags&post=47320"}],"curies":[{"name":"wp","href":"https:\/\/api.w.org\/{rel}","templated":true}]}}