{"id":4732,"date":"2021-06-01T10:26:11","date_gmt":"2021-06-01T13:26:11","guid":{"rendered":"https:\/\/radiorevelacionfm.cl\/?p=4732"},"modified":"2021-06-01T10:26:11","modified_gmt":"2021-06-01T13:26:11","slug":"senda-da-inicio-a-celebracion-del-mes-de-la-prevencion-del-consumo-de-alcohol-y-otras-drogas","status":"publish","type":"post","link":"https:\/\/radiorevelacionfm.cl\/?p=4732","title":{"rendered":"Senda da inicio a celebraci\u00f3n del mes de la prevenci\u00f3n del consumo de alcohol y otras drogas"},"content":{"rendered":"<div class=\"flex_column av_one_full  flex_column_div av-zero-column-padding first  avia-builder-el-0  el_before_av_one_full  avia-builder-el-first  \" style='border-radius:0px; '><div  class='avia-image-container  av-styling-    avia-builder-el-1  avia-builder-el-no-sibling  avia-align-center '  itemprop=\"image\" itemscope=\"itemscope\" itemtype=\"https:\/\/schema.org\/ImageObject\"  ><div class='avia-image-container-inner'><div class='avia-image-overlay-wrap'><img decoding=\"async\" class='wp-image-0 avia-img-lazy-loading-not-0 avia_image' src=\"https:\/\/radiorevelacionfm.cl\/wp-content\/uploads\/2021\/05\/SENDA-3-1-1.jpg\" alt='' title=''   itemprop=\"thumbnailUrl\"  \/><\/div><\/div><\/div><\/div><div class=\"flex_column av_one_full  flex_column_div av-zero-column-padding first  avia-builder-el-2  el_after_av_one_full  el_before_av_one_full  column-top-margin\" style='border-radius:0px; '><section class=\"av_textblock_section \"  itemscope=\"itemscope\" itemtype=\"https:\/\/schema.org\/BlogPosting\" itemprop=\"blogPost\" ><div class='avia_textblock  '   itemprop=\"text\" ><p style=\"text-align: center;\"><strong><span style=\"font-size: 18pt;\">Senda da inicio a celebraci\u00f3n del mes de la prevenci\u00f3n del consumo de alcohol y otras drogas<\/span><\/strong><\/p>\n<div id=\"gtx-trans\" style=\"position: absolute; left: -50px; top: 4.31534px;\">\n<div class=\"gtx-trans-icon\"><\/div>\n<\/div>\n<\/div><\/section><\/div><\/p>\n<div class=\"flex_column av_one_full  flex_column_div av-zero-column-padding first  avia-builder-el-4  el_after_av_one_full  el_before_av_hr  column-top-margin\" style='border-radius:0px; '><section class=\"av_textblock_section \"  itemscope=\"itemscope\" itemtype=\"https:\/\/schema.org\/BlogPosting\" itemprop=\"blogPost\" ><div class='avia_textblock  '   itemprop=\"text\" ><p style=\"text-align: justify;\">Como cada a\u00f1o para SENDA Ays\u00e9n el mes de junio es especial al celebrarse el 26 del mes el d\u00eda de la Prevenci\u00f3n del Consumo de Drogas.<\/p>\n<p style=\"text-align: justify;\">Hist\u00f3ricamente se toma todo el mes y se planifica una parrilla de actividades adicionales a las realizadas habitualmente y de ejecuci\u00f3n de la oferta program\u00e1tica, para relevar la importancia de la Prevenci\u00f3n del Consumo de sustancias como alcohol y otras drogas.<\/p>\n<p style=\"text-align: justify;\">Este a\u00f1o al igual que el a\u00f1o 2020 y adapt\u00e1ndose al contexto de Pandemia, SENDA Ays\u00e9n y los Equipo Comunales denominados SENDA Previene, que ejecutan la oferta program\u00e1tica tanto en la comuna de Ays\u00e9n como de Coyhaique han planificado actividades para cada semana del mes usando como elemento estructurante del programa del mes, los pilares del Plan Nacional de Prevenci\u00f3n del Consumo de Drogas en ni\u00f1os, ni\u00f1as y adolescentes denominado Plan Elige Vivir Sin Drogas.<\/p>\n<p style=\"text-align: justify;\">Es as\u00ed como en base a los pilares de Familia, Escuela, Tiempo Libre y Grupo de pares, SENDA realizar\u00e1 actividades durante todo el mes de junio para celebrar el mes de la prevenci\u00f3n y difundir la importancia de la prevenci\u00f3n del consumo de drogas para nuestras comunidades y especialmente para nuestra poblaci\u00f3n infanto adolescente.<\/p>\n<p style=\"text-align: justify;\">Actividades destinadas a la familia y a los ni\u00f1os, ni\u00f1as y adolescentes de la regi\u00f3n, preferentemente y el uso de las redes sociales, formar\u00e1n parte del programa de trabajo de SENDA.<\/p>\n<p style=\"text-align: justify;\">Consultada la Directora Regional de SENDA Ays\u00e9n Annie Katherine Hunter sobre el programa ella puntualiz\u00f3: \u201cesperamos que la experiencia ganada el primer a\u00f1o de Pandemia 2020 en t\u00e9rminos de qu\u00e9 es lo que resulta atractivo de realizar y qu\u00e9 concita mayor inter\u00e9s de parte de la comunidad nos haya servido ahora que generamos en conjunto con los equipo comunales un programa de trabajo para todo el mes y hemos querido adaptarnos de mejor forma, al contexto sanitario; esperamos tener un lindo mes de celebraci\u00f3n y contar con el apoyo de la comunidad\u201d.<\/p>\n<p style=\"text-align: justify;\">Senda junto con iniciar este mes de celebraci\u00f3n, recuerda a la comunidad que est\u00e1 disponibles los 7 d\u00edas de la semana, las 24 horas del d\u00eda, durante los 365 d\u00edas del a\u00f1o, a trav\u00e9s del Fono Drogas y Alcohol 1412, servicio telef\u00f3nica gratuito desde red fija o desde celular, donde se acoge, orienta y gu\u00eda a la poblaci\u00f3n sobre las distintas alternativas de tratamiento existentes en el pa\u00eds y sobre tem\u00e1tica asociada a sustancias, consumo y prevenci\u00f3n del consumo.<\/p>\n<p style=\"text-align: justify;\"><strong>\u00a0<\/strong><\/p>\n<\/div><\/section><\/div>\n<div  style='height:50px' class='hr hr-invisible   avia-builder-el-6  el_after_av_one_full  el_before_av_social_share '><span class='hr-inner ' ><span class='hr-inner-style'><\/span><\/span><\/div>\n<div  class='av-social-sharing-box  avia-builder-el-7  el_after_av_hr  el_before_av_hr  '><div class='av-share-box'><h5 class='av-share-link-description av-no-toc '>Compartir esta noticia<\/h5><ul class='av-share-box-list noLightbox'><li class='av-share-link av-social-link-facebook' ><a target=\"_blank\" aria-label=\"Compartir en Facebook\" href='https:\/\/www.facebook.com\/sharer.php?u=https:\/\/radiorevelacionfm.cl\/?p=4732&#038;t=Senda%20da%20inicio%20a%20celebraci%C3%B3n%20del%20mes%20de%20la%20prevenci%C3%B3n%20del%20consumo%20de%20alcohol%20y%20otras%20drogas' aria-hidden='false' data-av_icon='\ue8f3' data-av_iconfont='entypo-fontello' title='' data-avia-related-tooltip='Compartir en Facebook' rel=\"noopener\"><span class='avia_hidden_link_text'>Compartir en Facebook<\/span><\/a><\/li><li class='av-share-link av-social-link-twitter' ><a target=\"_blank\" aria-label=\"Compartir en Twitter\" href='https:\/\/twitter.com\/share?text=Senda%20da%20inicio%20a%20celebraci%C3%B3n%20del%20mes%20de%20la%20prevenci%C3%B3n%20del%20consumo%20de%20alcohol%20y%20otras%20drogas&#038;url=https:\/\/radiorevelacionfm.cl\/?p=4732' aria-hidden='false' data-av_icon='\ue8f1' data-av_iconfont='entypo-fontello' title='' data-avia-related-tooltip='Compartir en Twitter' rel=\"noopener\"><span class='avia_hidden_link_text'>Compartir en Twitter<\/span><\/a><\/li><li class='av-share-link av-social-link-whatsapp' ><a target=\"_blank\" aria-label=\"Compartir en Whatsapp\" href='https:\/\/api.whatsapp.com\/send?text=https:\/\/radiorevelacionfm.cl\/?p=4732' aria-hidden='false' data-av_icon='\uf232' data-av_iconfont='entypo-fontello' title='' data-avia-related-tooltip='Compartir en Whatsapp' rel=\"noopener\"><span class='avia_hidden_link_text'>Compartir en Whatsapp<\/span><\/a><\/li><li class='av-share-link av-social-link-linkedin' ><a target=\"_blank\" aria-label=\"Compartir en LinkedIn\" href='https:\/\/linkedin.com\/shareArticle?mini=true&#038;title=Senda%20da%20inicio%20a%20celebraci%C3%B3n%20del%20mes%20de%20la%20prevenci%C3%B3n%20del%20consumo%20de%20alcohol%20y%20otras%20drogas&#038;url=https:\/\/radiorevelacionfm.cl\/?p=4732' aria-hidden='false' data-av_icon='\ue8fc' data-av_iconfont='entypo-fontello' title='' data-avia-related-tooltip='Compartir en LinkedIn' rel=\"noopener\"><span class='avia_hidden_link_text'>Compartir en LinkedIn<\/span><\/a><\/li><li class='av-share-link av-social-link-mail' ><a  aria-label=\"Compartir por correo\" href='mailto:?subject=Senda%20da%20inicio%20a%20celebraci%C3%B3n%20del%20mes%20de%20la%20prevenci%C3%B3n%20del%20consumo%20de%20alcohol%20y%20otras%20drogas&#038;body=https:\/\/radiorevelacionfm.cl\/?p=4732' aria-hidden='false' data-av_icon='\ue805' data-av_iconfont='entypo-fontello' title='' data-avia-related-tooltip='Compartir por correo'><span class='avia_hidden_link_text'>Compartir por correo<\/span><\/a><\/li><\/ul><\/div><\/div>\n<div  style='height:50px' class='hr hr-invisible   avia-builder-el-8  el_after_av_social_share  el_before_av_comments_list '><span class='hr-inner ' ><span class='hr-inner-style'><\/span><\/span><\/div>\n<div  class='av-buildercomment  av-blog-meta-html-info-disabled av-blog-meta-tag-disabled  '><\/div>\n","protected":false},"excerpt":{"rendered":"","protected":false},"author":1,"featured_media":0,"comment_status":"open","ping_status":"open","sticky":false,"template":"","format":"standard","meta":{"footnotes":""},"categories":[38],"tags":[],"class_list":["post-4732","post","type-post","status-publish","format-standard","hentry","category-regional"],"jetpack_featured_media_url":"","_links":{"self":[{"href":"https:\/\/radiorevelacionfm.cl\/index.php?rest_route=\/wp\/v2\/posts\/4732","targetHints":{"allow":["GET"]}}],"collection":[{"href":"https:\/\/radiorevelacionfm.cl\/index.php?rest_route=\/wp\/v2\/posts"}],"about":[{"href":"https:\/\/radiorevelacionfm.cl\/index.php?rest_route=\/wp\/v2\/types\/post"}],"author":[{"embeddable":true,"href":"https:\/\/radiorevelacionfm.cl\/index.php?rest_route=\/wp\/v2\/users\/1"}],"replies":[{"embeddable":true,"href":"https:\/\/radiorevelacionfm.cl\/index.php?rest_route=%2Fwp%2Fv2%2Fcomments&post=4732"}],"version-history":[{"count":3,"href":"https:\/\/radiorevelacionfm.cl\/index.php?rest_route=\/wp\/v2\/posts\/4732\/revisions"}],"predecessor-version":[{"id":4741,"href":"https:\/\/radiorevelacionfm.cl\/index.php?rest_route=\/wp\/v2\/posts\/4732\/revisions\/4741"}],"wp:attachment":[{"href":"https:\/\/radiorevelacionfm.cl\/index.php?rest_route=%2Fwp%2Fv2%2Fmedia&parent=4732"}],"wp:term":[{"taxonomy":"category","embeddable":true,"href":"https:\/\/radiorevelacionfm.cl\/index.php?rest_route=%2Fwp%2Fv2%2Fcategories&post=4732"},{"taxonomy":"post_tag","embeddable":true,"href":"https:\/\/radiorevelacionfm.cl\/index.php?rest_route=%2Fwp%2Fv2%2Ftags&post=4732"}],"curies":[{"name":"wp","href":"https:\/\/api.w.org\/{rel}","templated":true}]}}