{"id":47317,"date":"2024-10-22T17:39:01","date_gmt":"2024-10-22T20:39:01","guid":{"rendered":"https:\/\/radiorevelacionfm.cl\/?p=47317"},"modified":"2024-10-22T18:16:51","modified_gmt":"2024-10-22T21:16:51","slug":"comunidad-de-caleta-tortel-se-informa-sobre-nuevas-obras-viales-y-de-captacion-para-servicio-sanitario-rural","status":"publish","type":"post","link":"https:\/\/radiorevelacionfm.cl\/?p=47317","title":{"rendered":"Comunidad de Caleta Tortel se informa sobre nuevas obras viales y de captaci\u00f3n para Servicio Sanitario Rural"},"content":{"rendered":"<div class=\"flex_column av_one_full  flex_column_div av-zero-column-padding first  avia-builder-el-0  el_before_av_one_full  avia-builder-el-first  \" style='border-radius:0px; '><div  class='avia-image-container  av-styling-    avia-builder-el-1  avia-builder-el-no-sibling  avia-align-center '  itemprop=\"image\" itemscope=\"itemscope\" itemtype=\"https:\/\/schema.org\/ImageObject\"  ><div class='avia-image-container-inner'><div class='avia-image-overlay-wrap'><img decoding=\"async\" class='wp-image-47318 avia-img-lazy-loading-not-47318 avia_image' src=\"https:\/\/radiorevelacionfm.cl\/wp-content\/uploads\/2024\/10\/IMG_3491-1-1.jpg\" alt='' title='IMG_3491 (1) (1)' height=\"600\" width=\"900\"  itemprop=\"thumbnailUrl\" srcset=\"https:\/\/radiorevelacionfm.cl\/wp-content\/uploads\/2024\/10\/IMG_3491-1-1.jpg 900w, https:\/\/radiorevelacionfm.cl\/wp-content\/uploads\/2024\/10\/IMG_3491-1-1-300x200.jpg 300w, https:\/\/radiorevelacionfm.cl\/wp-content\/uploads\/2024\/10\/IMG_3491-1-1-768x512.jpg 768w, https:\/\/radiorevelacionfm.cl\/wp-content\/uploads\/2024\/10\/IMG_3491-1-1-705x470.jpg 705w, https:\/\/radiorevelacionfm.cl\/wp-content\/uploads\/2024\/10\/IMG_3491-1-1-450x300.jpg 450w, https:\/\/radiorevelacionfm.cl\/wp-content\/uploads\/2024\/10\/IMG_3491-1-1-600x400.jpg 600w\" sizes=\"(max-width: 900px) 100vw, 900px\" \/><\/div><\/div><\/div><\/div>\n<div class=\"flex_column av_one_full  flex_column_div av-zero-column-padding first  avia-builder-el-2  el_after_av_one_full  el_before_av_one_full  column-top-margin\" style='border-radius:0px; '><section class=\"av_textblock_section \"  itemscope=\"itemscope\" itemtype=\"https:\/\/schema.org\/BlogPosting\" itemprop=\"blogPost\" ><div class='avia_textblock  '   itemprop=\"text\" ><p style=\"text-align: center;\"><strong><span style=\"font-size: 18pt;\">Comunidad de Caleta Tortel se informa sobre nuevas obras viales y de captaci\u00f3n para Servicio Sanitario Rural<\/span><\/strong><\/p>\n<div id=\"gtx-trans\" style=\"position: absolute; left: -50px; top: 4.31534px;\">\n<div class=\"gtx-trans-icon\"><\/div>\n<\/div>\n<\/div><\/section><\/div><div class=\"flex_column av_one_full  flex_column_div av-zero-column-padding first  avia-builder-el-4  el_after_av_one_full  el_before_av_hr  column-top-margin\" style='border-radius:0px; '><section class=\"av_textblock_section \"  itemscope=\"itemscope\" itemtype=\"https:\/\/schema.org\/BlogPosting\" itemprop=\"blogPost\" ><div class='avia_textblock  '   itemprop=\"text\" ><p style=\"text-align: justify;\">La Secretaria Regional Ministerial de Obras P\u00fablicas Paloma Jara Vald\u00e9s junto al Director Regional de Obras Hidr\u00e1ulicas del MOP Francisco Real Bahamonde y equipo, esta semana sostuvieron una reuni\u00f3n con los y las vecinas de Caleta Tortel, para dar continuidad al trabajo en cada territorio que el Ministerio de Obras P\u00fablicas est\u00e1 realizando con el objeto de escuchar directamente las necesidades de las comunidades y avanzar con un trabajo colaborativo y conjunto en soluciones para las y los vecinos.<\/p>\n<p style=\"text-align: justify;\">Al respecto, la SEREMI del MOP destac\u00f3 \u201cCon esta reuni\u00f3n reafirmamos el compromiso del gobierno del presidente Boric de estar presente en cada una de las localidades de nuestra regi\u00f3n y de nuestro pa\u00eds. Hoy d\u00eda, los y las vecinas nos pudieron contar cu\u00e1les son sus preocupaciones en otras Carteras. Fue una reuni\u00f3n muy exitosa con miras a que prontamente Caleta Tortel tenga un mejor y mejorado Servicio Sanitario Rural\u201d.<\/p>\n<p style=\"text-align: justify;\">El Servicio Sanitario Rural de Caleta Tortel, fue instalado el a\u00f1o 1995, y en la actualidad cuenta con 331 arranques operativos. Su fuente de abastecimiento corresponde a la Laguna Tortel y cuenta con dos estanques de 50m<sup>3<\/sup>. Para mejorar el abastecimiento y la tonalidad del agua proveniente de la laguna Tortel -la que producto del Tep\u00fa cuenta con una pigmentaci\u00f3n concentrada- \u00a0la Direcci\u00f3n Regional de Obras Hidr\u00e1ulicas del Ministerio de Obras P\u00fablicas por medio de su Sub Direcci\u00f3n de Servicios Sanitarios Rurales, se encuentra desarrollando el dise\u00f1o de nueva captaci\u00f3n para el Servicio Sanitario Rural la que se encuentra ubicada camino a Puerto Yungay, en el estero Sin Nombre, el que permite el traslado de un agua de mejores condiciones para su tratamiento de manera gravitacional hasta Caleta Tortel.<\/p>\n<p style=\"text-align: justify;\">Director Regional de Obras Hidr\u00e1ulicas del MOP Francisco Real Bahamonde \u201cacabamos de terminar una muy buena reuni\u00f3n junto a los vecinos y vecinas en Caleta Tortel y hemos venido a dar el mensaje de los avances del proyecto de mejoramiento del Servicio Sanitario Rural de Caleta Tortel, y hemos visto que los vecinos est\u00e1n muy comprometidos, muchas consultas que hemos tratado de resolver sus dudas y nos vamos con algunas tareas y el compromiso de volver nuevamente, para comentar este proyecto, hoy en ciernes, pero que queremos concretar pr\u00f3ximamente y poder proyectar una nueva captaci\u00f3n en el estero con tuber\u00edas en una longitud de 26,4km conduciendo el agua para ser tratada hasta los recintos actuales de Servicio Sanitario Rural, incorporando un nuevo estanque de regulaci\u00f3n con un volumen de 200m3, el que permitir\u00e1 resguardar el crecimiento de la poblaci\u00f3n de la localidad en un periodo de previsi\u00f3n de 20 a\u00f1os. Estas obras contemplan un presupuesto estimado de $4.378 millones y beneficiar\u00e1 a 1.026 personas\u201d.<\/p>\n<p style=\"text-align: justify;\">Para Juan Pablo Helos, Director de la Tercera Compa\u00f1\u00eda de Bomberos de Caleta Tortel este proyecto es muy importante: \u201cEs tener mayor capacidad h\u00eddrica y mejorar tambi\u00e9n la calidad de \u00e9sta dentro de la comuna y que podamos tener grifos que nos dieran mejor acceso a la parte de emergencias dentro de la comuna. Se est\u00e1 viendo que la capacidad aumente desde 50 que tiene ahora a 250 metros c\u00fabicos de capacidad de agua, ser\u00eda la que tendr\u00edamos en este momento dentro de la comuna con este proyecto. Nos favorece porque tendr\u00edamos la capacidad de tener agua potable en una planificaci\u00f3n a 20 a\u00f1os, sin tener la dificultad de no tener capacidad h\u00eddrica para nuestro pueblo\u201d.<\/p>\n<p style=\"text-align: justify;\">En tanto, Roc\u00edo Lobos, Alcalde Subrogante de la comuna de Tortel realiz\u00f3 un positivo balance del trabajo en terreno y con la comunidad que realiz\u00f3 la Seremi de Obras P\u00fablicas junto a su equipo vial y en Obras Hidr\u00e1ulicas, destacando algunos acuerdos, \u201cestuvimos hablando de los trabajos que est\u00e1 realizando Vialidad en la comuna de Tortel y tambi\u00e9n de las proyecciones de los nuevos trabajos que va a hacer Obras Hidr\u00e1ulicas con una nueva captaci\u00f3n, si es que todo sale bien, cerca del R\u00edo Vagabundo. La nueva captaci\u00f3n ser\u00e1 un beneficio para la comuna, \u00a0porque esta tendr\u00eda una proyecci\u00f3n a 20 a\u00f1os, teniendo como segunda alternativa la captaci\u00f3n actual y tambi\u00e9n vamos a tener un mejor acceso a la comuna con nuevo reperfilado y con una parte de cemento\u201d.<\/p>\n<p style=\"text-align: justify;\">As\u00ed lo corrobor\u00f3 tambi\u00e9n, Juan Carlos B\u00f3rquez, Jefe de la Oficina Provincial de Vialidad MOP Capit\u00e1n Prat, \u201cexplicamos las obras que estamos ejecutando a trav\u00e9s de los Contratos de Conservaci\u00f3n Global y v\u00eda Administraci\u00f3n Directa con personal de Vialidad MOP. Mediante Administraci\u00f3n Directa, tenemos considerado para la segunda quincena de noviembre, durante diciembre y para el pr\u00f3ximo a\u00f1o en enero y febrero la ejecuci\u00f3n de 10 kil\u00f3metros de recebo que van desde la salida de Tortel hacia la Ruta 7; y adem\u00e1s, vamos a hacer un tramo de suelo cemento desde la salida de Tortel hasta el cruce con el Aer\u00f3dromo, obras que vamos a ejecutar en diciembre de este a\u00f1o\u201d.<\/p>\n<\/div><\/section><\/div><\/p>\n<div  style='height:50px' class='hr hr-invisible   avia-builder-el-6  el_after_av_one_full  el_before_av_social_share '><span class='hr-inner ' ><span class='hr-inner-style'><\/span><\/span><\/div>\n<div  class='av-social-sharing-box  avia-builder-el-7  el_after_av_hr  el_before_av_hr  '><div class='av-share-box'><h5 class='av-share-link-description av-no-toc '>Compartir esta noticia<\/h5><ul class='av-share-box-list noLightbox'><li class='av-share-link av-social-link-facebook' ><a target=\"_blank\" aria-label=\"Compartir en Facebook\" href='https:\/\/www.facebook.com\/sharer.php?u=https:\/\/radiorevelacionfm.cl\/?p=47317&#038;t=Comunidad%20de%20Caleta%20Tortel%20se%20informa%20sobre%20nuevas%20obras%20viales%20y%20de%20captaci%C3%B3n%20para%20Servicio%20Sanitario%20Rural' aria-hidden='false' data-av_icon='\ue8f3' data-av_iconfont='entypo-fontello' title='' data-avia-related-tooltip='Compartir en Facebook' rel=\"noopener\"><span class='avia_hidden_link_text'>Compartir en Facebook<\/span><\/a><\/li><li class='av-share-link av-social-link-twitter' ><a target=\"_blank\" aria-label=\"Compartir en Twitter\" href='https:\/\/twitter.com\/share?text=Comunidad%20de%20Caleta%20Tortel%20se%20informa%20sobre%20nuevas%20obras%20viales%20y%20de%20captaci%C3%B3n%20para%20Servicio%20Sanitario%20Rural&#038;url=https:\/\/radiorevelacionfm.cl\/?p=47317' aria-hidden='false' data-av_icon='\ue8f1' data-av_iconfont='entypo-fontello' title='' data-avia-related-tooltip='Compartir en Twitter' rel=\"noopener\"><span class='avia_hidden_link_text'>Compartir en Twitter<\/span><\/a><\/li><li class='av-share-link av-social-link-whatsapp' ><a target=\"_blank\" aria-label=\"Compartir en Whatsapp\" href='https:\/\/api.whatsapp.com\/send?text=https:\/\/radiorevelacionfm.cl\/?p=47317' aria-hidden='false' data-av_icon='\uf232' data-av_iconfont='entypo-fontello' title='' data-avia-related-tooltip='Compartir en Whatsapp' rel=\"noopener\"><span class='avia_hidden_link_text'>Compartir en Whatsapp<\/span><\/a><\/li><li class='av-share-link av-social-link-linkedin' ><a target=\"_blank\" aria-label=\"Compartir en LinkedIn\" href='https:\/\/linkedin.com\/shareArticle?mini=true&#038;title=Comunidad%20de%20Caleta%20Tortel%20se%20informa%20sobre%20nuevas%20obras%20viales%20y%20de%20captaci%C3%B3n%20para%20Servicio%20Sanitario%20Rural&#038;url=https:\/\/radiorevelacionfm.cl\/?p=47317' aria-hidden='false' data-av_icon='\ue8fc' data-av_iconfont='entypo-fontello' title='' data-avia-related-tooltip='Compartir en LinkedIn' rel=\"noopener\"><span class='avia_hidden_link_text'>Compartir en LinkedIn<\/span><\/a><\/li><li class='av-share-link av-social-link-mail' ><a  aria-label=\"Compartir por correo\" href='mailto:?subject=Comunidad%20de%20Caleta%20Tortel%20se%20informa%20sobre%20nuevas%20obras%20viales%20y%20de%20captaci%C3%B3n%20para%20Servicio%20Sanitario%20Rural&#038;body=https:\/\/radiorevelacionfm.cl\/?p=47317' aria-hidden='false' data-av_icon='\ue805' data-av_iconfont='entypo-fontello' title='' data-avia-related-tooltip='Compartir por correo'><span class='avia_hidden_link_text'>Compartir por correo<\/span><\/a><\/li><\/ul><\/div><\/div>\n<div  style='height:50px' class='hr hr-invisible   avia-builder-el-8  el_after_av_social_share  el_before_av_comments_list '><span class='hr-inner ' ><span class='hr-inner-style'><\/span><\/span><\/div>\n<div  class='av-buildercomment  av-blog-meta-html-info-disabled av-blog-meta-tag-disabled  '><\/div>\n","protected":false},"excerpt":{"rendered":"","protected":false},"author":1,"featured_media":47318,"comment_status":"open","ping_status":"open","sticky":false,"template":"","format":"standard","meta":{"footnotes":""},"categories":[38],"tags":[],"class_list":["post-47317","post","type-post","status-publish","format-standard","has-post-thumbnail","hentry","category-regional"],"jetpack_featured_media_url":"https:\/\/radiorevelacionfm.cl\/wp-content\/uploads\/2024\/10\/IMG_3491-1-1.jpg","_links":{"self":[{"href":"https:\/\/radiorevelacionfm.cl\/index.php?rest_route=\/wp\/v2\/posts\/47317","targetHints":{"allow":["GET"]}}],"collection":[{"href":"https:\/\/radiorevelacionfm.cl\/index.php?rest_route=\/wp\/v2\/posts"}],"about":[{"href":"https:\/\/radiorevelacionfm.cl\/index.php?rest_route=\/wp\/v2\/types\/post"}],"author":[{"embeddable":true,"href":"https:\/\/radiorevelacionfm.cl\/index.php?rest_route=\/wp\/v2\/users\/1"}],"replies":[{"embeddable":true,"href":"https:\/\/radiorevelacionfm.cl\/index.php?rest_route=%2Fwp%2Fv2%2Fcomments&post=47317"}],"version-history":[{"count":2,"href":"https:\/\/radiorevelacionfm.cl\/index.php?rest_route=\/wp\/v2\/posts\/47317\/revisions"}],"predecessor-version":[{"id":47335,"href":"https:\/\/radiorevelacionfm.cl\/index.php?rest_route=\/wp\/v2\/posts\/47317\/revisions\/47335"}],"wp:featuredmedia":[{"embeddable":true,"href":"https:\/\/radiorevelacionfm.cl\/index.php?rest_route=\/wp\/v2\/media\/47318"}],"wp:attachment":[{"href":"https:\/\/radiorevelacionfm.cl\/index.php?rest_route=%2Fwp%2Fv2%2Fmedia&parent=47317"}],"wp:term":[{"taxonomy":"category","embeddable":true,"href":"https:\/\/radiorevelacionfm.cl\/index.php?rest_route=%2Fwp%2Fv2%2Fcategories&post=47317"},{"taxonomy":"post_tag","embeddable":true,"href":"https:\/\/radiorevelacionfm.cl\/index.php?rest_route=%2Fwp%2Fv2%2Ftags&post=47317"}],"curies":[{"name":"wp","href":"https:\/\/api.w.org\/{rel}","templated":true}]}}