{"id":47314,"date":"2024-10-22T16:04:39","date_gmt":"2024-10-22T19:04:39","guid":{"rendered":"https:\/\/radiorevelacionfm.cl\/?p=47314"},"modified":"2024-10-22T16:04:39","modified_gmt":"2024-10-22T19:04:39","slug":"comienza-la-tarea-teleton-2024-familias-reciclando-en-modobilzypap","status":"publish","type":"post","link":"https:\/\/radiorevelacionfm.cl\/?p=47314","title":{"rendered":"Comienza la tarea Telet\u00f3n 2024: Familias reciclando en #ModoBilzyPap"},"content":{"rendered":"<div class=\"flex_column av_one_full  flex_column_div av-zero-column-padding first  avia-builder-el-0  el_before_av_one_full  avia-builder-el-first  \" style='border-radius:0px; '><div  class='avia-image-container  av-styling-    avia-builder-el-1  avia-builder-el-no-sibling  avia-align-center '  itemprop=\"image\" itemscope=\"itemscope\" itemtype=\"https:\/\/schema.org\/ImageObject\"  ><div class='avia-image-container-inner'><div class='avia-image-overlay-wrap'><img decoding=\"async\" class='wp-image-47315 avia-img-lazy-loading-not-47315 avia_image' src=\"https:\/\/radiorevelacionfm.cl\/wp-content\/uploads\/2024\/10\/teleton1-6-1-1.jpeg\" alt='' title='telet\u00f3n1 (6) (1) (1)' height=\"600\" width=\"800\"  itemprop=\"thumbnailUrl\" srcset=\"https:\/\/radiorevelacionfm.cl\/wp-content\/uploads\/2024\/10\/teleton1-6-1-1.jpeg 800w, https:\/\/radiorevelacionfm.cl\/wp-content\/uploads\/2024\/10\/teleton1-6-1-1-300x225.jpeg 300w, https:\/\/radiorevelacionfm.cl\/wp-content\/uploads\/2024\/10\/teleton1-6-1-1-768x576.jpeg 768w, https:\/\/radiorevelacionfm.cl\/wp-content\/uploads\/2024\/10\/teleton1-6-1-1-705x529.jpeg 705w, https:\/\/radiorevelacionfm.cl\/wp-content\/uploads\/2024\/10\/teleton1-6-1-1-450x338.jpeg 450w, https:\/\/radiorevelacionfm.cl\/wp-content\/uploads\/2024\/10\/teleton1-6-1-1-600x450.jpeg 600w\" sizes=\"(max-width: 800px) 100vw, 800px\" \/><\/div><\/div><\/div><\/div><div class=\"flex_column av_one_full  flex_column_div av-zero-column-padding first  avia-builder-el-2  el_after_av_one_full  el_before_av_one_full  column-top-margin\" style='border-radius:0px; '><section class=\"av_textblock_section \"  itemscope=\"itemscope\" itemtype=\"https:\/\/schema.org\/BlogPosting\" itemprop=\"blogPost\" ><div class='avia_textblock  '   itemprop=\"text\" ><p style=\"text-align: center;\"><span style=\"font-size: 18pt;\"><strong>Comienza la tarea Telet\u00f3n 2024: Familias reciclando en #ModoBilzyPap<\/strong><\/span><\/p>\n<div id=\"gtx-trans\" style=\"position: absolute; left: -50px; top: 4.31534px;\">\n<div class=\"gtx-trans-icon\"><\/div>\n<\/div>\n<\/div><\/section><\/div><div class=\"flex_column av_one_full  flex_column_div av-zero-column-padding first  avia-builder-el-4  el_after_av_one_full  el_before_av_hr  column-top-margin\" style='border-radius:0px; '><section class=\"av_textblock_section \"  itemscope=\"itemscope\" itemtype=\"https:\/\/schema.org\/BlogPosting\" itemprop=\"blogPost\" ><div class='avia_textblock  '   itemprop=\"text\" ><p style=\"text-align: justify;\">Desde el instituto Telet\u00f3n en Coyhaique se realiz\u00f3 el lanzamiento de la novena versi\u00f3n de la tarea Telet\u00f3n \u201cFamilias Reciclando en #ModoBilzYPap\u201d, iniciativa conjunta entre Telet\u00f3n, el Ministerio del Medio Ambiente y CCU que cuenta adem\u00e1s con la colaboraci\u00f3n de m\u00e1s de 40 municipalidades en todo Chile y el apoyo de los Sistemas de Gesti\u00f3n de Residuos de Envases y Embalajes, ReSimple y Giro.<\/p>\n<p style=\"text-align: justify;\">La tarea de Bilz y Pap busca educar y concientizar a las familias sobre el reciclaje de botellas pl\u00e1sticas PET, consider\u00e1ndolas como materia prima para elaborar otras botellas. Las botellas recolectadas pueden transformarse en nuevas botellas en CirCCUlar, la primera planta de producci\u00f3n de botellas pl\u00e1sticas recicladas de CCU, que permite reemplazar el pl\u00e1stico virgen, por uno que ya ha sido utilizado anteriormente.<\/p>\n<p style=\"text-align: justify;\">Yoal D\u00edaz, seremi de Medio Ambiente regi\u00f3n de Ays\u00e9n, se\u00f1al\u00f3: \u201cEstamos bien esperanzados de que esto sea un lindo proceso para Telet\u00f3n y que se logre la meta sobre todo para el reciclaje de las botellas PET particularmente. Sabemos que aqu\u00ed en la regi\u00f3n hay un compromiso, confiamos plenamente en que la gente va a poder juntar las botellas. Empiecen desde ya a lavarlas y depos\u00edtenlas limpias en los puntos que vamos a tener en Puerto Ays\u00e9n, Coyhaique e Ib\u00e1\u00f1ez. As\u00ed que a sumarse, a ser parte de este proceso. Tenemos un trabajo desde el punto de vista ambiental, que nos permite mirarlo desde una mirada mucho m\u00e1s integral, as\u00ed que estamos con harta esperanza de que la regi\u00f3n de Ays\u00e9n sea muy destacada a nivel nacional\u201d.<\/p>\n<p style=\"text-align: justify;\">Esta tarea se ha transformado en la mayor cruzada de reciclaje del pa\u00eds, ya que desde 2015 se han recolectado m\u00e1s de 500 toneladas de botellas pl\u00e1sticas PET (s\u00f3lo en 2023 se recolectaron 122 toneladas).<\/p>\n<p style=\"text-align: justify;\">Alex Mansilla, jefe de ventas CCU regi\u00f3n de Ays\u00e9n, destac\u00f3: \u201cLos puntos de reciclaje estar\u00e1n ubicados, ac\u00e1 en Coyhaique, en el Instituto Telet\u00f3n y tambi\u00e9n en la Plaza de Armas, adem\u00e1s en Puerto Ays\u00e9n, Ib\u00e1\u00f1ez y Cerro Castillo. La idea es entregar las botellas pl\u00e1sticas limpias, sin etiquetas y de pl\u00e1stico transparente. Est\u00e1n todos invitados a participar de esta maravillosa obra\u201d.<\/p>\n<p style=\"text-align: justify;\">La Telet\u00f3n es una cruzada que nos une como pa\u00eds, donde todos debemos participar y Bilz y Pap, que est\u00e1 desde 1905 en la mesa de los chilenos, cree en el trabajo colaborativo entre entidades p\u00fablicas y privadas. Al igual que los a\u00f1os anteriores, el objetivo es \u201cFamilias reciclando en #ModoBilzYPap\u201d, donde todos y todas se unan en torno a esta acci\u00f3n, que reciclar se transforme en un h\u00e1bito que pueden realizar todos los d\u00edas.<\/p>\n<p style=\"text-align: justify;\">Pilar Arismendis, directora Centro Telet\u00f3n Ays\u00e9n, precis\u00f3: \u201cHoy estamos muy contentos porque estamos lanzando la novena versi\u00f3n de la tarea Telet\u00f3n \u201cFamilias Reciclando en #ModoBilzYPap\u201d, CCU con su producto Bilz y Pap nos viene acompa\u00f1ando desde el 2015. Invitamos a la comunidad a venir a dejar sus botellas, vamos a tener ac\u00e1 un centro de acopio y tambi\u00e9n la municipalidad de Coyhaique va a tener un punto en la Plaza de Armas, les agradecemos a todos por su cooperaci\u00f3n. Esta campa\u00f1a est\u00e1 llena de desaf\u00edos, nos quedan muy poquitos d\u00edas para el 8 y 9 de noviembre, estamos con muchas ganas, tenemos lindas actividades que se van a realizar el d\u00eda 9 de noviembre en el instituto, as\u00ed que los invitamos a participar\u201d.<\/p>\n<p style=\"text-align: justify;\">Con respecto al Centro Telet\u00f3n, la directora agreg\u00f3: \u201cActualmente, estamos atendiendo a 687 familias, ni\u00f1os, ni\u00f1as y j\u00f3venes, desde Melinka a Lago Verde por el norte y tenemos pacientes en Villa O\u2019 Higgins y todas las ciudades intermedias. Nosotros trabajamos tanto en el Instituto como en rondas de atenci\u00f3n a las diferentes comunidades donde hay usuarios nuestros\u201d.<\/p>\n<p style=\"text-align: justify;\">El llamado es que los ni\u00f1os, sus familias y todas las personas, desde el 22 de octubre vayan a depositar sus botellas en los m\u00e1s de 300 puntos limpios que est\u00e1n distribuidos en el pa\u00eds. En la regi\u00f3n de Ays\u00e9n los puntos de recolecci\u00f3n estar\u00e1n dispuestos en Coyhaique: en el Centro Telet\u00f3n regi\u00f3n de Ays\u00e9n, calle Ej\u00e9rcito 567, Coyhaique y en la Plaza de Armas de la ciudad. En Puerto Ays\u00e9n, en el edificio Consistorial Municipal, calle Esmeralda S\/N. En Puerto Ib\u00e1\u00f1ez, en el Punto Limpio Municipal, en calle An\u00edbal Contreras S\/N y en Cerro Castillo, en salida sur de la carretera Austral S\/N. La informaci\u00f3n de los puntos de reciclaje y su localizaci\u00f3n est\u00e1n disponibles adem\u00e1s en la p\u00e1gina web de Bilz y Pap www.bilzypap.cl<\/p>\n<p style=\"text-align: justify;\">Las autoridades recalcaron que la tarea considera la recolecci\u00f3n de envases pl\u00e1sticos PET, tanto de bebidas, jugos y aguas de todas las marcas y formatos, reiterando el llamado a colaborar, reciclando todas las botellas pl\u00e1sticas PET que deseen, resguardando que vayan sin tapa, limpias y sin etiquetas.<\/p>\n<\/div><\/section><\/div><div  style='height:50px' class='hr hr-invisible   avia-builder-el-6  el_after_av_one_full  el_before_av_social_share '><span class='hr-inner ' ><span class='hr-inner-style'><\/span><\/span><\/div><\/p>\n<div  class='av-social-sharing-box  avia-builder-el-7  el_after_av_hr  el_before_av_hr  '><div class='av-share-box'><h5 class='av-share-link-description av-no-toc '>Compartir esta noticia<\/h5><ul class='av-share-box-list noLightbox'><li class='av-share-link av-social-link-facebook' ><a target=\"_blank\" aria-label=\"Compartir en Facebook\" href='https:\/\/www.facebook.com\/sharer.php?u=https:\/\/radiorevelacionfm.cl\/?p=47314&#038;t=Comienza%20la%20tarea%20Telet%C3%B3n%202024%3A%20Familias%20reciclando%20en%20%23ModoBilzyPap' aria-hidden='false' data-av_icon='\ue8f3' data-av_iconfont='entypo-fontello' title='' data-avia-related-tooltip='Compartir en Facebook' rel=\"noopener\"><span class='avia_hidden_link_text'>Compartir en Facebook<\/span><\/a><\/li><li class='av-share-link av-social-link-twitter' ><a target=\"_blank\" aria-label=\"Compartir en Twitter\" href='https:\/\/twitter.com\/share?text=Comienza%20la%20tarea%20Telet%C3%B3n%202024%3A%20Familias%20reciclando%20en%20%23ModoBilzyPap&#038;url=https:\/\/radiorevelacionfm.cl\/?p=47314' aria-hidden='false' data-av_icon='\ue8f1' data-av_iconfont='entypo-fontello' title='' data-avia-related-tooltip='Compartir en Twitter' rel=\"noopener\"><span class='avia_hidden_link_text'>Compartir en Twitter<\/span><\/a><\/li><li class='av-share-link av-social-link-whatsapp' ><a target=\"_blank\" aria-label=\"Compartir en Whatsapp\" href='https:\/\/api.whatsapp.com\/send?text=https:\/\/radiorevelacionfm.cl\/?p=47314' aria-hidden='false' data-av_icon='\uf232' data-av_iconfont='entypo-fontello' title='' data-avia-related-tooltip='Compartir en Whatsapp' rel=\"noopener\"><span class='avia_hidden_link_text'>Compartir en Whatsapp<\/span><\/a><\/li><li class='av-share-link av-social-link-linkedin' ><a target=\"_blank\" aria-label=\"Compartir en LinkedIn\" href='https:\/\/linkedin.com\/shareArticle?mini=true&#038;title=Comienza%20la%20tarea%20Telet%C3%B3n%202024%3A%20Familias%20reciclando%20en%20%23ModoBilzyPap&#038;url=https:\/\/radiorevelacionfm.cl\/?p=47314' aria-hidden='false' data-av_icon='\ue8fc' data-av_iconfont='entypo-fontello' title='' data-avia-related-tooltip='Compartir en LinkedIn' rel=\"noopener\"><span class='avia_hidden_link_text'>Compartir en LinkedIn<\/span><\/a><\/li><li class='av-share-link av-social-link-mail' ><a  aria-label=\"Compartir por correo\" href='mailto:?subject=Comienza%20la%20tarea%20Telet%C3%B3n%202024%3A%20Familias%20reciclando%20en%20%23ModoBilzyPap&#038;body=https:\/\/radiorevelacionfm.cl\/?p=47314' aria-hidden='false' data-av_icon='\ue805' data-av_iconfont='entypo-fontello' title='' data-avia-related-tooltip='Compartir por correo'><span class='avia_hidden_link_text'>Compartir por correo<\/span><\/a><\/li><\/ul><\/div><\/div>\n<div  style='height:50px' class='hr hr-invisible   avia-builder-el-8  el_after_av_social_share  el_before_av_comments_list '><span class='hr-inner ' ><span class='hr-inner-style'><\/span><\/span><\/div>\n<div  class='av-buildercomment  av-blog-meta-html-info-disabled av-blog-meta-tag-disabled  '><\/div>\n","protected":false},"excerpt":{"rendered":"","protected":false},"author":1,"featured_media":47315,"comment_status":"open","ping_status":"open","sticky":false,"template":"","format":"standard","meta":{"footnotes":""},"categories":[38],"tags":[],"class_list":["post-47314","post","type-post","status-publish","format-standard","has-post-thumbnail","hentry","category-regional"],"jetpack_featured_media_url":"https:\/\/radiorevelacionfm.cl\/wp-content\/uploads\/2024\/10\/teleton1-6-1-1.jpeg","_links":{"self":[{"href":"https:\/\/radiorevelacionfm.cl\/index.php?rest_route=\/wp\/v2\/posts\/47314","targetHints":{"allow":["GET"]}}],"collection":[{"href":"https:\/\/radiorevelacionfm.cl\/index.php?rest_route=\/wp\/v2\/posts"}],"about":[{"href":"https:\/\/radiorevelacionfm.cl\/index.php?rest_route=\/wp\/v2\/types\/post"}],"author":[{"embeddable":true,"href":"https:\/\/radiorevelacionfm.cl\/index.php?rest_route=\/wp\/v2\/users\/1"}],"replies":[{"embeddable":true,"href":"https:\/\/radiorevelacionfm.cl\/index.php?rest_route=%2Fwp%2Fv2%2Fcomments&post=47314"}],"version-history":[{"count":1,"href":"https:\/\/radiorevelacionfm.cl\/index.php?rest_route=\/wp\/v2\/posts\/47314\/revisions"}],"predecessor-version":[{"id":47316,"href":"https:\/\/radiorevelacionfm.cl\/index.php?rest_route=\/wp\/v2\/posts\/47314\/revisions\/47316"}],"wp:featuredmedia":[{"embeddable":true,"href":"https:\/\/radiorevelacionfm.cl\/index.php?rest_route=\/wp\/v2\/media\/47315"}],"wp:attachment":[{"href":"https:\/\/radiorevelacionfm.cl\/index.php?rest_route=%2Fwp%2Fv2%2Fmedia&parent=47314"}],"wp:term":[{"taxonomy":"category","embeddable":true,"href":"https:\/\/radiorevelacionfm.cl\/index.php?rest_route=%2Fwp%2Fv2%2Fcategories&post=47314"},{"taxonomy":"post_tag","embeddable":true,"href":"https:\/\/radiorevelacionfm.cl\/index.php?rest_route=%2Fwp%2Fv2%2Ftags&post=47314"}],"curies":[{"name":"wp","href":"https:\/\/api.w.org\/{rel}","templated":true}]}}