{"id":47310,"date":"2024-10-22T18:28:50","date_gmt":"2024-10-22T21:28:50","guid":{"rendered":"https:\/\/radiorevelacionfm.cl\/?p=47310"},"modified":"2024-10-22T18:28:50","modified_gmt":"2024-10-22T21:28:50","slug":"corte-de-coyhaique-37-anos-administrando-justicia-en-la-region-de-aysen","status":"publish","type":"post","link":"https:\/\/radiorevelacionfm.cl\/?p=47310","title":{"rendered":"Corte de Coyhaique: 37 a\u00f1os administrando justicia en la regi\u00f3n de Ays\u00e9n"},"content":{"rendered":"<div class=\"flex_column av_one_full  flex_column_div av-zero-column-padding first  avia-builder-el-0  el_before_av_one_full  avia-builder-el-first  \" style='border-radius:0px; '><div  class='avia-image-container  av-styling-    avia-builder-el-1  avia-builder-el-no-sibling  avia-align-center '  itemprop=\"image\" itemscope=\"itemscope\" itemtype=\"https:\/\/schema.org\/ImageObject\"  ><div class='avia-image-container-inner'><div class='avia-image-overlay-wrap'><img decoding=\"async\" class='wp-image-47312 avia-img-lazy-loading-not-47312 avia_image' src=\"https:\/\/radiorevelacionfm.cl\/wp-content\/uploads\/2024\/10\/pleno-de-ministros-2024-1_optimized.jpg\" alt='' title='pleno-de-ministros-2024-(1)_optimized' height=\"600\" width=\"900\"  itemprop=\"thumbnailUrl\" srcset=\"https:\/\/radiorevelacionfm.cl\/wp-content\/uploads\/2024\/10\/pleno-de-ministros-2024-1_optimized.jpg 900w, https:\/\/radiorevelacionfm.cl\/wp-content\/uploads\/2024\/10\/pleno-de-ministros-2024-1_optimized-300x200.jpg 300w, https:\/\/radiorevelacionfm.cl\/wp-content\/uploads\/2024\/10\/pleno-de-ministros-2024-1_optimized-768x512.jpg 768w, https:\/\/radiorevelacionfm.cl\/wp-content\/uploads\/2024\/10\/pleno-de-ministros-2024-1_optimized-705x470.jpg 705w, https:\/\/radiorevelacionfm.cl\/wp-content\/uploads\/2024\/10\/pleno-de-ministros-2024-1_optimized-450x300.jpg 450w, https:\/\/radiorevelacionfm.cl\/wp-content\/uploads\/2024\/10\/pleno-de-ministros-2024-1_optimized-600x400.jpg 600w\" sizes=\"(max-width: 900px) 100vw, 900px\" \/><\/div><\/div><\/div><\/div><div class=\"flex_column av_one_full  flex_column_div av-zero-column-padding first  avia-builder-el-2  el_after_av_one_full  el_before_av_one_full  column-top-margin\" style='border-radius:0px; '><section class=\"av_textblock_section \"  itemscope=\"itemscope\" itemtype=\"https:\/\/schema.org\/BlogPosting\" itemprop=\"blogPost\" ><div class='avia_textblock  '   itemprop=\"text\" ><p style=\"text-align: center;\"><strong><span style=\"font-size: 18pt;\">Corte de Coyhaique: 37 a\u00f1os administrando justicia en la regi\u00f3n de Ays\u00e9n<\/span><\/strong><\/p>\n<div id=\"gtx-trans\" style=\"position: absolute; left: -50px; top: 4.31534px;\">\n<div class=\"gtx-trans-icon\"><\/div>\n<\/div>\n<\/div><\/section><\/div><div class=\"flex_column av_one_full  flex_column_div av-zero-column-padding first  avia-builder-el-4  el_after_av_one_full  el_before_av_hr  column-top-margin\" style='border-radius:0px; '><section class=\"av_textblock_section \"  itemscope=\"itemscope\" itemtype=\"https:\/\/schema.org\/BlogPosting\" itemprop=\"blogPost\" ><div class='avia_textblock  '   itemprop=\"text\" ><p style=\"text-align: justify;\">Hoy- martes 22 de octubre- la Corte de Apelaciones de Coyhaique conmemor\u00f3 37 a\u00f1os desde su instalaci\u00f3n en la capital regional de Ays\u00e9n. Por ello, el presidente del tribunal de alzada, ministro Luis Aedo Mora, se refiri\u00f3 a la historia y al trabajo efectuado en este periodo y a los esfuerzos por continuar brindando el servicio de administraci\u00f3n de justicia para los habitantes del territorio.<\/p>\n<p style=\"text-align: justify;\">\u201cEl poder contar con una Corte de Apelaciones en Coyhaique y en la regi\u00f3n fue un verdadero desaf\u00edo. Era el territorio m\u00e1s extenso del pa\u00eds y no contaba con un tribunal de alzada, pero se logr\u00f3, gracias al apoyo de muchas personas e instituciones que trabajaron intensamente para contar con un tribunal de alzada que resolviera aqu\u00ed mismo las causas en su segunda instancia\u201d, sostuvo el ministro Aedo.<\/p>\n<p style=\"text-align: justify;\">A\u00f1adi\u00f3 que: \u201cCon muy pocos funcionarios, falta de infraestructura, pero con muchas ganas, en octubre de 1987 se constituy\u00f3 la Corte de Apelaciones de Coyhaique, con su primer presidente, don Hugo Bustos P\u00e9rez, y los ministros titulares don Sergio Mora Vallejos, don Manuel Barr\u00eda Subiabre y don Mario Kompatzki Contreras, para ejercer su jurisdicci\u00f3n sobre el territorio aisenino.\u00a0 Su primera acta de instalaci\u00f3n data del d\u00eda 21 de diciembre de 1987\u201d.<\/p>\n<p style=\"text-align: justify;\">El presidente sostuvo que: \u201cDe ah\u00ed en adelante nuestra misi\u00f3n y objetivo no han variado, impartir justicia de manera eficiente y oportuna, logrando con los a\u00f1os acercar la administraci\u00f3n de justicia a todos los rincones de Ays\u00e9n,\u00a0 incluso en los lugares m\u00e1s alejados, gracias a las itinerancias, tanto en el extremo norte, como en las aisladas comunidades del sur. Teniendo a la fecha al menos 2 a 3 itinerancias por a\u00f1o, por parte de los juzgados mixtos de Puerto Cisnes, Chile Chico y Cochrane, y claro, con las instituciones que siempre se suman y colaboran, como el Ministerio P\u00fablico, la Defensor\u00eda Penal P\u00fablica, la Corporaci\u00f3n de Asistencia Judicial, Gendarmer\u00eda, notarios y conservadores\u201d.<\/p>\n<p style=\"text-align: justify;\">Agreg\u00f3 que: \u201ca esto se suma otra arista del trabajo judicial, que es la vinculaci\u00f3n con la comunidad. En este sentido, como Corte de Apelaciones hemos abierto nuestras puertas para generar un espacio para los artistas regionales a fin que puedan exponer sus obras; adem\u00e1s brindando informaci\u00f3n educativa a ni\u00f1os y estudiantes, a trav\u00e9s de visitas guiadas y, por cierto, dando pie para la participaci\u00f3n de la comunidad jur\u00eddica regional con la realizaci\u00f3n de diversas charlas, conversatorios y seminarios sobre normativas legales\u201d.<\/p>\n<p style=\"text-align: justify;\"><strong>Trabajo jurisdiccional<\/strong><\/p>\n<p style=\"text-align: justify;\">Respecto a la labor jurisdiccional del tribunal de alzada, el ministro inform\u00f3 que al 30 de septiembre de 2024 la Corte de Apelaciones de Coyhaique registr\u00f3 un ingreso equivalente a 1750 recursos, de los cuales el 37 % corresponden a Asuntos Administrativos, un 21% a Recursos Penales, \u00a0el 12 % a Acciones de Protecci\u00f3n \u2013los que a su vez se subdividen en un 43\u00a0 % Isapre Adecuaci\u00f3n, un 44 % Protecci\u00f3n Civil, y un 13% sobre Migraciones-, un 11% a Recursos Civiles, un 5% a Recursos de Amparo y el 14 % restante a otras materias como Laboral, Familia,\u00a0 Polic\u00eda Local y Tributarias.<\/p>\n<p style=\"text-align: justify;\">Sobre las causas terminadas en lo que va de 2024, el tribunal de alzada dio t\u00e9rmino a 1821 recursos, se resolvieron 7764 escritos, y se encuentra con un inventario de causas en tramitaci\u00f3n de 156 recursos, con un promedio de tramitaci\u00f3n en general de 28 d\u00edas.<\/p>\n<p style=\"text-align: justify;\"><strong>Centro de Observaci\u00f3n y Control del Cumplimiento de Medidas de Protecci\u00f3n<\/strong><\/p>\n<p style=\"text-align: justify;\">El Centro de Seguimiento de Medidas de Protecci\u00f3n (CSMP), dependiente de esta Corte de Apelaciones durante el presente a\u00f1o 2024, ha relevado el trabajo de la Mesa T\u00e9cnica Interinstitucional como instancia de coordinaci\u00f3n oficial, reuniones celebradas bimestralmente y convocadas por la Ministra encargada de asuntos familia do\u00f1a Natalia Rencoret, que en este periodo ha sumado la presencia del presidente del tribunal de alzada para el desarrollo de algunas tem\u00e1ticas tales como: Principales elementos del modelo de intervenci\u00f3n acompa\u00f1amiento familiar territorial y su adosado prevenci\u00f3n focalizada (AFT-PF) y realidad regional; Protecci\u00f3n Administrativa y Funciones Oficinas Locales de la Ni\u00f1ez (OLN); Presentaci\u00f3n SEREMI Educaci\u00f3n \u201cLas facultades e injerencias del Ministerio de Educaci\u00f3n hacia los establecimientos educacionales, y capacidades m\u00e1ximas autorizadas\u201d y \u201cLos fundamentos del sistema de admisi\u00f3n escolar y la autorizaci\u00f3n de sobrecupos\u201d.<\/p>\n<p style=\"text-align: justify;\">El ministro Aedo hizo hincapi\u00e9\u00a0 en \u201cque los Tribunales de Justicia, conforman el sistema de Garant\u00edas y Protecci\u00f3n Integral, por lo que su trabajo debe estar encaminado hacia la protecci\u00f3n, promoci\u00f3n, prevenci\u00f3n y reparaci\u00f3n de los derechos de ni\u00f1os, ni\u00f1as y adolescentes\u201d.<\/p>\n<p style=\"text-align: justify;\">Agreg\u00f3 que al 30 de septiembre nuestra jurisdicci\u00f3n registraba un total de 1340 medidas de protecci\u00f3n decretadas por los tribunales de familia en las que se dispuso alguna derivaci\u00f3n.<\/p>\n<p style=\"text-align: justify;\">Estas, a su vez, se desglosan en 262 medidas de protecci\u00f3n (causas P) y 1078 causas de cumplimiento de medidas de protecci\u00f3n(causas X). De este total un 95,6% corresponde a derivaciones en intervenci\u00f3n ambulatoria, un 2,6% medidas de protecci\u00f3n con ingreso a la modalidad de intervenci\u00f3n de familias de acogida (FAE) y 1,5% corresponden a ingresos a residencias.<\/p>\n<p style=\"text-align: justify;\"><strong>Unidad de Liquidaciones Especializadas<\/strong><\/p>\n<p style=\"text-align: justify;\">A contar del 01 de enero de 2024, la unidad de liquidaciones especializada de Coyhaique inici\u00f3 sus funciones bajo la administraci\u00f3n de la Ilustr\u00edsima Corte de Apelaciones de Coyhaique.<\/p>\n<p style=\"text-align: justify;\">Esta unidad, est\u00e1 constituida por una dotaci\u00f3n de 4 personas (1 Supervisor, 1 Administrativo abogado y 2 Administrativos liquidadores), y a contar del 02 de septiembre de 2024, por 4 meses, se incorpora como apoyo a la unidad una administrativa liquidadora.<\/p>\n<p style=\"text-align: justify;\">Mantiene su trabajo mancomunadamente con los 5 tribunales de la Jurisdicci\u00f3n (Juzgado de Familia de Coyhaique, Juzgado de Letras y Garant\u00eda de Puerto Ays\u00e9n, Juzgado de Letras y Garant\u00eda de Chile Chico, Juzgado de Letras y Garant\u00eda de Puerto Cisnes y Juzgado de Letras y Garant\u00eda de Cochrane), encarg\u00e1ndose de la funci\u00f3n principal, que corresponde realizar el c\u00e1lculo de todas las liquidaciones de pensiones de alimentos que se vayan generando por sistema o a solicitud de cada usuario, las que se han visto incrementadas a diario en los tribunales de la Jurisdicci\u00f3n.<\/p>\n<p style=\"text-align: justify;\">A m\u00e1s de un a\u00f1o de su funcionamiento, esta unidad ha realizado un total de 30.581 liquidaciones, conforme a la siguiente distribuci\u00f3n: Juzgado de Familia de Coyhaique: 19.757 liquidaciones; Juzgado de Letras, Garant\u00eda y Familia de Puerto Ays\u00e9n: 6.899 liquidaciones, Juzgado de Letras, Garant\u00eda y Familia de Puerto Cisnes: 1.076 liquidaciones; Juzgado de Letras, Garant\u00eda y Familia de Chile Chico: 1.967 liquidaciones, y Juzgado de Letras, Garant\u00eda y Familia de Cochrane: 882 liquidaciones.<\/p>\n<p style=\"text-align: justify;\">El arduo trabajo y desempe\u00f1o de cada uno de sus integrantes ha permitido que esta unidad de liquidaciones cumpla con su funci\u00f3n principal y objetivo planteado, en cuanto a mantener al d\u00eda el trabajo que se genera en cada tribunal.<\/p>\n<p style=\"text-align: justify;\"><strong>Vinculaci\u00f3n<\/strong><\/p>\n<p style=\"text-align: justify;\">El Poder Judicial en la jurisdicci\u00f3n ha puesto un gran \u00e9nfasis en los \u00faltimos a\u00f1os para convocar a las comunidades y generar una mayor cercan\u00eda con este poder del Estado. En este sentido, el ministro Aedo relev\u00f3 las iniciativas concretadas durante el presente a\u00f1o judicial, entre ellas:<\/p>\n<ul style=\"text-align: justify;\">\n<li>Corte de Coyhaique invita a charla \u201cColoquios Jur\u00eddicos en Oto\u00f1o\u201d.<\/li>\n<li>Corte de Apelaciones de Coyhaique y Academia Judicial organizaron seminario \u201cDeterminaci\u00f3n, Aplicaci\u00f3n y Ejecuci\u00f3n de penas\u201d.<\/li>\n<li>Corte de Coyhaique realiza charla sobre derecho privado dirigida a comunidades jur\u00eddicas de Ays\u00e9n y Magallanes.<\/li>\n<li>D\u00eda de los patrimonios: Corte de Coyhaique invita a la comunidad a exposici\u00f3n fotogr\u00e1fica de pioneros y colonos.<\/li>\n<li>D\u00eda de los patrimonios: corte de Coyhaique entrega expediente del teniente Hern\u00e1n Merino Correa a Museo Regional de Ays\u00e9n<\/li>\n<li>En la Corte de Coyhaique: Dictan conversatorio sobre Migraci\u00f3n y Normativa aplicable.<\/li>\n<li>Corte de Coyhaique realiz\u00f3 conversatorio sobre Ley de Insolvencia y Reemprendimiento.<\/li>\n<li>D\u00eda de las artes visuales: Artistas regionales exponen obras en la Corte de Coyhaique.<\/li>\n<\/ul>\n<\/div><\/section><\/div><div  style='height:50px' class='hr hr-invisible   avia-builder-el-6  el_after_av_one_full  el_before_av_social_share '><span class='hr-inner ' ><span class='hr-inner-style'><\/span><\/span><\/div><\/p>\n<div  class='av-social-sharing-box  avia-builder-el-7  el_after_av_hr  el_before_av_hr  '><div class='av-share-box'><h5 class='av-share-link-description av-no-toc '>Compartir esta noticia<\/h5><ul class='av-share-box-list noLightbox'><li class='av-share-link av-social-link-facebook' ><a target=\"_blank\" aria-label=\"Compartir en Facebook\" href='https:\/\/www.facebook.com\/sharer.php?u=https:\/\/radiorevelacionfm.cl\/?p=47310&#038;t=Corte%20de%20Coyhaique%3A%2037%20a%C3%B1os%20administrando%20justicia%20en%20la%20regi%C3%B3n%20de%20Ays%C3%A9n' aria-hidden='false' data-av_icon='\ue8f3' data-av_iconfont='entypo-fontello' title='' data-avia-related-tooltip='Compartir en Facebook' rel=\"noopener\"><span class='avia_hidden_link_text'>Compartir en Facebook<\/span><\/a><\/li><li class='av-share-link av-social-link-twitter' ><a target=\"_blank\" aria-label=\"Compartir en Twitter\" href='https:\/\/twitter.com\/share?text=Corte%20de%20Coyhaique%3A%2037%20a%C3%B1os%20administrando%20justicia%20en%20la%20regi%C3%B3n%20de%20Ays%C3%A9n&#038;url=https:\/\/radiorevelacionfm.cl\/?p=47310' aria-hidden='false' data-av_icon='\ue8f1' data-av_iconfont='entypo-fontello' title='' data-avia-related-tooltip='Compartir en Twitter' rel=\"noopener\"><span class='avia_hidden_link_text'>Compartir en Twitter<\/span><\/a><\/li><li class='av-share-link av-social-link-whatsapp' ><a target=\"_blank\" aria-label=\"Compartir en Whatsapp\" href='https:\/\/api.whatsapp.com\/send?text=https:\/\/radiorevelacionfm.cl\/?p=47310' aria-hidden='false' data-av_icon='\uf232' data-av_iconfont='entypo-fontello' title='' data-avia-related-tooltip='Compartir en Whatsapp' rel=\"noopener\"><span class='avia_hidden_link_text'>Compartir en Whatsapp<\/span><\/a><\/li><li class='av-share-link av-social-link-linkedin' ><a target=\"_blank\" aria-label=\"Compartir en LinkedIn\" href='https:\/\/linkedin.com\/shareArticle?mini=true&#038;title=Corte%20de%20Coyhaique%3A%2037%20a%C3%B1os%20administrando%20justicia%20en%20la%20regi%C3%B3n%20de%20Ays%C3%A9n&#038;url=https:\/\/radiorevelacionfm.cl\/?p=47310' aria-hidden='false' data-av_icon='\ue8fc' data-av_iconfont='entypo-fontello' title='' data-avia-related-tooltip='Compartir en LinkedIn' rel=\"noopener\"><span class='avia_hidden_link_text'>Compartir en LinkedIn<\/span><\/a><\/li><li class='av-share-link av-social-link-mail' ><a  aria-label=\"Compartir por correo\" href='mailto:?subject=Corte%20de%20Coyhaique%3A%2037%20a%C3%B1os%20administrando%20justicia%20en%20la%20regi%C3%B3n%20de%20Ays%C3%A9n&#038;body=https:\/\/radiorevelacionfm.cl\/?p=47310' aria-hidden='false' data-av_icon='\ue805' data-av_iconfont='entypo-fontello' title='' data-avia-related-tooltip='Compartir por correo'><span class='avia_hidden_link_text'>Compartir por correo<\/span><\/a><\/li><\/ul><\/div><\/div>\n<div  style='height:50px' class='hr hr-invisible   avia-builder-el-8  el_after_av_social_share  el_before_av_comments_list '><span class='hr-inner ' ><span class='hr-inner-style'><\/span><\/span><\/div>\n<div  class='av-buildercomment  av-blog-meta-html-info-disabled av-blog-meta-tag-disabled  '><\/div>\n","protected":false},"excerpt":{"rendered":"","protected":false},"author":1,"featured_media":47312,"comment_status":"open","ping_status":"open","sticky":false,"template":"","format":"standard","meta":{"footnotes":""},"categories":[55],"tags":[],"class_list":["post-47310","post","type-post","status-publish","format-standard","has-post-thumbnail","hentry","category-justicia"],"jetpack_featured_media_url":"https:\/\/radiorevelacionfm.cl\/wp-content\/uploads\/2024\/10\/pleno-de-ministros-2024-1_optimized.jpg","_links":{"self":[{"href":"https:\/\/radiorevelacionfm.cl\/index.php?rest_route=\/wp\/v2\/posts\/47310","targetHints":{"allow":["GET"]}}],"collection":[{"href":"https:\/\/radiorevelacionfm.cl\/index.php?rest_route=\/wp\/v2\/posts"}],"about":[{"href":"https:\/\/radiorevelacionfm.cl\/index.php?rest_route=\/wp\/v2\/types\/post"}],"author":[{"embeddable":true,"href":"https:\/\/radiorevelacionfm.cl\/index.php?rest_route=\/wp\/v2\/users\/1"}],"replies":[{"embeddable":true,"href":"https:\/\/radiorevelacionfm.cl\/index.php?rest_route=%2Fwp%2Fv2%2Fcomments&post=47310"}],"version-history":[{"count":1,"href":"https:\/\/radiorevelacionfm.cl\/index.php?rest_route=\/wp\/v2\/posts\/47310\/revisions"}],"predecessor-version":[{"id":47313,"href":"https:\/\/radiorevelacionfm.cl\/index.php?rest_route=\/wp\/v2\/posts\/47310\/revisions\/47313"}],"wp:featuredmedia":[{"embeddable":true,"href":"https:\/\/radiorevelacionfm.cl\/index.php?rest_route=\/wp\/v2\/media\/47312"}],"wp:attachment":[{"href":"https:\/\/radiorevelacionfm.cl\/index.php?rest_route=%2Fwp%2Fv2%2Fmedia&parent=47310"}],"wp:term":[{"taxonomy":"category","embeddable":true,"href":"https:\/\/radiorevelacionfm.cl\/index.php?rest_route=%2Fwp%2Fv2%2Fcategories&post=47310"},{"taxonomy":"post_tag","embeddable":true,"href":"https:\/\/radiorevelacionfm.cl\/index.php?rest_route=%2Fwp%2Fv2%2Ftags&post=47310"}],"curies":[{"name":"wp","href":"https:\/\/api.w.org\/{rel}","templated":true}]}}