{"id":47307,"date":"2024-10-22T19:10:44","date_gmt":"2024-10-22T22:10:44","guid":{"rendered":"https:\/\/radiorevelacionfm.cl\/?p=47307"},"modified":"2024-10-22T19:10:44","modified_gmt":"2024-10-22T22:10:44","slug":"comenzo-el-simce-2024-casi-800-mil-estudiantes-de-4-basico-6-basico-y-ii-medio-mediran-el-avance-de-sus-aprendizajes","status":"publish","type":"post","link":"https:\/\/radiorevelacionfm.cl\/?p=47307","title":{"rendered":"Comenz\u00f3 el Simce 2024: casi 800 mil estudiantes de 4\u00b0 b\u00e1sico, 6\u00b0 b\u00e1sico y II medio medir\u00e1n el avance de sus aprendizajes"},"content":{"rendered":"<div class=\"flex_column av_one_full  flex_column_div av-zero-column-padding first  avia-builder-el-0  el_before_av_one_full  avia-builder-el-first  \" style='border-radius:0px; '><div  class='avia-image-container  av-styling-    avia-builder-el-1  avia-builder-el-no-sibling  avia-align-center '  itemprop=\"image\" itemscope=\"itemscope\" itemtype=\"https:\/\/schema.org\/ImageObject\"  ><div class='avia-image-container-inner'><div class='avia-image-overlay-wrap'><img decoding=\"async\" class='wp-image-47308 avia-img-lazy-loading-not-47308 avia_image' src=\"https:\/\/radiorevelacionfm.cl\/wp-content\/uploads\/2024\/10\/Simce2-1-2-1-1.jpg\" alt='' title='Simce2 (1) (2) (1) (1)' height=\"600\" width=\"1000\"  itemprop=\"thumbnailUrl\" srcset=\"https:\/\/radiorevelacionfm.cl\/wp-content\/uploads\/2024\/10\/Simce2-1-2-1-1.jpg 1000w, https:\/\/radiorevelacionfm.cl\/wp-content\/uploads\/2024\/10\/Simce2-1-2-1-1-300x180.jpg 300w, https:\/\/radiorevelacionfm.cl\/wp-content\/uploads\/2024\/10\/Simce2-1-2-1-1-768x461.jpg 768w, https:\/\/radiorevelacionfm.cl\/wp-content\/uploads\/2024\/10\/Simce2-1-2-1-1-705x423.jpg 705w, https:\/\/radiorevelacionfm.cl\/wp-content\/uploads\/2024\/10\/Simce2-1-2-1-1-450x270.jpg 450w, https:\/\/radiorevelacionfm.cl\/wp-content\/uploads\/2024\/10\/Simce2-1-2-1-1-600x360.jpg 600w\" sizes=\"(max-width: 1000px) 100vw, 1000px\" \/><\/div><\/div><\/div><\/div><div class=\"flex_column av_one_full  flex_column_div av-zero-column-padding first  avia-builder-el-2  el_after_av_one_full  el_before_av_one_full  column-top-margin\" style='border-radius:0px; '><section class=\"av_textblock_section \"  itemscope=\"itemscope\" itemtype=\"https:\/\/schema.org\/BlogPosting\" itemprop=\"blogPost\" ><div class='avia_textblock  '   itemprop=\"text\" ><p style=\"text-align: center;\"><strong><span style=\"font-size: 18pt;\">Comenz\u00f3 el Simce 2024: casi 800 mil estudiantes de 4\u00b0 b\u00e1sico, 6\u00b0 b\u00e1sico y II medio medir\u00e1n el avance de sus aprendizajes<\/span><\/strong><\/p>\n<div id=\"gtx-trans\" style=\"position: absolute; left: -50px; top: 4.31534px;\">\n<div class=\"gtx-trans-icon\"><\/div>\n<\/div>\n<\/div><\/section><\/div><div class=\"flex_column av_one_full  flex_column_div av-zero-column-padding first  avia-builder-el-4  el_after_av_one_full  el_before_av_hr  column-top-margin\" style='border-radius:0px; '><section class=\"av_textblock_section \"  itemscope=\"itemscope\" itemtype=\"https:\/\/schema.org\/BlogPosting\" itemprop=\"blogPost\" ><div class='avia_textblock  '   itemprop=\"text\" ><p class=\"v1MsoNormal\" style=\"text-align: justify;\" align=\"center\"><i>En la regi\u00f3n de Ays\u00e9n en 6\u00b0 b\u00e1sico rinden el examen 1.640 estudiantes de 75 cursos y 58 establecimientos educacionales<\/i><i>.<\/i><\/p>\n<p class=\"v1MsoNormal\" style=\"text-align: justify;\">A las 9:00 horas de este martes comenz\u00f3 la rendici\u00f3n del Simce 2024, evaluaci\u00f3n nacional que mide el logro de aprendizajes en Matem\u00e1tica y Lenguaje de las y los estudiantes y recoge su informaci\u00f3n socioemocional, y que este a\u00f1o convoca a casi 800 mil escolares de 4\u00b0 b\u00e1sico, 6\u00b0 b\u00e1sico y II medio.<\/p>\n<p class=\"v1MsoNormal\" style=\"text-align: justify;\">La medici\u00f3n comenz\u00f3 con la prueba de Matem\u00e1tica para los 263 mil escolares de 6\u00b0 b\u00e1sico a nivel nacional. En la regi\u00f3n de Ays\u00e9n este lunes 22 y el martes 23 de octubre en 6\u00b0 B\u00e1sico rinden la prueba 1.640 estudiantes de 75 cursos y 58 establecimientos.<\/p>\n<p class=\"v1MsoNormal\" style=\"text-align: justify;\">En tanto, el 6 y 7 de noviembre es la aplicaci\u00f3n de SIMCE a los 4\u00b0B\u00e1icos. En la regi\u00f3n\u00a0 rinden el examen 1.596 estudiantes de 74 cursos y 57 establecimientos. Finalmente, el 13 y 14 de Noviembre se realizar\u00e1 la aplicaci\u00f3n de la prueba a los II Medios, donde participan 1.725\u00a0 de 54 cursos y 27 establecimientos.<\/p>\n<p class=\"v1MsoNormal\" style=\"text-align: justify;\">La SEREMI de Educaci\u00f3n Isabel Garrido destac\u00f3 que por segundo a\u00f1o consecutivo los resultados del Simce ser\u00e1n entregados en marzo, para que las comunidades educativas tengan informaci\u00f3n para iniciar su\u00a0 a\u00f1o escolar y el sistema escolar sepa qu\u00e9 establecimientos requieren m\u00e1s apoyo.<\/p>\n<p class=\"v1MsoNormal\" style=\"text-align: justify;\">\u201cEl SIMCE 2024 es una herramienta que nos permitir\u00e1 conocer la situaci\u00f3n de los aprendizajes y del contexto de ense\u00f1anza en todo Chile, brind\u00e1ndonos la posibilidad de tomar decisiones m\u00e1s informadas para mejorar la calidad educativa. Cabe recordar que, a partir de la propuesta que hicimos como Gobierno al Consejo Nacional de Educaci\u00f3n, este SIMCE est\u00e1 enfocado en diagnosticar para la Reactivaci\u00f3n Educativa y no tiene consecuencias; es decir, no habr\u00e1 categorizaci\u00f3n ni cierre de escuelas en virtud de sus resultados\u201d, afirm\u00f3.<\/p>\n<p class=\"v1MsoNormal\" style=\"text-align: justify;\"><b>Sobre las acomodaciones Simce 2024<\/b><\/p>\n<p class=\"v1MsoNormal\" style=\"text-align: justify;\">Todos los establecimientos del pa\u00eds tienen la posibilidad de solicitar acomodaciones diferenciadas para estudiantes en situaci\u00f3n de discapacidad sensorial. En esta edici\u00f3n, ser\u00e1n 19.939 acomodaciones para estudiantes de 6\u00b0 b\u00e1sico, asegurando as\u00ed la participaci\u00f3n inclusiva de todos los estudiantes que lo requieran. En la aplicaci\u00f3n del Simce participan en el pa\u00eds 10.931 examinadores y 729 supervisores.<\/p>\n<\/div><\/section><\/div><div  style='height:50px' class='hr hr-invisible   avia-builder-el-6  el_after_av_one_full  el_before_av_social_share '><span class='hr-inner ' ><span class='hr-inner-style'><\/span><\/span><\/div><\/p>\n<div  class='av-social-sharing-box  avia-builder-el-7  el_after_av_hr  el_before_av_hr  '><div class='av-share-box'><h5 class='av-share-link-description av-no-toc '>Compartir esta noticia<\/h5><ul class='av-share-box-list noLightbox'><li class='av-share-link av-social-link-facebook' ><a target=\"_blank\" aria-label=\"Compartir en Facebook\" href='https:\/\/www.facebook.com\/sharer.php?u=https:\/\/radiorevelacionfm.cl\/?p=47307&#038;t=Comenz%C3%B3%20el%20Simce%202024%3A%20casi%20800%20mil%20estudiantes%20de%204%C2%B0%20b%C3%A1sico%2C%206%C2%B0%20b%C3%A1sico%20y%20II%20medio%20medir%C3%A1n%20el%20avance%20de%20sus%20aprendizajes' aria-hidden='false' data-av_icon='\ue8f3' data-av_iconfont='entypo-fontello' title='' data-avia-related-tooltip='Compartir en Facebook' rel=\"noopener\"><span class='avia_hidden_link_text'>Compartir en Facebook<\/span><\/a><\/li><li class='av-share-link av-social-link-twitter' ><a target=\"_blank\" aria-label=\"Compartir en Twitter\" href='https:\/\/twitter.com\/share?text=Comenz%C3%B3%20el%20Simce%202024%3A%20casi%20800%20mil%20estudiantes%20de%204%C2%B0%20b%C3%A1sico%2C%206%C2%B0%20b%C3%A1sico%20y%20II%20medio%20medir%C3%A1n%20el%20avance%20de%20sus%20aprendizajes&#038;url=https:\/\/radiorevelacionfm.cl\/?p=47307' aria-hidden='false' data-av_icon='\ue8f1' data-av_iconfont='entypo-fontello' title='' data-avia-related-tooltip='Compartir en Twitter' rel=\"noopener\"><span class='avia_hidden_link_text'>Compartir en Twitter<\/span><\/a><\/li><li class='av-share-link av-social-link-whatsapp' ><a target=\"_blank\" aria-label=\"Compartir en Whatsapp\" href='https:\/\/api.whatsapp.com\/send?text=https:\/\/radiorevelacionfm.cl\/?p=47307' aria-hidden='false' data-av_icon='\uf232' data-av_iconfont='entypo-fontello' title='' data-avia-related-tooltip='Compartir en Whatsapp' rel=\"noopener\"><span class='avia_hidden_link_text'>Compartir en Whatsapp<\/span><\/a><\/li><li class='av-share-link av-social-link-linkedin' ><a target=\"_blank\" aria-label=\"Compartir en LinkedIn\" href='https:\/\/linkedin.com\/shareArticle?mini=true&#038;title=Comenz%C3%B3%20el%20Simce%202024%3A%20casi%20800%20mil%20estudiantes%20de%204%C2%B0%20b%C3%A1sico%2C%206%C2%B0%20b%C3%A1sico%20y%20II%20medio%20medir%C3%A1n%20el%20avance%20de%20sus%20aprendizajes&#038;url=https:\/\/radiorevelacionfm.cl\/?p=47307' aria-hidden='false' data-av_icon='\ue8fc' data-av_iconfont='entypo-fontello' title='' data-avia-related-tooltip='Compartir en LinkedIn' rel=\"noopener\"><span class='avia_hidden_link_text'>Compartir en LinkedIn<\/span><\/a><\/li><li class='av-share-link av-social-link-mail' ><a  aria-label=\"Compartir por correo\" href='mailto:?subject=Comenz%C3%B3%20el%20Simce%202024%3A%20casi%20800%20mil%20estudiantes%20de%204%C2%B0%20b%C3%A1sico%2C%206%C2%B0%20b%C3%A1sico%20y%20II%20medio%20medir%C3%A1n%20el%20avance%20de%20sus%20aprendizajes&#038;body=https:\/\/radiorevelacionfm.cl\/?p=47307' aria-hidden='false' data-av_icon='\ue805' data-av_iconfont='entypo-fontello' title='' data-avia-related-tooltip='Compartir por correo'><span class='avia_hidden_link_text'>Compartir por correo<\/span><\/a><\/li><\/ul><\/div><\/div>\n<div  style='height:50px' class='hr hr-invisible   avia-builder-el-8  el_after_av_social_share  el_before_av_comments_list '><span class='hr-inner ' ><span class='hr-inner-style'><\/span><\/span><\/div>\n<div  class='av-buildercomment  av-blog-meta-html-info-disabled av-blog-meta-tag-disabled  '><\/div>\n","protected":false},"excerpt":{"rendered":"","protected":false},"author":1,"featured_media":47308,"comment_status":"open","ping_status":"open","sticky":false,"template":"","format":"standard","meta":{"footnotes":""},"categories":[49],"tags":[],"class_list":["post-47307","post","type-post","status-publish","format-standard","has-post-thumbnail","hentry","category-educacion"],"jetpack_featured_media_url":"https:\/\/radiorevelacionfm.cl\/wp-content\/uploads\/2024\/10\/Simce2-1-2-1-1.jpg","_links":{"self":[{"href":"https:\/\/radiorevelacionfm.cl\/index.php?rest_route=\/wp\/v2\/posts\/47307","targetHints":{"allow":["GET"]}}],"collection":[{"href":"https:\/\/radiorevelacionfm.cl\/index.php?rest_route=\/wp\/v2\/posts"}],"about":[{"href":"https:\/\/radiorevelacionfm.cl\/index.php?rest_route=\/wp\/v2\/types\/post"}],"author":[{"embeddable":true,"href":"https:\/\/radiorevelacionfm.cl\/index.php?rest_route=\/wp\/v2\/users\/1"}],"replies":[{"embeddable":true,"href":"https:\/\/radiorevelacionfm.cl\/index.php?rest_route=%2Fwp%2Fv2%2Fcomments&post=47307"}],"version-history":[{"count":1,"href":"https:\/\/radiorevelacionfm.cl\/index.php?rest_route=\/wp\/v2\/posts\/47307\/revisions"}],"predecessor-version":[{"id":47309,"href":"https:\/\/radiorevelacionfm.cl\/index.php?rest_route=\/wp\/v2\/posts\/47307\/revisions\/47309"}],"wp:featuredmedia":[{"embeddable":true,"href":"https:\/\/radiorevelacionfm.cl\/index.php?rest_route=\/wp\/v2\/media\/47308"}],"wp:attachment":[{"href":"https:\/\/radiorevelacionfm.cl\/index.php?rest_route=%2Fwp%2Fv2%2Fmedia&parent=47307"}],"wp:term":[{"taxonomy":"category","embeddable":true,"href":"https:\/\/radiorevelacionfm.cl\/index.php?rest_route=%2Fwp%2Fv2%2Fcategories&post=47307"},{"taxonomy":"post_tag","embeddable":true,"href":"https:\/\/radiorevelacionfm.cl\/index.php?rest_route=%2Fwp%2Fv2%2Ftags&post=47307"}],"curies":[{"name":"wp","href":"https:\/\/api.w.org\/{rel}","templated":true}]}}