{"id":47303,"date":"2024-11-01T20:58:26","date_gmt":"2024-11-01T23:58:26","guid":{"rendered":"https:\/\/radiorevelacionfm.cl\/?p=47303"},"modified":"2024-11-01T21:10:49","modified_gmt":"2024-11-02T00:10:49","slug":"cupo-explora-unesco-abre-convocatoria-2025-con-vacantes-en-18-universidades-del-pais","status":"publish","type":"post","link":"https:\/\/radiorevelacionfm.cl\/?p=47303","title":{"rendered":"\u00daltimos d\u00edas: Cupo Explora Unesco convocatoria 2025 con vacantes en 18 universidades del pa\u00eds"},"content":{"rendered":"<div class=\"flex_column av_one_full  flex_column_div av-zero-column-padding first  avia-builder-el-0  el_before_av_one_full  avia-builder-el-first  \" style='border-radius:0px; '><div  class='avia-image-container  av-styling-    avia-builder-el-1  avia-builder-el-no-sibling  avia-align-center '  itemprop=\"image\" itemscope=\"itemscope\" itemtype=\"https:\/\/schema.org\/ImageObject\"  ><div class='avia-image-container-inner'><div class='avia-image-overlay-wrap'><img decoding=\"async\" class='wp-image-47632 avia-img-lazy-loading-not-47632 avia_image' src=\"https:\/\/radiorevelacionfm.cl\/wp-content\/uploads\/2024\/10\/jornada_explora-1_optimized.jpg\" alt='' title='jornada_explora-(1)_optimized' height=\"600\" width=\"938\"  itemprop=\"thumbnailUrl\" srcset=\"https:\/\/radiorevelacionfm.cl\/wp-content\/uploads\/2024\/10\/jornada_explora-1_optimized.jpg 938w, https:\/\/radiorevelacionfm.cl\/wp-content\/uploads\/2024\/10\/jornada_explora-1_optimized-300x192.jpg 300w, https:\/\/radiorevelacionfm.cl\/wp-content\/uploads\/2024\/10\/jornada_explora-1_optimized-768x491.jpg 768w, https:\/\/radiorevelacionfm.cl\/wp-content\/uploads\/2024\/10\/jornada_explora-1_optimized-705x451.jpg 705w, https:\/\/radiorevelacionfm.cl\/wp-content\/uploads\/2024\/10\/jornada_explora-1_optimized-450x288.jpg 450w, https:\/\/radiorevelacionfm.cl\/wp-content\/uploads\/2024\/10\/jornada_explora-1_optimized-600x384.jpg 600w\" sizes=\"(max-width: 938px) 100vw, 938px\" \/><\/div><\/div><\/div><\/div>\n<div class=\"flex_column av_one_full  flex_column_div av-zero-column-padding first  avia-builder-el-2  el_after_av_one_full  el_before_av_one_full  column-top-margin\" style='border-radius:0px; '><section class=\"av_textblock_section \"  itemscope=\"itemscope\" itemtype=\"https:\/\/schema.org\/BlogPosting\" itemprop=\"blogPost\" ><div class='avia_textblock  '   itemprop=\"text\" ><p style=\"text-align: center;\"><span style=\"font-size: 18pt;\"><b><span lang=\"es\">\u00daltimos d\u00edas: Cupo Explora Unesco convocatoria 2025 con vacantes en 18 universidades del pa\u00eds<\/span><\/b><\/span><\/p>\n<div id=\"gtx-trans\" style=\"position: absolute; left: -50px; top: 4.31534px;\">\n<div class=\"gtx-trans-icon\"><\/div>\n<\/div>\n<\/div><\/section><\/div><div class=\"flex_column av_one_full  flex_column_div av-zero-column-padding first  avia-builder-el-4  el_after_av_one_full  el_before_av_hr  column-top-margin\" style='border-radius:0px; '><section class=\"av_textblock_section \"  itemscope=\"itemscope\" itemtype=\"https:\/\/schema.org\/BlogPosting\" itemprop=\"blogPost\" ><div class='avia_textblock  '   itemprop=\"text\" ><p class=\"v1MsoNormal\" style=\"text-align: justify;\"><i><span lang=\"es\">Iniciativa busca garantizar el acceso inclusivo a la Educaci\u00f3n Superior, reconociendo el m\u00e9rito de j\u00f3venes con talento y la vocaci\u00f3n cient\u00edfica durante su etapa escolar.<\/span><\/i><\/p>\n<p class=\"v1MsoNormal\" style=\"text-align: justify;\"><span lang=\"es\">Est\u00e1 disponible en la p\u00e1gina <a href=\"https:\/\/www.explora.cl\/\" target=\"_blank\" rel=\"noopener noreferrer\">https:\/\/www.explora.cl\/<\/a><\/span><span lang=\"es\">\u00a0<\/span><span lang=\"es\">el formulario de postulaci\u00f3n al Cupo Explora-UNESCO, v\u00eda de admisi\u00f3n especial a la Educaci\u00f3n Superior para que j\u00f3venes con una destacada trayectoria en las \u00e1reas de las ciencias, tecnolog\u00edas e innovaci\u00f3n, puedan estudiar carreras de las ciencias naturales, ciencias sociales y humanidades en alguna de las casas de estudios que se encuentren en convenio con el Ministerio de Ciencia, Tecnolog\u00eda, Conocimiento e Innovaci\u00f3n (MinCiencia).<\/span><\/p>\n<p class=\"v1MsoNormal\" style=\"text-align: justify;\"><span lang=\"es\">La seremi de Ciencia, Ver\u00f3nica Vallejos, indic\u00f3 que este programa busca reconocer la vocaci\u00f3n cient\u00edfica que han manifestado estudiantes durante su \u00e9poca escolar y darles la oportunidad de ingresar a la educaci\u00f3n superior, que a veces se ve limitada. \u00abEl Cupo Explora es una muy buena oportunidad para los y las j\u00f3venes al momento de postular a la educaci\u00f3n superior, porque sabemos que los nervios pueden afectarnos al momento de rendir la prueba de ingreso, as\u00ed que invito a quienes hayan participado al menos un a\u00f1o en las distintas iniciativas del PAR Explora a postular al cupo en alguna de las 18 universidades a lo largo del pa\u00eds que ofrecen esta alternativa en carreras de ciencias -incluidas las de salud-, ingenier\u00edas, humanidades y educaci\u00f3n\u00bb.<\/span><\/p>\n<p class=\"v1MsoNormal\" style=\"text-align: justify;\"><b><span lang=\"es\">Requisitos de Postulaci\u00f3n<\/span><\/b><\/p>\n<p class=\"v1MsoNormal\" style=\"text-align: justify;\"><span lang=\"es\">Este a\u00f1o pueden postular quienes hayan egresado el 2022, 2023 o 2024 de ense\u00f1anza media y tengan rendida o est\u00e9n en proceso de rendici\u00f3n de una Prueba de Acceso a la Educaci\u00f3n Superior (cualquiera de las siguientes alternativas): Prueba de Acceso a la Educaci\u00f3n Superior (PAES) durante el a\u00f1o 2023; Prueba de Acceso a la Educaci\u00f3n Superior (PAES de invierno) 2024; o estar inscrito\/a en la Prueba de Acceso a la Educaci\u00f3n Superior (PAES) a\u00f1o 2024.<\/span><\/p>\n<p class=\"v1MsoNormal\" style=\"text-align: justify;\"><span lang=\"es\">Entre los requisitos tambi\u00e9n se mencionan el haber participado al menos 1 a\u00f1o en alguna de las siguientes actividades del programa Explora:\u00a0 Investigaci\u00f3n e Innovaci\u00f3n Escolar IIE (Academias, Clubes); Congresos Explora Provinciales, Regionales y\/o Nacional y Actividades de Socializaci\u00f3n de IIE a\u00f1o 2023 y\/o 2024.<\/span><\/p>\n<p class=\"v1MsoNormal\" style=\"text-align: justify;\"><span lang=\"es\">Adem\u00e1s, deben presentar una carta de motivaci\u00f3n que explique brevemente los motivos por los que postula y la fundamentaci\u00f3n de selecci\u00f3n de carrera (formato libre).<\/span><\/p>\n<p class=\"v1MsoNormal\" style=\"text-align: justify;\"><span lang=\"es\">La convocatoria estar\u00e1 abierta hasta el 4 de noviembre a las 23.59 horas. M\u00e1s informaci\u00f3n en la p\u00e1gina web\u00a0<a href=\"https:\/\/www.explora.cl\/blog\/cupoexploraunesco\/\" target=\"_blank\" rel=\"noopener noreferrer\">https:\/\/www.explora.cl\/blog\/cupoexploraunesco\/<\/a>.<\/span><\/p>\n<div style=\"text-align: justify;\"><\/div>\n<\/div><\/section><\/div><div  style='height:50px' class='hr hr-invisible   avia-builder-el-6  el_after_av_one_full  el_before_av_social_share '><span class='hr-inner ' ><span class='hr-inner-style'><\/span><\/span><\/div><\/p>\n<div  class='av-social-sharing-box  avia-builder-el-7  el_after_av_hr  el_before_av_hr  '><div class='av-share-box'><h5 class='av-share-link-description av-no-toc '>Compartir esta noticia<\/h5><ul class='av-share-box-list noLightbox'><li class='av-share-link av-social-link-facebook' ><a target=\"_blank\" aria-label=\"Compartir en Facebook\" href='https:\/\/www.facebook.com\/sharer.php?u=https:\/\/radiorevelacionfm.cl\/?p=47303&#038;t=%C3%9Altimos%20d%C3%ADas%3A%20Cupo%20Explora%20Unesco%20convocatoria%202025%20con%20vacantes%20en%2018%20universidades%20del%20pa%C3%ADs' aria-hidden='false' data-av_icon='\ue8f3' data-av_iconfont='entypo-fontello' title='' data-avia-related-tooltip='Compartir en Facebook' rel=\"noopener\"><span class='avia_hidden_link_text'>Compartir en Facebook<\/span><\/a><\/li><li class='av-share-link av-social-link-twitter' ><a target=\"_blank\" aria-label=\"Compartir en Twitter\" href='https:\/\/twitter.com\/share?text=%C3%9Altimos%20d%C3%ADas%3A%20Cupo%20Explora%20Unesco%20convocatoria%202025%20con%20vacantes%20en%2018%20universidades%20del%20pa%C3%ADs&#038;url=https:\/\/radiorevelacionfm.cl\/?p=47303' aria-hidden='false' data-av_icon='\ue8f1' data-av_iconfont='entypo-fontello' title='' data-avia-related-tooltip='Compartir en Twitter' rel=\"noopener\"><span class='avia_hidden_link_text'>Compartir en Twitter<\/span><\/a><\/li><li class='av-share-link av-social-link-whatsapp' ><a target=\"_blank\" aria-label=\"Compartir en Whatsapp\" href='https:\/\/api.whatsapp.com\/send?text=https:\/\/radiorevelacionfm.cl\/?p=47303' aria-hidden='false' data-av_icon='\uf232' data-av_iconfont='entypo-fontello' title='' data-avia-related-tooltip='Compartir en Whatsapp' rel=\"noopener\"><span class='avia_hidden_link_text'>Compartir en Whatsapp<\/span><\/a><\/li><li class='av-share-link av-social-link-linkedin' ><a target=\"_blank\" aria-label=\"Compartir en LinkedIn\" href='https:\/\/linkedin.com\/shareArticle?mini=true&#038;title=%C3%9Altimos%20d%C3%ADas%3A%20Cupo%20Explora%20Unesco%20convocatoria%202025%20con%20vacantes%20en%2018%20universidades%20del%20pa%C3%ADs&#038;url=https:\/\/radiorevelacionfm.cl\/?p=47303' aria-hidden='false' data-av_icon='\ue8fc' data-av_iconfont='entypo-fontello' title='' data-avia-related-tooltip='Compartir en LinkedIn' rel=\"noopener\"><span class='avia_hidden_link_text'>Compartir en LinkedIn<\/span><\/a><\/li><li class='av-share-link av-social-link-mail' ><a  aria-label=\"Compartir por correo\" href='mailto:?subject=%C3%9Altimos%20d%C3%ADas%3A%20Cupo%20Explora%20Unesco%20convocatoria%202025%20con%20vacantes%20en%2018%20universidades%20del%20pa%C3%ADs&#038;body=https:\/\/radiorevelacionfm.cl\/?p=47303' aria-hidden='false' data-av_icon='\ue805' data-av_iconfont='entypo-fontello' title='' data-avia-related-tooltip='Compartir por correo'><span class='avia_hidden_link_text'>Compartir por correo<\/span><\/a><\/li><\/ul><\/div><\/div>\n<div  style='height:50px' class='hr hr-invisible   avia-builder-el-8  el_after_av_social_share  el_before_av_comments_list '><span class='hr-inner ' ><span class='hr-inner-style'><\/span><\/span><\/div>\n<div  class='av-buildercomment  av-blog-meta-html-info-disabled av-blog-meta-tag-disabled  '><\/div>\n","protected":false},"excerpt":{"rendered":"","protected":false},"author":1,"featured_media":47632,"comment_status":"open","ping_status":"open","sticky":false,"template":"","format":"standard","meta":{"footnotes":""},"categories":[53],"tags":[],"class_list":["post-47303","post","type-post","status-publish","format-standard","has-post-thumbnail","hentry","category-ciencia"],"jetpack_featured_media_url":"https:\/\/radiorevelacionfm.cl\/wp-content\/uploads\/2024\/10\/jornada_explora-1_optimized.jpg","_links":{"self":[{"href":"https:\/\/radiorevelacionfm.cl\/index.php?rest_route=\/wp\/v2\/posts\/47303","targetHints":{"allow":["GET"]}}],"collection":[{"href":"https:\/\/radiorevelacionfm.cl\/index.php?rest_route=\/wp\/v2\/posts"}],"about":[{"href":"https:\/\/radiorevelacionfm.cl\/index.php?rest_route=\/wp\/v2\/types\/post"}],"author":[{"embeddable":true,"href":"https:\/\/radiorevelacionfm.cl\/index.php?rest_route=\/wp\/v2\/users\/1"}],"replies":[{"embeddable":true,"href":"https:\/\/radiorevelacionfm.cl\/index.php?rest_route=%2Fwp%2Fv2%2Fcomments&post=47303"}],"version-history":[{"count":4,"href":"https:\/\/radiorevelacionfm.cl\/index.php?rest_route=\/wp\/v2\/posts\/47303\/revisions"}],"predecessor-version":[{"id":47635,"href":"https:\/\/radiorevelacionfm.cl\/index.php?rest_route=\/wp\/v2\/posts\/47303\/revisions\/47635"}],"wp:featuredmedia":[{"embeddable":true,"href":"https:\/\/radiorevelacionfm.cl\/index.php?rest_route=\/wp\/v2\/media\/47632"}],"wp:attachment":[{"href":"https:\/\/radiorevelacionfm.cl\/index.php?rest_route=%2Fwp%2Fv2%2Fmedia&parent=47303"}],"wp:term":[{"taxonomy":"category","embeddable":true,"href":"https:\/\/radiorevelacionfm.cl\/index.php?rest_route=%2Fwp%2Fv2%2Fcategories&post=47303"},{"taxonomy":"post_tag","embeddable":true,"href":"https:\/\/radiorevelacionfm.cl\/index.php?rest_route=%2Fwp%2Fv2%2Ftags&post=47303"}],"curies":[{"name":"wp","href":"https:\/\/api.w.org\/{rel}","templated":true}]}}