{"id":47300,"date":"2024-10-22T16:35:34","date_gmt":"2024-10-22T19:35:34","guid":{"rendered":"https:\/\/radiorevelacionfm.cl\/?p=47300"},"modified":"2024-10-22T16:35:34","modified_gmt":"2024-10-22T19:35:34","slug":"agricultura-entrega-ayudas-a-1-325-productoras-y-productores-ganaderos-de-aysen","status":"publish","type":"post","link":"https:\/\/radiorevelacionfm.cl\/?p=47300","title":{"rendered":"Agricultura entrega ayudas a 1.325 productoras y productores ganaderos de Ays\u00e9n"},"content":{"rendered":"<div class=\"flex_column av_one_full  flex_column_div av-zero-column-padding first  avia-builder-el-0  el_before_av_one_full  avia-builder-el-first  \" style='border-radius:0px; '><div  class='avia-image-container  av-styling-    avia-builder-el-1  avia-builder-el-no-sibling  avia-align-center '  itemprop=\"image\" itemscope=\"itemscope\" itemtype=\"https:\/\/schema.org\/ImageObject\"  ><div class='avia-image-container-inner'><div class='avia-image-overlay-wrap'><img decoding=\"async\" class='wp-image-47301 avia-img-lazy-loading-not-47301 avia_image' src=\"https:\/\/radiorevelacionfm.cl\/wp-content\/uploads\/2024\/10\/foto-ayudas-04-1_optimized.jpeg\" alt='' title='foto-ayudas-04-(1)_optimized' height=\"600\" width=\"800\"  itemprop=\"thumbnailUrl\" srcset=\"https:\/\/radiorevelacionfm.cl\/wp-content\/uploads\/2024\/10\/foto-ayudas-04-1_optimized.jpeg 800w, https:\/\/radiorevelacionfm.cl\/wp-content\/uploads\/2024\/10\/foto-ayudas-04-1_optimized-300x225.jpeg 300w, https:\/\/radiorevelacionfm.cl\/wp-content\/uploads\/2024\/10\/foto-ayudas-04-1_optimized-768x576.jpeg 768w, https:\/\/radiorevelacionfm.cl\/wp-content\/uploads\/2024\/10\/foto-ayudas-04-1_optimized-705x529.jpeg 705w, https:\/\/radiorevelacionfm.cl\/wp-content\/uploads\/2024\/10\/foto-ayudas-04-1_optimized-450x338.jpeg 450w, https:\/\/radiorevelacionfm.cl\/wp-content\/uploads\/2024\/10\/foto-ayudas-04-1_optimized-600x450.jpeg 600w\" sizes=\"(max-width: 800px) 100vw, 800px\" \/><\/div><\/div><\/div><\/div><div class=\"flex_column av_one_full  flex_column_div av-zero-column-padding first  avia-builder-el-2  el_after_av_one_full  el_before_av_one_full  column-top-margin\" style='border-radius:0px; '><section class=\"av_textblock_section \"  itemscope=\"itemscope\" itemtype=\"https:\/\/schema.org\/BlogPosting\" itemprop=\"blogPost\" ><div class='avia_textblock  '   itemprop=\"text\" ><p style=\"text-align: center;\"><span style=\"font-size: 18pt;\"><b>Agricultura entrega ayudas a 1.325 productoras y productores ganaderos de Ays\u00e9n<\/b><\/span><\/p>\n<div id=\"gtx-trans\" style=\"position: absolute; left: -50px; top: 4.31534px;\">\n<div class=\"gtx-trans-icon\"><\/div>\n<\/div>\n<\/div><\/section><\/div><div class=\"flex_column av_one_full  flex_column_div av-zero-column-padding first  avia-builder-el-4  el_after_av_one_full  el_before_av_hr  column-top-margin\" style='border-radius:0px; '><section class=\"av_textblock_section \"  itemscope=\"itemscope\" itemtype=\"https:\/\/schema.org\/BlogPosting\" itemprop=\"blogPost\" ><div class='avia_textblock  '   itemprop=\"text\" ><p style=\"text-align: justify;\"><em>Alrededor de 20 mil sacos de concentrado de alimento multiespecie ser\u00e1 destinado a familias campesinas, incluyendo a usuarias y usuarios de INDAP Ays\u00e9n.<\/em><\/p>\n<p style=\"text-align: justify;\">El seremi de Agricultura, Eugenio Ruiz, junto al delegado Presidencial Regional, Rodrigo Araya, comenz\u00f3 este viernes 18 de octubre la entrega de ayudas de concentrado de alimento multiespecie a productoras y productores ganaderos de la regi\u00f3n, de acuerdo con el convenio de la seremi de Agricultura y Gobierno Regional de Ays\u00e9n efectuado en julio pasado y destinado a ser entregado durante proceso de parici\u00f3n de animales.<\/p>\n<p style=\"text-align: justify;\">Con una inversi\u00f3n de $317.991 millones a trav\u00e9s del Gobierno Regional y su Consejo, el beneficio se origin\u00f3 como respuesta a la Emergencia Agr\u00edcola por d\u00e9ficit h\u00eddrico que declar\u00f3 el Ministerio de Agricultura, la cual ha sido extendida hasta marzo de 2025, y materializ\u00f3 una baja cosecha de forraje durante los meses de verano.<\/p>\n<p style=\"text-align: justify;\">El delegado Regional Presidencial de Ays\u00e9n, Rodrigo Araya, indic\u00f3 que \u00abestamos acompa\u00f1ando la labor de la seremi de Agricultura con la entrega de alimentos que estaba proyectada para justamente asistir a la agricultura familiar campesina en esta \u00e9poca del a\u00f1o, donde est\u00e1n las pariciones y hay m\u00e1s demanda de alimentaci\u00f3n\u00bb.<\/p>\n<p style=\"text-align: justify;\">Por su parte, el seremi de Agricultura, Eugenio Ruiz, detall\u00f3 que \u00abhoy estamos dando respuesta a nuestro compromiso. Durante los pr\u00f3ximos d\u00edas estaremos entregando este concentrado de alimento con nuestros funcionarios, desde Cochrane hasta Lago Verde. Por otro lado, esperamos que nos preparemos para las condiciones que vienen este verano, algunas muy inestables, y por tanto tenemos que venir desde ya identificando cu\u00e1nto alimento necesitan nuestros animales de cara al invierno, y para eso el balance forrajero es fundamental\u00bb.<\/p>\n<p style=\"text-align: justify;\">Las entregas iniciaron en los sectores de \u00d1irehuao y Lago Pollux de la comuna de Coyhaique, las cuales durante todo su per\u00edodo ser\u00e1n hechas de forma directa por profesionales de los servicios del agro y est\u00e1n previamente coordinadas con las personas beneficiarias, quienes pertenecen a las comunas de Cisnes, Lago Verde, Ays\u00e9n, Coyhaique, R\u00edo Ib\u00e1\u00f1ez, Chile Chico, Cochrane, Tortel y O&#8217;Higgins.<\/p>\n<p style=\"text-align: justify;\">\u00abDespu\u00e9s de tres meses de trabajo estamos concretando la llegada de la anhelada ayuda para nuestras y nuestros agricultores, satisfaciendo la demanda de m\u00e1s de 1.300 familias en 9 comunas de la regi\u00f3n, con un \u00e9nfasis que esta administraci\u00f3n siempre ha querido relevar, que es llegar a los sectores y apoyar en las deficiencias que puedan tener\u00bb, sostuvo el gobernador (s) del Gobierno Regional de Ays\u00e9n, Erik Adio.<\/p>\n<p style=\"text-align: justify;\">\u00abMuy contento porque mis animales est\u00e1n pariendo, as\u00ed que me viene como anillo al dedo. Fue muy buena esta entrega de concentrado como ayuda para pobladores, principalmente para los m\u00e1s humildes. Yo se los voy dando de media bolsita porque tengo 10 animalitos. Como est\u00e1n escasas las invernadas, tuve que vender y con eso me voy levantando\u00bb, coment\u00f3 durante la entrega el productor de \u00d1irehuao, Dagoberto Zambrano.<\/p>\n<p style=\"text-align: justify;\">Si bien el beneficio ha sido priorizado para llegar a peque\u00f1os productores regionales, cabe recordar que esta ayuda se materializa en un m\u00e1ximo de hasta 500 kg de concentrado por persona productora, la cual fue definida de acuerdo con la Unidad Animal transparentada seg\u00fan la Declaraci\u00f3n de Existencia Animal (DEA) vigente. Esta es obligatoria y se puede realizar durante todo el a\u00f1o a trav\u00e9s de las oficinas sectoriales del Servicio Agr\u00edcola y Ganadero (SAG), o bien desde SIPEC en\u00a0<a href=\"http:\/\/www.sag.cl\/\">www.sag.cl<\/a><\/p>\n<p style=\"text-align: justify;\">Durante el encuentro, las autoridades insistieron en el llamado de autocuidado para la tenencia responsable de animales, preparar las temporadas de calor y realizar todas las medidas pertinentes para preparar el pr\u00f3ximo invierno, adem\u00e1s de utilizar las recomendaciones silvoagropecuarias que extienden los servicios del Ministerio de Agricultura, como INIA, SAG e INDAP.<\/p>\n<\/div><\/section><\/div><div  style='height:50px' class='hr hr-invisible   avia-builder-el-6  el_after_av_one_full  el_before_av_social_share '><span class='hr-inner ' ><span class='hr-inner-style'><\/span><\/span><\/div><\/p>\n<div  class='av-social-sharing-box  avia-builder-el-7  el_after_av_hr  el_before_av_hr  '><div class='av-share-box'><h5 class='av-share-link-description av-no-toc '>Compartir esta noticia<\/h5><ul class='av-share-box-list noLightbox'><li class='av-share-link av-social-link-facebook' ><a target=\"_blank\" aria-label=\"Compartir en Facebook\" href='https:\/\/www.facebook.com\/sharer.php?u=https:\/\/radiorevelacionfm.cl\/?p=47300&#038;t=Agricultura%20entrega%20ayudas%20a%201.325%20productoras%20y%20productores%20ganaderos%20de%20Ays%C3%A9n' aria-hidden='false' data-av_icon='\ue8f3' data-av_iconfont='entypo-fontello' title='' data-avia-related-tooltip='Compartir en Facebook' rel=\"noopener\"><span class='avia_hidden_link_text'>Compartir en Facebook<\/span><\/a><\/li><li class='av-share-link av-social-link-twitter' ><a target=\"_blank\" aria-label=\"Compartir en Twitter\" href='https:\/\/twitter.com\/share?text=Agricultura%20entrega%20ayudas%20a%201.325%20productoras%20y%20productores%20ganaderos%20de%20Ays%C3%A9n&#038;url=https:\/\/radiorevelacionfm.cl\/?p=47300' aria-hidden='false' data-av_icon='\ue8f1' data-av_iconfont='entypo-fontello' title='' data-avia-related-tooltip='Compartir en Twitter' rel=\"noopener\"><span class='avia_hidden_link_text'>Compartir en Twitter<\/span><\/a><\/li><li class='av-share-link av-social-link-whatsapp' ><a target=\"_blank\" aria-label=\"Compartir en Whatsapp\" href='https:\/\/api.whatsapp.com\/send?text=https:\/\/radiorevelacionfm.cl\/?p=47300' aria-hidden='false' data-av_icon='\uf232' data-av_iconfont='entypo-fontello' title='' data-avia-related-tooltip='Compartir en Whatsapp' rel=\"noopener\"><span class='avia_hidden_link_text'>Compartir en Whatsapp<\/span><\/a><\/li><li class='av-share-link av-social-link-linkedin' ><a target=\"_blank\" aria-label=\"Compartir en LinkedIn\" href='https:\/\/linkedin.com\/shareArticle?mini=true&#038;title=Agricultura%20entrega%20ayudas%20a%201.325%20productoras%20y%20productores%20ganaderos%20de%20Ays%C3%A9n&#038;url=https:\/\/radiorevelacionfm.cl\/?p=47300' aria-hidden='false' data-av_icon='\ue8fc' data-av_iconfont='entypo-fontello' title='' data-avia-related-tooltip='Compartir en LinkedIn' rel=\"noopener\"><span class='avia_hidden_link_text'>Compartir en LinkedIn<\/span><\/a><\/li><li class='av-share-link av-social-link-mail' ><a  aria-label=\"Compartir por correo\" href='mailto:?subject=Agricultura%20entrega%20ayudas%20a%201.325%20productoras%20y%20productores%20ganaderos%20de%20Ays%C3%A9n&#038;body=https:\/\/radiorevelacionfm.cl\/?p=47300' aria-hidden='false' data-av_icon='\ue805' data-av_iconfont='entypo-fontello' title='' data-avia-related-tooltip='Compartir por correo'><span class='avia_hidden_link_text'>Compartir por correo<\/span><\/a><\/li><\/ul><\/div><\/div>\n<div  style='height:50px' class='hr hr-invisible   avia-builder-el-8  el_after_av_social_share  el_before_av_comments_list '><span class='hr-inner ' ><span class='hr-inner-style'><\/span><\/span><\/div>\n<div  class='av-buildercomment  av-blog-meta-html-info-disabled av-blog-meta-tag-disabled  '><\/div>\n","protected":false},"excerpt":{"rendered":"","protected":false},"author":1,"featured_media":47301,"comment_status":"open","ping_status":"open","sticky":false,"template":"","format":"standard","meta":{"footnotes":""},"categories":[58],"tags":[],"class_list":["post-47300","post","type-post","status-publish","format-standard","has-post-thumbnail","hentry","category-agricultura"],"jetpack_featured_media_url":"https:\/\/radiorevelacionfm.cl\/wp-content\/uploads\/2024\/10\/foto-ayudas-04-1_optimized.jpeg","_links":{"self":[{"href":"https:\/\/radiorevelacionfm.cl\/index.php?rest_route=\/wp\/v2\/posts\/47300","targetHints":{"allow":["GET"]}}],"collection":[{"href":"https:\/\/radiorevelacionfm.cl\/index.php?rest_route=\/wp\/v2\/posts"}],"about":[{"href":"https:\/\/radiorevelacionfm.cl\/index.php?rest_route=\/wp\/v2\/types\/post"}],"author":[{"embeddable":true,"href":"https:\/\/radiorevelacionfm.cl\/index.php?rest_route=\/wp\/v2\/users\/1"}],"replies":[{"embeddable":true,"href":"https:\/\/radiorevelacionfm.cl\/index.php?rest_route=%2Fwp%2Fv2%2Fcomments&post=47300"}],"version-history":[{"count":1,"href":"https:\/\/radiorevelacionfm.cl\/index.php?rest_route=\/wp\/v2\/posts\/47300\/revisions"}],"predecessor-version":[{"id":47302,"href":"https:\/\/radiorevelacionfm.cl\/index.php?rest_route=\/wp\/v2\/posts\/47300\/revisions\/47302"}],"wp:featuredmedia":[{"embeddable":true,"href":"https:\/\/radiorevelacionfm.cl\/index.php?rest_route=\/wp\/v2\/media\/47301"}],"wp:attachment":[{"href":"https:\/\/radiorevelacionfm.cl\/index.php?rest_route=%2Fwp%2Fv2%2Fmedia&parent=47300"}],"wp:term":[{"taxonomy":"category","embeddable":true,"href":"https:\/\/radiorevelacionfm.cl\/index.php?rest_route=%2Fwp%2Fv2%2Fcategories&post=47300"},{"taxonomy":"post_tag","embeddable":true,"href":"https:\/\/radiorevelacionfm.cl\/index.php?rest_route=%2Fwp%2Fv2%2Ftags&post=47300"}],"curies":[{"name":"wp","href":"https:\/\/api.w.org\/{rel}","templated":true}]}}