{"id":47294,"date":"2024-10-22T13:24:25","date_gmt":"2024-10-22T16:24:25","guid":{"rendered":"https:\/\/radiorevelacionfm.cl\/?p=47294"},"modified":"2024-10-22T13:24:25","modified_gmt":"2024-10-22T16:24:25","slug":"inacap-coyhaique-impulsa-la-innovacion-y-sustentabilidad-en-su-exitosa-primera-semana-agricola","status":"publish","type":"post","link":"https:\/\/radiorevelacionfm.cl\/?p=47294","title":{"rendered":"INACAP Coyhaique impulsa la innovaci\u00f3n y sustentabilidad en su exitosa primera semana agr\u00edcola"},"content":{"rendered":"<div class=\"flex_column av_one_full  flex_column_div av-zero-column-padding first  avia-builder-el-0  el_before_av_one_full  avia-builder-el-first  \" style='border-radius:0px; '><div  class='avia-image-container  av-styling-    avia-builder-el-1  avia-builder-el-no-sibling  avia-align-center '  itemprop=\"image\" itemscope=\"itemscope\" itemtype=\"https:\/\/schema.org\/ImageObject\"  ><div class='avia-image-container-inner'><div class='avia-image-overlay-wrap'><img decoding=\"async\" class='wp-image-47295 avia-img-lazy-loading-not-47295 avia_image' src=\"https:\/\/radiorevelacionfm.cl\/wp-content\/uploads\/2024\/10\/WhatsApp-Image-2024-10-21-at-10.33.48-AM-1-1.jpeg\" alt='' title='WhatsApp Image 2024-10-21 at 10.33.48 AM (1) (1)' height=\"600\" width=\"800\"  itemprop=\"thumbnailUrl\" srcset=\"https:\/\/radiorevelacionfm.cl\/wp-content\/uploads\/2024\/10\/WhatsApp-Image-2024-10-21-at-10.33.48-AM-1-1.jpeg 800w, https:\/\/radiorevelacionfm.cl\/wp-content\/uploads\/2024\/10\/WhatsApp-Image-2024-10-21-at-10.33.48-AM-1-1-300x225.jpeg 300w, https:\/\/radiorevelacionfm.cl\/wp-content\/uploads\/2024\/10\/WhatsApp-Image-2024-10-21-at-10.33.48-AM-1-1-768x576.jpeg 768w, https:\/\/radiorevelacionfm.cl\/wp-content\/uploads\/2024\/10\/WhatsApp-Image-2024-10-21-at-10.33.48-AM-1-1-705x529.jpeg 705w, https:\/\/radiorevelacionfm.cl\/wp-content\/uploads\/2024\/10\/WhatsApp-Image-2024-10-21-at-10.33.48-AM-1-1-450x338.jpeg 450w, https:\/\/radiorevelacionfm.cl\/wp-content\/uploads\/2024\/10\/WhatsApp-Image-2024-10-21-at-10.33.48-AM-1-1-600x450.jpeg 600w\" sizes=\"(max-width: 800px) 100vw, 800px\" \/><\/div><\/div><\/div><\/div><div class=\"flex_column av_one_full  flex_column_div av-zero-column-padding first  avia-builder-el-2  el_after_av_one_full  el_before_av_one_full  column-top-margin\" style='border-radius:0px; '><section class=\"av_textblock_section \"  itemscope=\"itemscope\" itemtype=\"https:\/\/schema.org\/BlogPosting\" itemprop=\"blogPost\" ><div class='avia_textblock  '   itemprop=\"text\" ><p style=\"text-align: center;\"><strong><span style=\"font-size: 18pt;\">INACAP Coyhaique impulsa la innovaci\u00f3n y sustentabilidad en su exitosa primera semana agr\u00edcola<\/span><\/strong><\/p>\n<div id=\"gtx-trans\" style=\"position: absolute; left: -50px; top: 4.31534px;\">\n<div class=\"gtx-trans-icon\"><\/div>\n<\/div>\n<\/div><\/section><\/div><div class=\"flex_column av_one_full  flex_column_div av-zero-column-padding first  avia-builder-el-4  el_after_av_one_full  el_before_av_hr  column-top-margin\" style='border-radius:0px; '><section class=\"av_textblock_section \"  itemscope=\"itemscope\" itemtype=\"https:\/\/schema.org\/BlogPosting\" itemprop=\"blogPost\" ><div class='avia_textblock  '   itemprop=\"text\" ><p style=\"text-align: justify;\">La Semana Agr\u00edcola de INACAP Sede Coyhaique se llev\u00f3 a cabo con gran \u00e9xito durante tres d\u00edas de intensas actividades, reuniendo a estudiantes, profesionales del \u00e1rea agroindustrial y agricultores locales. Este evento, realizado en las instalaciones de INACAP y en NOLS, a 11 km de la ciudad, ofreci\u00f3 una rica agenda de actividades, incluyendo charlas, conversatorios y degustaciones de productos locales, resaltando el valor de la agricultura regional.<\/p>\n<p style=\"text-align: justify;\">El evento se enfoc\u00f3 en fomentar pr\u00e1cticas sostenibles y fortalecer el v\u00ednculo entre el \u00e1mbito educativo y el sector agr\u00edcola, clave para el desarrollo territorial. Expertos del \u00e1rea de Agroindustria compartieron su conocimiento sobre tendencias emergentes y t\u00e9cnicas agr\u00edcolas que promueven la sostenibilidad. Estos espacios de intercambio permitieron a los participantes conocer soluciones innovadoras aplicables en sus propias labores, lo que fortalece el ecosistema agroindustrial de la regi\u00f3n.<\/p>\n<p style=\"text-align: justify;\">Adem\u00e1s, las degustaciones de productos locales fueron uno de los puntos altos del evento, ofreciendo a los asistentes una muestra de la riqueza agr\u00edcola de la zona y promoviendo la valorizaci\u00f3n de la producci\u00f3n regional. Estas actividades no solo fueron un deleite para los sentidos, sino tambi\u00e9n una oportunidad para destacar la calidad y el potencial comercial de los productos de la regi\u00f3n.<\/p>\n<p style=\"text-align: justify;\">Mario P\u00e9rez, director del \u00e1rea de Agroindustria de INACAP, destac\u00f3 la relevancia de esta iniciativa: <em>\u201cEsta primera Semana Agr\u00edcola es una gran oportunidad para fortalecer la conexi\u00f3n entre la educaci\u00f3n y el sector agr\u00edcola. En INACAP estamos comprometidos con el desarrollo sostenible y la innovaci\u00f3n, y eventos como este nos permiten crear un espacio de aprendizaje y colaboraci\u00f3n que impulsa el desarrollo territorial.\u201d<\/em><\/p>\n<p style=\"text-align: justify;\">Una de las participantes Teresa Palma, expres\u00f3 su satisfacci\u00f3n con el evento: <em>\u201cHe aprendido mucho en estas jornadas. Las charlas han sido muy informativas y me han motivado a aplicar nuevas t\u00e9cnicas en mi propia producci\u00f3n. Adem\u00e1s, degustar productos locales ha sido un verdadero deleite.\u201d<\/em><\/p>\n<p style=\"text-align: justify;\">Instituciones como INIA y SAG tambi\u00e9n estuvieron presentes, subrayando el car\u00e1cter colaborativo de esta iniciativa. La Semana Agr\u00edcola no solo celebr\u00f3 la agricultura local, sino que se consolid\u00f3 como una plataforma que promueve un desarrollo m\u00e1s sostenible y productivo para la comunidad, alineada con los desaf\u00edos del futuro y las necesidades del territorio.<\/p>\n<p style=\"text-align: justify;\">De esta manera, INACAP Sede Coyhaique reafirma su compromiso con el desarrollo sustentable y territorial, trabajando codo a codo con los actores locales para construir un futuro m\u00e1s verde y pr\u00f3spero para todos.<\/p>\n<\/div><\/section><\/div><div  style='height:50px' class='hr hr-invisible   avia-builder-el-6  el_after_av_one_full  el_before_av_social_share '><span class='hr-inner ' ><span class='hr-inner-style'><\/span><\/span><\/div><\/p>\n<div  class='av-social-sharing-box  avia-builder-el-7  el_after_av_hr  el_before_av_hr  '><div class='av-share-box'><h5 class='av-share-link-description av-no-toc '>Compartir esta noticia<\/h5><ul class='av-share-box-list noLightbox'><li class='av-share-link av-social-link-facebook' ><a target=\"_blank\" aria-label=\"Compartir en Facebook\" href='https:\/\/www.facebook.com\/sharer.php?u=https:\/\/radiorevelacionfm.cl\/?p=47294&#038;t=INACAP%20Coyhaique%20impulsa%20la%20innovaci%C3%B3n%20y%20sustentabilidad%20en%20su%20exitosa%20primera%20semana%20agr%C3%ADcola' aria-hidden='false' data-av_icon='\ue8f3' data-av_iconfont='entypo-fontello' title='' data-avia-related-tooltip='Compartir en Facebook' rel=\"noopener\"><span class='avia_hidden_link_text'>Compartir en Facebook<\/span><\/a><\/li><li class='av-share-link av-social-link-twitter' ><a target=\"_blank\" aria-label=\"Compartir en Twitter\" href='https:\/\/twitter.com\/share?text=INACAP%20Coyhaique%20impulsa%20la%20innovaci%C3%B3n%20y%20sustentabilidad%20en%20su%20exitosa%20primera%20semana%20agr%C3%ADcola&#038;url=https:\/\/radiorevelacionfm.cl\/?p=47294' aria-hidden='false' data-av_icon='\ue8f1' data-av_iconfont='entypo-fontello' title='' data-avia-related-tooltip='Compartir en Twitter' rel=\"noopener\"><span class='avia_hidden_link_text'>Compartir en Twitter<\/span><\/a><\/li><li class='av-share-link av-social-link-whatsapp' ><a target=\"_blank\" aria-label=\"Compartir en Whatsapp\" href='https:\/\/api.whatsapp.com\/send?text=https:\/\/radiorevelacionfm.cl\/?p=47294' aria-hidden='false' data-av_icon='\uf232' data-av_iconfont='entypo-fontello' title='' data-avia-related-tooltip='Compartir en Whatsapp' rel=\"noopener\"><span class='avia_hidden_link_text'>Compartir en Whatsapp<\/span><\/a><\/li><li class='av-share-link av-social-link-linkedin' ><a target=\"_blank\" aria-label=\"Compartir en LinkedIn\" href='https:\/\/linkedin.com\/shareArticle?mini=true&#038;title=INACAP%20Coyhaique%20impulsa%20la%20innovaci%C3%B3n%20y%20sustentabilidad%20en%20su%20exitosa%20primera%20semana%20agr%C3%ADcola&#038;url=https:\/\/radiorevelacionfm.cl\/?p=47294' aria-hidden='false' data-av_icon='\ue8fc' data-av_iconfont='entypo-fontello' title='' data-avia-related-tooltip='Compartir en LinkedIn' rel=\"noopener\"><span class='avia_hidden_link_text'>Compartir en LinkedIn<\/span><\/a><\/li><li class='av-share-link av-social-link-mail' ><a  aria-label=\"Compartir por correo\" href='mailto:?subject=INACAP%20Coyhaique%20impulsa%20la%20innovaci%C3%B3n%20y%20sustentabilidad%20en%20su%20exitosa%20primera%20semana%20agr%C3%ADcola&#038;body=https:\/\/radiorevelacionfm.cl\/?p=47294' aria-hidden='false' data-av_icon='\ue805' data-av_iconfont='entypo-fontello' title='' data-avia-related-tooltip='Compartir por correo'><span class='avia_hidden_link_text'>Compartir por correo<\/span><\/a><\/li><\/ul><\/div><\/div>\n<div  style='height:50px' class='hr hr-invisible   avia-builder-el-8  el_after_av_social_share  el_before_av_comments_list '><span class='hr-inner ' ><span class='hr-inner-style'><\/span><\/span><\/div>\n<div  class='av-buildercomment  av-blog-meta-html-info-disabled av-blog-meta-tag-disabled  '><\/div>\n","protected":false},"excerpt":{"rendered":"","protected":false},"author":1,"featured_media":47295,"comment_status":"open","ping_status":"open","sticky":false,"template":"","format":"standard","meta":{"footnotes":""},"categories":[49],"tags":[],"class_list":["post-47294","post","type-post","status-publish","format-standard","has-post-thumbnail","hentry","category-educacion"],"jetpack_featured_media_url":"https:\/\/radiorevelacionfm.cl\/wp-content\/uploads\/2024\/10\/WhatsApp-Image-2024-10-21-at-10.33.48-AM-1-1.jpeg","_links":{"self":[{"href":"https:\/\/radiorevelacionfm.cl\/index.php?rest_route=\/wp\/v2\/posts\/47294","targetHints":{"allow":["GET"]}}],"collection":[{"href":"https:\/\/radiorevelacionfm.cl\/index.php?rest_route=\/wp\/v2\/posts"}],"about":[{"href":"https:\/\/radiorevelacionfm.cl\/index.php?rest_route=\/wp\/v2\/types\/post"}],"author":[{"embeddable":true,"href":"https:\/\/radiorevelacionfm.cl\/index.php?rest_route=\/wp\/v2\/users\/1"}],"replies":[{"embeddable":true,"href":"https:\/\/radiorevelacionfm.cl\/index.php?rest_route=%2Fwp%2Fv2%2Fcomments&post=47294"}],"version-history":[{"count":1,"href":"https:\/\/radiorevelacionfm.cl\/index.php?rest_route=\/wp\/v2\/posts\/47294\/revisions"}],"predecessor-version":[{"id":47296,"href":"https:\/\/radiorevelacionfm.cl\/index.php?rest_route=\/wp\/v2\/posts\/47294\/revisions\/47296"}],"wp:featuredmedia":[{"embeddable":true,"href":"https:\/\/radiorevelacionfm.cl\/index.php?rest_route=\/wp\/v2\/media\/47295"}],"wp:attachment":[{"href":"https:\/\/radiorevelacionfm.cl\/index.php?rest_route=%2Fwp%2Fv2%2Fmedia&parent=47294"}],"wp:term":[{"taxonomy":"category","embeddable":true,"href":"https:\/\/radiorevelacionfm.cl\/index.php?rest_route=%2Fwp%2Fv2%2Fcategories&post=47294"},{"taxonomy":"post_tag","embeddable":true,"href":"https:\/\/radiorevelacionfm.cl\/index.php?rest_route=%2Fwp%2Fv2%2Ftags&post=47294"}],"curies":[{"name":"wp","href":"https:\/\/api.w.org\/{rel}","templated":true}]}}