{"id":47291,"date":"2024-10-22T10:05:07","date_gmt":"2024-10-22T13:05:07","guid":{"rendered":"https:\/\/radiorevelacionfm.cl\/?p=47291"},"modified":"2024-10-22T10:05:07","modified_gmt":"2024-10-22T13:05:07","slug":"inicio-de-temporada-en-el-parque-nacional-cerro-castillo-aperturan-el-primer-sendero-autoguiado","status":"publish","type":"post","link":"https:\/\/radiorevelacionfm.cl\/?p=47291","title":{"rendered":"Inicio de temporada en el Parque Nacional Cerro Castillo: Aperturan el primer sendero autoguiado"},"content":{"rendered":"<div class=\"flex_column av_one_full  flex_column_div av-zero-column-padding first  avia-builder-el-0  el_before_av_one_full  avia-builder-el-first  \" style='border-radius:0px; '><div  class='avia-image-container  av-styling-    avia-builder-el-1  avia-builder-el-no-sibling  avia-align-center '  itemprop=\"image\" itemscope=\"itemscope\" itemtype=\"https:\/\/schema.org\/ImageObject\"  ><div class='avia-image-container-inner'><div class='avia-image-overlay-wrap'><img decoding=\"async\" class='wp-image-47292 avia-img-lazy-loading-not-47292 avia_image' src=\"https:\/\/radiorevelacionfm.cl\/wp-content\/uploads\/2024\/10\/dji_0059-pano-1-1-1_optimized-1-1.jpg\" alt='' title='dji_0059-pano-(1)-(1)-(1)_optimized (1) (1)' height=\"845\" width=\"801\"  itemprop=\"thumbnailUrl\" srcset=\"https:\/\/radiorevelacionfm.cl\/wp-content\/uploads\/2024\/10\/dji_0059-pano-1-1-1_optimized-1-1.jpg 801w, https:\/\/radiorevelacionfm.cl\/wp-content\/uploads\/2024\/10\/dji_0059-pano-1-1-1_optimized-1-1-284x300.jpg 284w, https:\/\/radiorevelacionfm.cl\/wp-content\/uploads\/2024\/10\/dji_0059-pano-1-1-1_optimized-1-1-768x810.jpg 768w, https:\/\/radiorevelacionfm.cl\/wp-content\/uploads\/2024\/10\/dji_0059-pano-1-1-1_optimized-1-1-668x705.jpg 668w, https:\/\/radiorevelacionfm.cl\/wp-content\/uploads\/2024\/10\/dji_0059-pano-1-1-1_optimized-1-1-450x475.jpg 450w, https:\/\/radiorevelacionfm.cl\/wp-content\/uploads\/2024\/10\/dji_0059-pano-1-1-1_optimized-1-1-600x633.jpg 600w\" sizes=\"(max-width: 801px) 100vw, 801px\" \/><\/div><\/div><\/div><\/div><div class=\"flex_column av_one_full  flex_column_div av-zero-column-padding first  avia-builder-el-2  el_after_av_one_full  el_before_av_one_full  column-top-margin\" style='border-radius:0px; '><section class=\"av_textblock_section \"  itemscope=\"itemscope\" itemtype=\"https:\/\/schema.org\/BlogPosting\" itemprop=\"blogPost\" ><div class='avia_textblock  '   itemprop=\"text\" ><p style=\"text-align: center;\"><strong><span style=\"font-size: 18pt;\">Inicio de temporada en el Parque Nacional Cerro Castillo: Aperturan el primer sendero autoguiado <\/span><\/strong><\/p>\n<div id=\"gtx-trans\" style=\"position: absolute; left: -50px; top: 4.31534px;\">\n<div class=\"gtx-trans-icon\"><\/div>\n<\/div>\n<\/div><\/section><\/div><div class=\"flex_column av_one_full  flex_column_div av-zero-column-padding first  avia-builder-el-4  el_after_av_one_full  el_before_av_hr  column-top-margin\" style='border-radius:0px; '><section class=\"av_textblock_section \"  itemscope=\"itemscope\" itemtype=\"https:\/\/schema.org\/BlogPosting\" itemprop=\"blogPost\" ><div class='avia_textblock  '   itemprop=\"text\" ><p style=\"text-align: justify;\"><em>Un nuevo tarifario y mejoras de infraestructura prometen una experiencia m\u00e1s segura y satisfactoria para los visitantes.<\/em><\/p>\n<p style=\"text-align: justify;\">La temporada estival 2024-25 comienza a activarse en la Regi\u00f3n de Ays\u00e9n, trayendo consigo panoramas imperdibles de la \u00e9poca. El Parque Nacional Cerro Castillo, hogar de especias emblem\u00e1ticas como el huemul, se convierte as\u00ed en uno de los mayores atractivos para los amantes de las aventuras al aire libre y el trekking en medio de la privilegiada naturaleza patag\u00f3nica.<\/p>\n<p style=\"text-align: justify;\">El pasado jueves 17 de octubre se oficializ\u00f3 la apertura del sendero Estero Parada en formato autoguiado, la primera ruta de tres que existen. Este hecho se confirm\u00f3 tras la firma del acuerdo de permisi\u00f3n para el uso tur\u00edstico de esta \u00e1rea protegida, entre la Corporaci\u00f3n Nacional Forestal (Conaf) y la Corporaci\u00f3n de Turismo Parque Nacional y Villa Cerro Castillo, actual administradora de estos servicios desde enero del 2024.<\/p>\n<p style=\"text-align: justify;\">\u201cEl sendero Estero Parada ya se encuentra operativo hasta Laguna Duff. Para los \u00faltimos cuatro kil\u00f3metros se recomienda utilizar raquetas. Respecto al sendero Mirador Laguna, estamos esperando que la nieve disminuya. Actualmente solo est\u00e1 disponible con gu\u00eda de monta\u00f1a o firmando una ficha de responsabilidad en la que se acredita experiencia para realizar la traves\u00eda. Creemos que a mediados de noviembre se reevaluar\u00e1 la situaci\u00f3n\u201d, indic\u00f3 Antonia Berrocal R\u00edos, jefa de proyecto de la corporaci\u00f3n.<\/p>\n<p style=\"text-align: justify;\">Seg\u00fan el reglamento del parque, durante octubre, se podr\u00e1 ingresar diariamente por Estero Parada de 08:00 a 13:00 horas. Si el usuario desea pernoctar en el Campamento Neozeland\u00e9s o Porteadores, el horario l\u00edmite de acceso es a las 16:00 horas.<\/p>\n<p style=\"text-align: justify;\">Una gran novedad para esta temporada es la implementaci\u00f3n de un nuevo tarifario, que ofrece rebajas seg\u00fan la duraci\u00f3n de la visita. Este reajuste contempla los siguientes valores: para nacionales $15.000 CLP por un d\u00eda, $22.000 CLP por dos d\u00edas, $26.000 CLP por tres d\u00edas o m\u00e1s; para extranjeros $18.000 CLP por un d\u00eda, $24.000 CLP por dos d\u00edas, $28.000 CLP por tres d\u00edas o m\u00e1s; y para tercera edad, gu\u00edas, residentes y ni\u00f1os\/as menores de 12 a\u00f1os, el ticket es de $6.000 CLP.<\/p>\n<p style=\"text-align: justify;\">Asimismo, Conaf Coyhaique llev\u00f3 a cabo un importante proyecto que incluy\u00f3 nueva infraestructura para una experiencia m\u00e1s segura y confortable, gracias al Programa Siembro por Chile. Estas mejoras contemplaron 22 puentes, con un total de 125 metros aproximadamente; cinco tramos de escalinatas, con un total de 42 metros aproximadamente; un mirador de 10 metros cuadrados con bancas, nueve mesas de camping, construcci\u00f3n de un ba\u00f1o r\u00fastico en el Campamento Neozeland\u00e9s, as\u00ed como limpieza de maderas muertas en esta zona junto con la confecci\u00f3n e instalaci\u00f3n de dos se\u00f1al\u00e9ticas en madera.<\/p>\n<p style=\"text-align: justify;\">\u201cEl disfrute de esta aventura va de la mano con la responsabilidad. Es fundamental que sigamos las medidas de prevenci\u00f3n de incendios forestales. Est\u00e1 prohibido el uso de fuego al interior del parque. Se puede utilizar cocinilla en los sectores designados y es importante tambi\u00e9n no dejar residuos. Es m\u00e1s f\u00e1cil prevenir que combatir. Peque\u00f1as acciones generan grandes efectos en la naturaleza\u201d, concluy\u00f3 Jos\u00e9 Luis P\u00e9rez Vargas, jefe provincial de Conaf Coyhaique.<\/p>\n<\/div><\/section><\/div><div  style='height:50px' class='hr hr-invisible   avia-builder-el-6  el_after_av_one_full  el_before_av_social_share '><span class='hr-inner ' ><span class='hr-inner-style'><\/span><\/span><\/div><\/p>\n<div  class='av-social-sharing-box  avia-builder-el-7  el_after_av_hr  el_before_av_hr  '><div class='av-share-box'><h5 class='av-share-link-description av-no-toc '>Compartir esta noticia<\/h5><ul class='av-share-box-list noLightbox'><li class='av-share-link av-social-link-facebook' ><a target=\"_blank\" aria-label=\"Compartir en Facebook\" href='https:\/\/www.facebook.com\/sharer.php?u=https:\/\/radiorevelacionfm.cl\/?p=47291&#038;t=Inicio%20de%20temporada%20en%20el%20Parque%20Nacional%20Cerro%20Castillo%3A%20Aperturan%20el%20primer%20sendero%20autoguiado' aria-hidden='false' data-av_icon='\ue8f3' data-av_iconfont='entypo-fontello' title='' data-avia-related-tooltip='Compartir en Facebook' rel=\"noopener\"><span class='avia_hidden_link_text'>Compartir en Facebook<\/span><\/a><\/li><li class='av-share-link av-social-link-twitter' ><a target=\"_blank\" aria-label=\"Compartir en Twitter\" href='https:\/\/twitter.com\/share?text=Inicio%20de%20temporada%20en%20el%20Parque%20Nacional%20Cerro%20Castillo%3A%20Aperturan%20el%20primer%20sendero%20autoguiado&#038;url=https:\/\/radiorevelacionfm.cl\/?p=47291' aria-hidden='false' data-av_icon='\ue8f1' data-av_iconfont='entypo-fontello' title='' data-avia-related-tooltip='Compartir en Twitter' rel=\"noopener\"><span class='avia_hidden_link_text'>Compartir en Twitter<\/span><\/a><\/li><li class='av-share-link av-social-link-whatsapp' ><a target=\"_blank\" aria-label=\"Compartir en Whatsapp\" href='https:\/\/api.whatsapp.com\/send?text=https:\/\/radiorevelacionfm.cl\/?p=47291' aria-hidden='false' data-av_icon='\uf232' data-av_iconfont='entypo-fontello' title='' data-avia-related-tooltip='Compartir en Whatsapp' rel=\"noopener\"><span class='avia_hidden_link_text'>Compartir en Whatsapp<\/span><\/a><\/li><li class='av-share-link av-social-link-linkedin' ><a target=\"_blank\" aria-label=\"Compartir en LinkedIn\" href='https:\/\/linkedin.com\/shareArticle?mini=true&#038;title=Inicio%20de%20temporada%20en%20el%20Parque%20Nacional%20Cerro%20Castillo%3A%20Aperturan%20el%20primer%20sendero%20autoguiado&#038;url=https:\/\/radiorevelacionfm.cl\/?p=47291' aria-hidden='false' data-av_icon='\ue8fc' data-av_iconfont='entypo-fontello' title='' data-avia-related-tooltip='Compartir en LinkedIn' rel=\"noopener\"><span class='avia_hidden_link_text'>Compartir en LinkedIn<\/span><\/a><\/li><li class='av-share-link av-social-link-mail' ><a  aria-label=\"Compartir por correo\" href='mailto:?subject=Inicio%20de%20temporada%20en%20el%20Parque%20Nacional%20Cerro%20Castillo%3A%20Aperturan%20el%20primer%20sendero%20autoguiado&#038;body=https:\/\/radiorevelacionfm.cl\/?p=47291' aria-hidden='false' data-av_icon='\ue805' data-av_iconfont='entypo-fontello' title='' data-avia-related-tooltip='Compartir por correo'><span class='avia_hidden_link_text'>Compartir por correo<\/span><\/a><\/li><\/ul><\/div><\/div>\n<div  style='height:50px' class='hr hr-invisible   avia-builder-el-8  el_after_av_social_share  el_before_av_comments_list '><span class='hr-inner ' ><span class='hr-inner-style'><\/span><\/span><\/div>\n<div  class='av-buildercomment  av-blog-meta-html-info-disabled av-blog-meta-tag-disabled  '><\/div>\n","protected":false},"excerpt":{"rendered":"","protected":false},"author":1,"featured_media":47292,"comment_status":"open","ping_status":"open","sticky":false,"template":"","format":"standard","meta":{"footnotes":""},"categories":[54],"tags":[],"class_list":["post-47291","post","type-post","status-publish","format-standard","has-post-thumbnail","hentry","category-turismo"],"jetpack_featured_media_url":"https:\/\/radiorevelacionfm.cl\/wp-content\/uploads\/2024\/10\/dji_0059-pano-1-1-1_optimized-1-1.jpg","_links":{"self":[{"href":"https:\/\/radiorevelacionfm.cl\/index.php?rest_route=\/wp\/v2\/posts\/47291","targetHints":{"allow":["GET"]}}],"collection":[{"href":"https:\/\/radiorevelacionfm.cl\/index.php?rest_route=\/wp\/v2\/posts"}],"about":[{"href":"https:\/\/radiorevelacionfm.cl\/index.php?rest_route=\/wp\/v2\/types\/post"}],"author":[{"embeddable":true,"href":"https:\/\/radiorevelacionfm.cl\/index.php?rest_route=\/wp\/v2\/users\/1"}],"replies":[{"embeddable":true,"href":"https:\/\/radiorevelacionfm.cl\/index.php?rest_route=%2Fwp%2Fv2%2Fcomments&post=47291"}],"version-history":[{"count":1,"href":"https:\/\/radiorevelacionfm.cl\/index.php?rest_route=\/wp\/v2\/posts\/47291\/revisions"}],"predecessor-version":[{"id":47293,"href":"https:\/\/radiorevelacionfm.cl\/index.php?rest_route=\/wp\/v2\/posts\/47291\/revisions\/47293"}],"wp:featuredmedia":[{"embeddable":true,"href":"https:\/\/radiorevelacionfm.cl\/index.php?rest_route=\/wp\/v2\/media\/47292"}],"wp:attachment":[{"href":"https:\/\/radiorevelacionfm.cl\/index.php?rest_route=%2Fwp%2Fv2%2Fmedia&parent=47291"}],"wp:term":[{"taxonomy":"category","embeddable":true,"href":"https:\/\/radiorevelacionfm.cl\/index.php?rest_route=%2Fwp%2Fv2%2Fcategories&post=47291"},{"taxonomy":"post_tag","embeddable":true,"href":"https:\/\/radiorevelacionfm.cl\/index.php?rest_route=%2Fwp%2Fv2%2Ftags&post=47291"}],"curies":[{"name":"wp","href":"https:\/\/api.w.org\/{rel}","templated":true}]}}