{"id":47288,"date":"2024-11-04T10:44:26","date_gmt":"2024-11-04T13:44:26","guid":{"rendered":"https:\/\/radiorevelacionfm.cl\/?p=47288"},"modified":"2024-11-04T10:44:26","modified_gmt":"2024-11-04T13:44:26","slug":"vamos-al-jardin-postula-a-las-salas-cuna-y-jardines-infantiles-publicos-para-el-ano-2025","status":"publish","type":"post","link":"https:\/\/radiorevelacionfm.cl\/?p=47288","title":{"rendered":"Vamos Al Jard\u00edn: Postula a las salas cuna y jardines infantiles p\u00fablicos para el a\u00f1o 2025"},"content":{"rendered":"<div class=\"flex_column av_one_full  flex_column_div av-zero-column-padding first  avia-builder-el-0  el_before_av_one_full  avia-builder-el-first  \" style='border-radius:0px; '><div  class='avia-image-container  av-styling-    avia-builder-el-1  avia-builder-el-no-sibling  avia-align-center '  itemprop=\"image\" itemscope=\"itemscope\" itemtype=\"https:\/\/schema.org\/ImageObject\"  ><div class='avia-image-container-inner'><div class='avia-image-overlay-wrap'><img decoding=\"async\" class='wp-image-47289 avia-img-lazy-loading-not-47289 avia_image' src=\"https:\/\/radiorevelacionfm.cl\/wp-content\/uploads\/2024\/10\/foto-1-2-1-1_optimized.jpg\" alt='' title='foto-1-(2)-(1)-(1)_optimized' height=\"600\" width=\"906\"  itemprop=\"thumbnailUrl\" srcset=\"https:\/\/radiorevelacionfm.cl\/wp-content\/uploads\/2024\/10\/foto-1-2-1-1_optimized.jpg 906w, https:\/\/radiorevelacionfm.cl\/wp-content\/uploads\/2024\/10\/foto-1-2-1-1_optimized-300x199.jpg 300w, https:\/\/radiorevelacionfm.cl\/wp-content\/uploads\/2024\/10\/foto-1-2-1-1_optimized-768x509.jpg 768w, https:\/\/radiorevelacionfm.cl\/wp-content\/uploads\/2024\/10\/foto-1-2-1-1_optimized-705x467.jpg 705w, https:\/\/radiorevelacionfm.cl\/wp-content\/uploads\/2024\/10\/foto-1-2-1-1_optimized-450x298.jpg 450w, https:\/\/radiorevelacionfm.cl\/wp-content\/uploads\/2024\/10\/foto-1-2-1-1_optimized-600x397.jpg 600w\" sizes=\"(max-width: 906px) 100vw, 906px\" \/><\/div><\/div><\/div><\/div><div class=\"flex_column av_one_full  flex_column_div av-zero-column-padding first  avia-builder-el-2  el_after_av_one_full  el_before_av_one_full  column-top-margin\" style='border-radius:0px; '><section class=\"av_textblock_section \"  itemscope=\"itemscope\" itemtype=\"https:\/\/schema.org\/BlogPosting\" itemprop=\"blogPost\" ><div class='avia_textblock  '   itemprop=\"text\" ><p style=\"text-align: center;\"><span style=\"font-size: 18pt;\"><b>Vamos Al Jard\u00edn: Postula a las salas cuna y jardines infantiles p\u00fablicos para el a\u00f1o 2025<\/b><\/span><\/p>\n<div id=\"gtx-trans\" style=\"position: absolute; left: -50px; top: 4.31534px;\">\n<div class=\"gtx-trans-icon\"><\/div>\n<\/div>\n<\/div><\/section><\/div><div class=\"flex_column av_one_full  flex_column_div av-zero-column-padding first  avia-builder-el-4  el_after_av_one_full  el_before_av_hr  column-top-margin\" style='border-radius:0px; '><section class=\"av_textblock_section \"  itemscope=\"itemscope\" itemtype=\"https:\/\/schema.org\/BlogPosting\" itemprop=\"blogPost\" ><div class='avia_textblock  '   itemprop=\"text\" ><p class=\"v1MsoNormal\" style=\"text-align: justify;\">Desde el 21 de octubre y hasta el 29 de noviembre, las familias de todo Chile podr\u00e1n postular a las salas cuna y jardines infantiles de JUNJI y Fundaci\u00f3n Integra, mediante un proceso sencillo y que busca facilitar el acceso a una educaci\u00f3n parvularia p\u00fablica de calidad.<\/p>\n<p class=\"v1MsoNormal\" style=\"text-align: justify;\">Porque ir todos los d\u00edas a las salas cuna y jardines infantiles es esencial para el desarrollo y bienestar integral de ni\u00f1as y ni\u00f1os, la invitaci\u00f3n es a elegir la Educaci\u00f3n Parvularia P\u00fablica.<\/p>\n<p class=\"v1MsoNormal\" style=\"text-align: justify;\">\u00abEste es el inicio de la trayectoria educativa, donde no solo se garantizan aprendizajes de calidad, sino que tambi\u00e9n se promueve la inclusi\u00f3n, el respeto por la diversidad y el desarrollo de habilidades socioemocionales, elementos fundamentales en los primeros a\u00f1os de vida de las ni\u00f1as y ni\u00f1os\u00bb, indic\u00f3 la subsecretaria de Educaci\u00f3n Parvularia, Claudia Lagos Serrano.<\/p>\n<p class=\"v1MsoNormal\" style=\"text-align: justify;\">De igual modo la vicepresidenta ejecutiva de JUNJI, Daniela Trivi\u00f1o Millar, hizo un llamado indicando que \u201cel primer nivel educativo permite favorecer la autonom\u00eda progresiva, la socializaci\u00f3n, y vivenciar experiencias de aprendizaje l\u00fadicas, desafiantes y vinculantes. Por eso invitamos a las familias a postular en las plataformas que hemos puesto a disposici\u00f3n de manera online. Tal como dice el slogan de nuestra campa\u00f1a\u00a0<i>Porque es muy importante. Vamos Al Jard\u00ed<\/i>n\u201d, expres\u00f3.<\/p>\n<p class=\"v1MsoNormal\" style=\"text-align: justify;\">El director ejecutivo de Fundaci\u00f3n Integra, Carlos Gonz\u00e1lez Rivas, agreg\u00f3 que \u201cla asistencia de ni\u00f1as y ni\u00f1os a la sala cuna y jard\u00edn infantil es fundamental para su desarrollo integral, en espacios educativos amorosos y seguros que promueven aprendizajes significativos a trav\u00e9s del juego, con la colaboraci\u00f3n de personas y equipos comprometidos en su rol de garantes de derechos y agentes de cambio social\u201d.<\/p>\n<p class=\"v1MsoNormal\" style=\"text-align: justify;\">Para acceder a salas cuna y jardines infantiles para 2025, las familias deben postular de manera online a trav\u00e9s de las plataformas web de JUNJI\u00a0<a href=\"https:\/\/junji.gob.cl\/\" target=\"_blank\" rel=\"noopener noreferrer\">www.junji.cl<\/a>\u00a0e Integra\u00a0<a href=\"https:\/\/www.integra.cl\/\" target=\"_blank\" rel=\"noopener noreferrer\">www.integra.cl<\/a>, seg\u00fan corresponda. En el caso de aquellas familias que tengan dificultad en el uso de las tecnolog\u00edas, pueden acercarse directamente a las salas cuna y jardines infantiles para ser orientados de manera presencial.<\/p>\n<p class=\"v1MsoNormal\" style=\"text-align: justify;\"><b>Fechas clave del proceso de postulaci\u00f3n 2025<\/b><\/p>\n<ul type=\"disc\">\n<li class=\"v1MsoNormal\" style=\"text-align: justify;\">Postulaciones: 21 de octubre al 29 de noviembre de 2024<\/li>\n<li class=\"v1MsoNormal\" style=\"text-align: justify;\">Entrega de resultados: 18 de diciembre de 2024<\/li>\n<li class=\"v1MsoNormal\" style=\"text-align: justify;\">Matr\u00edcula: 23 de diciembre de 2024 al 14 de enero de 2025<\/li>\n<\/ul>\n<\/div><\/section><\/div><div  style='height:50px' class='hr hr-invisible   avia-builder-el-6  el_after_av_one_full  el_before_av_social_share '><span class='hr-inner ' ><span class='hr-inner-style'><\/span><\/span><\/div><\/p>\n<div  class='av-social-sharing-box  avia-builder-el-7  el_after_av_hr  el_before_av_hr  '><div class='av-share-box'><h5 class='av-share-link-description av-no-toc '>Compartir esta noticia<\/h5><ul class='av-share-box-list noLightbox'><li class='av-share-link av-social-link-facebook' ><a target=\"_blank\" aria-label=\"Compartir en Facebook\" href='https:\/\/www.facebook.com\/sharer.php?u=https:\/\/radiorevelacionfm.cl\/?p=47288&#038;t=Vamos%20Al%20Jard%C3%ADn%3A%20Postula%20a%20las%20salas%20cuna%20y%20jardines%20infantiles%20p%C3%BAblicos%20para%20el%20a%C3%B1o%202025' aria-hidden='false' data-av_icon='\ue8f3' data-av_iconfont='entypo-fontello' title='' data-avia-related-tooltip='Compartir en Facebook' rel=\"noopener\"><span class='avia_hidden_link_text'>Compartir en Facebook<\/span><\/a><\/li><li class='av-share-link av-social-link-twitter' ><a target=\"_blank\" aria-label=\"Compartir en Twitter\" href='https:\/\/twitter.com\/share?text=Vamos%20Al%20Jard%C3%ADn%3A%20Postula%20a%20las%20salas%20cuna%20y%20jardines%20infantiles%20p%C3%BAblicos%20para%20el%20a%C3%B1o%202025&#038;url=https:\/\/radiorevelacionfm.cl\/?p=47288' aria-hidden='false' data-av_icon='\ue8f1' data-av_iconfont='entypo-fontello' title='' data-avia-related-tooltip='Compartir en Twitter' rel=\"noopener\"><span class='avia_hidden_link_text'>Compartir en Twitter<\/span><\/a><\/li><li class='av-share-link av-social-link-whatsapp' ><a target=\"_blank\" aria-label=\"Compartir en Whatsapp\" href='https:\/\/api.whatsapp.com\/send?text=https:\/\/radiorevelacionfm.cl\/?p=47288' aria-hidden='false' data-av_icon='\uf232' data-av_iconfont='entypo-fontello' title='' data-avia-related-tooltip='Compartir en Whatsapp' rel=\"noopener\"><span class='avia_hidden_link_text'>Compartir en Whatsapp<\/span><\/a><\/li><li class='av-share-link av-social-link-linkedin' ><a target=\"_blank\" aria-label=\"Compartir en LinkedIn\" href='https:\/\/linkedin.com\/shareArticle?mini=true&#038;title=Vamos%20Al%20Jard%C3%ADn%3A%20Postula%20a%20las%20salas%20cuna%20y%20jardines%20infantiles%20p%C3%BAblicos%20para%20el%20a%C3%B1o%202025&#038;url=https:\/\/radiorevelacionfm.cl\/?p=47288' aria-hidden='false' data-av_icon='\ue8fc' data-av_iconfont='entypo-fontello' title='' data-avia-related-tooltip='Compartir en LinkedIn' rel=\"noopener\"><span class='avia_hidden_link_text'>Compartir en LinkedIn<\/span><\/a><\/li><li class='av-share-link av-social-link-mail' ><a  aria-label=\"Compartir por correo\" href='mailto:?subject=Vamos%20Al%20Jard%C3%ADn%3A%20Postula%20a%20las%20salas%20cuna%20y%20jardines%20infantiles%20p%C3%BAblicos%20para%20el%20a%C3%B1o%202025&#038;body=https:\/\/radiorevelacionfm.cl\/?p=47288' aria-hidden='false' data-av_icon='\ue805' data-av_iconfont='entypo-fontello' title='' data-avia-related-tooltip='Compartir por correo'><span class='avia_hidden_link_text'>Compartir por correo<\/span><\/a><\/li><\/ul><\/div><\/div>\n<div  style='height:50px' class='hr hr-invisible   avia-builder-el-8  el_after_av_social_share  el_before_av_comments_list '><span class='hr-inner ' ><span class='hr-inner-style'><\/span><\/span><\/div>\n<div  class='av-buildercomment  av-blog-meta-html-info-disabled av-blog-meta-tag-disabled  '><\/div>\n","protected":false},"excerpt":{"rendered":"","protected":false},"author":1,"featured_media":47289,"comment_status":"open","ping_status":"open","sticky":false,"template":"","format":"standard","meta":{"footnotes":""},"categories":[49],"tags":[],"class_list":["post-47288","post","type-post","status-publish","format-standard","has-post-thumbnail","hentry","category-educacion"],"jetpack_featured_media_url":"https:\/\/radiorevelacionfm.cl\/wp-content\/uploads\/2024\/10\/foto-1-2-1-1_optimized.jpg","_links":{"self":[{"href":"https:\/\/radiorevelacionfm.cl\/index.php?rest_route=\/wp\/v2\/posts\/47288","targetHints":{"allow":["GET"]}}],"collection":[{"href":"https:\/\/radiorevelacionfm.cl\/index.php?rest_route=\/wp\/v2\/posts"}],"about":[{"href":"https:\/\/radiorevelacionfm.cl\/index.php?rest_route=\/wp\/v2\/types\/post"}],"author":[{"embeddable":true,"href":"https:\/\/radiorevelacionfm.cl\/index.php?rest_route=\/wp\/v2\/users\/1"}],"replies":[{"embeddable":true,"href":"https:\/\/radiorevelacionfm.cl\/index.php?rest_route=%2Fwp%2Fv2%2Fcomments&post=47288"}],"version-history":[{"count":1,"href":"https:\/\/radiorevelacionfm.cl\/index.php?rest_route=\/wp\/v2\/posts\/47288\/revisions"}],"predecessor-version":[{"id":47290,"href":"https:\/\/radiorevelacionfm.cl\/index.php?rest_route=\/wp\/v2\/posts\/47288\/revisions\/47290"}],"wp:featuredmedia":[{"embeddable":true,"href":"https:\/\/radiorevelacionfm.cl\/index.php?rest_route=\/wp\/v2\/media\/47289"}],"wp:attachment":[{"href":"https:\/\/radiorevelacionfm.cl\/index.php?rest_route=%2Fwp%2Fv2%2Fmedia&parent=47288"}],"wp:term":[{"taxonomy":"category","embeddable":true,"href":"https:\/\/radiorevelacionfm.cl\/index.php?rest_route=%2Fwp%2Fv2%2Fcategories&post=47288"},{"taxonomy":"post_tag","embeddable":true,"href":"https:\/\/radiorevelacionfm.cl\/index.php?rest_route=%2Fwp%2Fv2%2Ftags&post=47288"}],"curies":[{"name":"wp","href":"https:\/\/api.w.org\/{rel}","templated":true}]}}