{"id":47280,"date":"2024-10-22T11:14:10","date_gmt":"2024-10-22T14:14:10","guid":{"rendered":"https:\/\/radiorevelacionfm.cl\/?p=47280"},"modified":"2024-10-22T11:14:10","modified_gmt":"2024-10-22T14:14:10","slug":"masiva-conmemoracion-de-los-40-anos-del-tratado-de-paz-entre-chile-y-argentina","status":"publish","type":"post","link":"https:\/\/radiorevelacionfm.cl\/?p=47280","title":{"rendered":"Masiva conmemoraci\u00f3n de los 40 a\u00f1os del Tratado de Paz entre Chile y Argentina"},"content":{"rendered":"<div class=\"flex_column av_one_full  flex_column_div av-zero-column-padding first  avia-builder-el-0  el_before_av_one_full  avia-builder-el-first  \" style='border-radius:0px; '><div  class='avia-image-container  av-styling-    avia-builder-el-1  avia-builder-el-no-sibling  avia-align-center '  itemprop=\"image\" itemscope=\"itemscope\" itemtype=\"https:\/\/schema.org\/ImageObject\"  ><div class='avia-image-container-inner'><div class='avia-image-overlay-wrap'><img decoding=\"async\" class='wp-image-47281 avia-img-lazy-loading-not-47281 avia_image' src=\"https:\/\/radiorevelacionfm.cl\/wp-content\/uploads\/2024\/10\/20241019114328_img_8723-1_optimized-1.jpg\" alt='' title='20241019114328_img_8723-(1)_optimized (1)' height=\"600\" width=\"900\"  itemprop=\"thumbnailUrl\" srcset=\"https:\/\/radiorevelacionfm.cl\/wp-content\/uploads\/2024\/10\/20241019114328_img_8723-1_optimized-1.jpg 900w, https:\/\/radiorevelacionfm.cl\/wp-content\/uploads\/2024\/10\/20241019114328_img_8723-1_optimized-1-300x200.jpg 300w, https:\/\/radiorevelacionfm.cl\/wp-content\/uploads\/2024\/10\/20241019114328_img_8723-1_optimized-1-768x512.jpg 768w, https:\/\/radiorevelacionfm.cl\/wp-content\/uploads\/2024\/10\/20241019114328_img_8723-1_optimized-1-705x470.jpg 705w, https:\/\/radiorevelacionfm.cl\/wp-content\/uploads\/2024\/10\/20241019114328_img_8723-1_optimized-1-450x300.jpg 450w, https:\/\/radiorevelacionfm.cl\/wp-content\/uploads\/2024\/10\/20241019114328_img_8723-1_optimized-1-600x400.jpg 600w\" sizes=\"(max-width: 900px) 100vw, 900px\" \/><\/div><\/div><\/div><\/div><div class=\"flex_column av_one_full  flex_column_div av-zero-column-padding first  avia-builder-el-2  el_after_av_one_full  el_before_av_one_full  column-top-margin\" style='border-radius:0px; '><section class=\"av_textblock_section \"  itemscope=\"itemscope\" itemtype=\"https:\/\/schema.org\/BlogPosting\" itemprop=\"blogPost\" ><div class='avia_textblock  '   itemprop=\"text\" ><p style=\"text-align: center;\"><span style=\"font-size: 18pt;\"><b>Masiva conmemoraci\u00f3n de los 40 a\u00f1os del Tratado de Paz entre Chile y Argentina<\/b><\/span><\/p>\n<div id=\"gtx-trans\" style=\"position: absolute; left: -50px; top: 4.31534px;\">\n<div class=\"gtx-trans-icon\"><\/div>\n<\/div>\n<\/div><\/section><\/div><div class=\"flex_column av_one_full  flex_column_div av-zero-column-padding first  avia-builder-el-4  el_after_av_one_full  el_before_av_hr  column-top-margin\" style='border-radius:0px; '><section class=\"av_textblock_section \"  itemscope=\"itemscope\" itemtype=\"https:\/\/schema.org\/BlogPosting\" itemprop=\"blogPost\" ><div class='avia_textblock  '   itemprop=\"text\" ><p style=\"font-weight: 400; text-align: justify;\">Con el mensaje \u201cPatagonia: tierras y pueblos de paz\u201d, y con la participaci\u00f3n de m\u00e1s de 300 personas, el pasado fin de semana se conmemor\u00f3 en la localidad de Balmaceda, los 40 a\u00f1os del Tratado de Paz firmado por Chile y Argentina, el 29 de noviembre de 1984.<\/p>\n<p style=\"font-weight: 400; text-align: justify;\">La actividad fue organizada por el Vicariato Apost\u00f3lico de Ays\u00e9n, con apoyo de la Delegaci\u00f3n Presidencial Regional, Gobierno Regional y Municipalidad de Coyhaique.<\/p>\n<p style=\"font-weight: 400; text-align: justify;\">La jornada comenz\u00f3 en el Hito 45, considerando saludos protocolares entre autoridades chilenas y argentinas en el Santuario \u201cVirgen de la Paz\u201d, seguida de una reposici\u00f3n de las banderas de Chile, el Vaticano y Argentina, junto a la imagen Nuestra Se\u00f1ora de la Paz bendecida por el papa Juan Pablo II.<\/p>\n<p style=\"font-weight: 400; text-align: justify;\">La ceremonia continu\u00f3 con una eucarist\u00eda por la paz y con un encuentro comunitario en la escuela Jos\u00e9 Antol\u00edn Silva Orme\u00f1o de Balmaceda, encabezada por los obispos del Vicariato Apost\u00f3lico de Ays\u00e9n, Luis Infanti de la Mora, y de Comodoro Rivadavia, Monse\u00f1or Jorge Luis Wagner.<\/p>\n<p style=\"font-weight: 400; text-align: justify;\">\u201cHemos celebrado aqu\u00ed en Balmaceda un lindo encuentro, fraterno, con gran multitud de personas hermanas y\u00a0 hermanos de los pueblos m\u00e1s cercanos de Chile y Argentina, y esta celebraci\u00f3n de 40 a\u00f1os de la firma del Tratado de Paz entre Chile y Argentina nos encuentra dispuestos, valientes, educadores y l\u00edderes morales, \u00e9ticos de paz\u201d, destac\u00f3 el padre obispo Luis Infanti.<\/p>\n<p style=\"font-weight: 400; text-align: justify;\">Del mismo modo, su par Jorge Luis Wagner destac\u00f3 la importancia de esta conmemoraci\u00f3n.<\/p>\n<p style=\"font-weight: 400; text-align: justify;\">\u201cCompartiendo esta jornada de oraci\u00f3n y, sobre todo, de encuentro, porque esto nos ayuda a propiciar la fraternidad y el encuentro entre los pueblos y entre las naciones, as\u00ed es que muy contentos de celebrar este d\u00eda junto a la querida comunidad de Balmaceda\u201d, se\u00f1al\u00f3.<\/p>\n<p style=\"font-weight: 400; text-align: justify;\">El Tratado de Paz y Amistad firmado en 1984, establece en l\u00edneas generales, la soberan\u00eda de Chile sobre las tres islas al sur del Canal Beagle, Picton, Nueva y Lenox. Adem\u00e1s, el tratado compromete a ambas naciones a intensificar la cooperaci\u00f3n econ\u00f3mica y la integraci\u00f3n f\u00edsica, a preservar una amistad perpetua y abstenerse de alterar la armon\u00eda en sus relaciones mutuas.<\/p>\n<p style=\"font-weight: 400; text-align: justify;\">Entre las autoridades asistentes, participaron el Delegado Presidencial Regional de Ays\u00e9n, Rodrigo Araya; el presidente (s) del Consejo Regional, Ra\u00fal Rudolphi; la presidenta (s) del Concejo Municipal, y la diputada de la Naci\u00f3n Argentina, provincia de Chubut, Ana Clara Romero, entre otros.<\/p>\n<\/div><\/section><\/div><div  style='height:50px' class='hr hr-invisible   avia-builder-el-6  el_after_av_one_full  el_before_av_social_share '><span class='hr-inner ' ><span class='hr-inner-style'><\/span><\/span><\/div><\/p>\n<div  class='av-social-sharing-box  avia-builder-el-7  el_after_av_hr  el_before_av_hr  '><div class='av-share-box'><h5 class='av-share-link-description av-no-toc '>Compartir esta noticia<\/h5><ul class='av-share-box-list noLightbox'><li class='av-share-link av-social-link-facebook' ><a target=\"_blank\" aria-label=\"Compartir en Facebook\" href='https:\/\/www.facebook.com\/sharer.php?u=https:\/\/radiorevelacionfm.cl\/?p=47280&#038;t=Masiva%20conmemoraci%C3%B3n%20de%20los%2040%20a%C3%B1os%20del%20Tratado%20de%20Paz%20entre%20Chile%20y%20Argentina' aria-hidden='false' data-av_icon='\ue8f3' data-av_iconfont='entypo-fontello' title='' data-avia-related-tooltip='Compartir en Facebook' rel=\"noopener\"><span class='avia_hidden_link_text'>Compartir en Facebook<\/span><\/a><\/li><li class='av-share-link av-social-link-twitter' ><a target=\"_blank\" aria-label=\"Compartir en Twitter\" href='https:\/\/twitter.com\/share?text=Masiva%20conmemoraci%C3%B3n%20de%20los%2040%20a%C3%B1os%20del%20Tratado%20de%20Paz%20entre%20Chile%20y%20Argentina&#038;url=https:\/\/radiorevelacionfm.cl\/?p=47280' aria-hidden='false' data-av_icon='\ue8f1' data-av_iconfont='entypo-fontello' title='' data-avia-related-tooltip='Compartir en Twitter' rel=\"noopener\"><span class='avia_hidden_link_text'>Compartir en Twitter<\/span><\/a><\/li><li class='av-share-link av-social-link-whatsapp' ><a target=\"_blank\" aria-label=\"Compartir en Whatsapp\" href='https:\/\/api.whatsapp.com\/send?text=https:\/\/radiorevelacionfm.cl\/?p=47280' aria-hidden='false' data-av_icon='\uf232' data-av_iconfont='entypo-fontello' title='' data-avia-related-tooltip='Compartir en Whatsapp' rel=\"noopener\"><span class='avia_hidden_link_text'>Compartir en Whatsapp<\/span><\/a><\/li><li class='av-share-link av-social-link-linkedin' ><a target=\"_blank\" aria-label=\"Compartir en LinkedIn\" href='https:\/\/linkedin.com\/shareArticle?mini=true&#038;title=Masiva%20conmemoraci%C3%B3n%20de%20los%2040%20a%C3%B1os%20del%20Tratado%20de%20Paz%20entre%20Chile%20y%20Argentina&#038;url=https:\/\/radiorevelacionfm.cl\/?p=47280' aria-hidden='false' data-av_icon='\ue8fc' data-av_iconfont='entypo-fontello' title='' data-avia-related-tooltip='Compartir en LinkedIn' rel=\"noopener\"><span class='avia_hidden_link_text'>Compartir en LinkedIn<\/span><\/a><\/li><li class='av-share-link av-social-link-mail' ><a  aria-label=\"Compartir por correo\" href='mailto:?subject=Masiva%20conmemoraci%C3%B3n%20de%20los%2040%20a%C3%B1os%20del%20Tratado%20de%20Paz%20entre%20Chile%20y%20Argentina&#038;body=https:\/\/radiorevelacionfm.cl\/?p=47280' aria-hidden='false' data-av_icon='\ue805' data-av_iconfont='entypo-fontello' title='' data-avia-related-tooltip='Compartir por correo'><span class='avia_hidden_link_text'>Compartir por correo<\/span><\/a><\/li><\/ul><\/div><\/div>\n<div  style='height:50px' class='hr hr-invisible   avia-builder-el-8  el_after_av_social_share  el_before_av_comments_list '><span class='hr-inner ' ><span class='hr-inner-style'><\/span><\/span><\/div>\n<div  class='av-buildercomment  av-blog-meta-html-info-disabled av-blog-meta-tag-disabled  '><\/div>\n","protected":false},"excerpt":{"rendered":"","protected":false},"author":1,"featured_media":47281,"comment_status":"open","ping_status":"open","sticky":false,"template":"","format":"standard","meta":{"footnotes":""},"categories":[38],"tags":[],"class_list":["post-47280","post","type-post","status-publish","format-standard","has-post-thumbnail","hentry","category-regional"],"jetpack_featured_media_url":"https:\/\/radiorevelacionfm.cl\/wp-content\/uploads\/2024\/10\/20241019114328_img_8723-1_optimized-1.jpg","_links":{"self":[{"href":"https:\/\/radiorevelacionfm.cl\/index.php?rest_route=\/wp\/v2\/posts\/47280","targetHints":{"allow":["GET"]}}],"collection":[{"href":"https:\/\/radiorevelacionfm.cl\/index.php?rest_route=\/wp\/v2\/posts"}],"about":[{"href":"https:\/\/radiorevelacionfm.cl\/index.php?rest_route=\/wp\/v2\/types\/post"}],"author":[{"embeddable":true,"href":"https:\/\/radiorevelacionfm.cl\/index.php?rest_route=\/wp\/v2\/users\/1"}],"replies":[{"embeddable":true,"href":"https:\/\/radiorevelacionfm.cl\/index.php?rest_route=%2Fwp%2Fv2%2Fcomments&post=47280"}],"version-history":[{"count":1,"href":"https:\/\/radiorevelacionfm.cl\/index.php?rest_route=\/wp\/v2\/posts\/47280\/revisions"}],"predecessor-version":[{"id":47282,"href":"https:\/\/radiorevelacionfm.cl\/index.php?rest_route=\/wp\/v2\/posts\/47280\/revisions\/47282"}],"wp:featuredmedia":[{"embeddable":true,"href":"https:\/\/radiorevelacionfm.cl\/index.php?rest_route=\/wp\/v2\/media\/47281"}],"wp:attachment":[{"href":"https:\/\/radiorevelacionfm.cl\/index.php?rest_route=%2Fwp%2Fv2%2Fmedia&parent=47280"}],"wp:term":[{"taxonomy":"category","embeddable":true,"href":"https:\/\/radiorevelacionfm.cl\/index.php?rest_route=%2Fwp%2Fv2%2Fcategories&post=47280"},{"taxonomy":"post_tag","embeddable":true,"href":"https:\/\/radiorevelacionfm.cl\/index.php?rest_route=%2Fwp%2Fv2%2Ftags&post=47280"}],"curies":[{"name":"wp","href":"https:\/\/api.w.org\/{rel}","templated":true}]}}