{"id":4728,"date":"2021-05-31T18:32:29","date_gmt":"2021-05-31T21:32:29","guid":{"rendered":"https:\/\/radiorevelacionfm.cl\/?p=4728"},"modified":"2021-05-31T19:30:03","modified_gmt":"2021-05-31T22:30:03","slug":"en-aysen-incautan-3-toneladas-de-merluza-del-sur-extraidas-por-naves-de-otra-region","status":"publish","type":"post","link":"https:\/\/radiorevelacionfm.cl\/?p=4728","title":{"rendered":"En Ays\u00e9n incautan 3 toneladas de merluza del sur extra\u00eddas ilegalmente por naves de otra regi\u00f3n"},"content":{"rendered":"<div class=\"flex_column av_one_full  flex_column_div av-zero-column-padding first  avia-builder-el-0  el_before_av_one_full  avia-builder-el-first  \" style='border-radius:0px; '><div  class='avia-image-container  av-styling-    avia-builder-el-1  avia-builder-el-no-sibling  avia-align-center '  itemprop=\"image\" itemscope=\"itemscope\" itemtype=\"https:\/\/schema.org\/ImageObject\"  ><div class='avia-image-container-inner'><div class='avia-image-overlay-wrap'><img decoding=\"async\" class='wp-image-4737 avia-img-lazy-loading-not-4737 avia_image' src=\"https:\/\/radiorevelacionfm.cl\/wp-content\/uploads\/2021\/05\/fiscalizacion-2-2-1.jpg\" alt='' title='fiscalizaci\u00f3n 2-2 (1)' height=\"639\" width=\"1280\"  itemprop=\"thumbnailUrl\" srcset=\"https:\/\/radiorevelacionfm.cl\/wp-content\/uploads\/2021\/05\/fiscalizacion-2-2-1.jpg 1280w, https:\/\/radiorevelacionfm.cl\/wp-content\/uploads\/2021\/05\/fiscalizacion-2-2-1-300x150.jpg 300w, https:\/\/radiorevelacionfm.cl\/wp-content\/uploads\/2021\/05\/fiscalizacion-2-2-1-1030x514.jpg 1030w, https:\/\/radiorevelacionfm.cl\/wp-content\/uploads\/2021\/05\/fiscalizacion-2-2-1-768x383.jpg 768w, https:\/\/radiorevelacionfm.cl\/wp-content\/uploads\/2021\/05\/fiscalizacion-2-2-1-705x352.jpg 705w, https:\/\/radiorevelacionfm.cl\/wp-content\/uploads\/2021\/05\/fiscalizacion-2-2-1-600x300.jpg 600w\" sizes=\"(max-width: 1280px) 100vw, 1280px\" \/><\/div><\/div><\/div><\/div><div class=\"flex_column av_one_full  flex_column_div av-zero-column-padding first  avia-builder-el-2  el_after_av_one_full  el_before_av_one_full  column-top-margin\" style='border-radius:0px; '><section class=\"av_textblock_section \"  itemscope=\"itemscope\" itemtype=\"https:\/\/schema.org\/BlogPosting\" itemprop=\"blogPost\" ><div class='avia_textblock  '   itemprop=\"text\" ><p style=\"text-align: center;\"><strong><span style=\"font-size: 18pt;\">En Ays\u00e9n incautan 3 toneladas de merluza del sur extra\u00eddas ilegalmente por naves de otra regi\u00f3n<\/span><\/strong><\/p>\n<div id=\"gtx-trans\" style=\"position: absolute; left: -50px; top: 4.31534px;\">\n<div class=\"gtx-trans-icon\"><\/div>\n<\/div>\n<\/div><\/section><\/div><\/p>\n<div class=\"flex_column av_one_full  flex_column_div av-zero-column-padding first  avia-builder-el-4  el_after_av_one_full  el_before_av_hr  column-top-margin\" style='border-radius:0px; '><section class=\"av_textblock_section \"  itemscope=\"itemscope\" itemtype=\"https:\/\/schema.org\/BlogPosting\" itemprop=\"blogPost\" ><div class='avia_textblock  '   itemprop=\"text\" ><p style=\"text-align: justify;\">Tres toneladas de merluza del sur lograron incautar en zona de pesca durante el fin de semana. El operativo se llev\u00f3 a cabo entre funcionarios de Sernapesca y personal de la Capitan\u00eda de Puerto de Puerto Aguirre, regi\u00f3n de Ays\u00e9n, luego de recibir una denuncia de pesca ilegal.<\/p>\n<p style=\"text-align: justify;\">Tras la denuncia y luego del an\u00e1lisis de datos, Sernapesca junto con la Armada coordinaron diversas fiscalizaciones en zona de pesca. La primera inspecci\u00f3n se llev\u00f3 a cabo v\u00eda a\u00e9rea, logrando detectar 4 embarcaciones de otra regi\u00f3n que se encontraban realizando faenas de extracci\u00f3n ilegal. Una vez identificadas las naves, se concret\u00f3 la fiscalizaci\u00f3n mar\u00edtima, verificando que en sus bodegas ten\u00edan 3 toneladas de merluza del sur, recurso que se extrajo de manera ilegal.<\/p>\n<p style=\"text-align: justify;\">Se procedi\u00f3 a incautar el total del recurso en poder del infractor, quedando a disposici\u00f3n de lo que determine el Magistrado. Adem\u00e1s se cursaron cuatro citaciones al Juzgado de Letras y Garant\u00eda de Puerto Ays\u00e9n.<\/p>\n<p style=\"text-align: justify;\">\u201cEl operativo lo desarrollamos en el marco de la red sustenta, lo que nos permiti\u00f3 realizar de manera conjunta un sobrevuelo y una posterior inspecci\u00f3n mar\u00edtima a bordo de una de las embarcaciones de la Autoridad Mar\u00edtima. La merluza del sur, evidentemente, es un recurso que hoy d\u00eda se encuentra en estado de sobrexplotaci\u00f3n, por lo que es muy importante cuidar nuestra zona de pesca, no s\u00f3lo de la presencia de embarcaciones y otras naves, sino porque es importante resguardar la recuperaci\u00f3n de tan importante recurso para la pesca artesanal.\u201d Finaliz\u00f3 Cristian Hudson, Director Regional de Sernapesca Ays\u00e9n.<\/p>\n<\/div><\/section><\/div>\n<div  style='height:50px' class='hr hr-invisible   avia-builder-el-6  el_after_av_one_full  el_before_av_social_share '><span class='hr-inner ' ><span class='hr-inner-style'><\/span><\/span><\/div>\n<div  class='av-social-sharing-box  avia-builder-el-7  el_after_av_hr  el_before_av_hr  '><div class='av-share-box'><h5 class='av-share-link-description av-no-toc '>Compartir esta noticia<\/h5><ul class='av-share-box-list noLightbox'><li class='av-share-link av-social-link-facebook' ><a target=\"_blank\" aria-label=\"Compartir en Facebook\" href='https:\/\/www.facebook.com\/sharer.php?u=https:\/\/radiorevelacionfm.cl\/?p=4728&#038;t=En%20Ays%C3%A9n%20incautan%203%20toneladas%20de%20merluza%20del%20sur%20extra%C3%ADdas%20ilegalmente%20por%20naves%20de%20otra%20regi%C3%B3n' aria-hidden='false' data-av_icon='\ue8f3' data-av_iconfont='entypo-fontello' title='' data-avia-related-tooltip='Compartir en Facebook' rel=\"noopener\"><span class='avia_hidden_link_text'>Compartir en Facebook<\/span><\/a><\/li><li class='av-share-link av-social-link-twitter' ><a target=\"_blank\" aria-label=\"Compartir en Twitter\" href='https:\/\/twitter.com\/share?text=En%20Ays%C3%A9n%20incautan%203%20toneladas%20de%20merluza%20del%20sur%20extra%C3%ADdas%20ilegalmente%20por%20naves%20de%20otra%20regi%C3%B3n&#038;url=https:\/\/radiorevelacionfm.cl\/?p=4728' aria-hidden='false' data-av_icon='\ue8f1' data-av_iconfont='entypo-fontello' title='' data-avia-related-tooltip='Compartir en Twitter' rel=\"noopener\"><span class='avia_hidden_link_text'>Compartir en Twitter<\/span><\/a><\/li><li class='av-share-link av-social-link-whatsapp' ><a target=\"_blank\" aria-label=\"Compartir en Whatsapp\" href='https:\/\/api.whatsapp.com\/send?text=https:\/\/radiorevelacionfm.cl\/?p=4728' aria-hidden='false' data-av_icon='\uf232' data-av_iconfont='entypo-fontello' title='' data-avia-related-tooltip='Compartir en Whatsapp' rel=\"noopener\"><span class='avia_hidden_link_text'>Compartir en Whatsapp<\/span><\/a><\/li><li class='av-share-link av-social-link-linkedin' ><a target=\"_blank\" aria-label=\"Compartir en LinkedIn\" href='https:\/\/linkedin.com\/shareArticle?mini=true&#038;title=En%20Ays%C3%A9n%20incautan%203%20toneladas%20de%20merluza%20del%20sur%20extra%C3%ADdas%20ilegalmente%20por%20naves%20de%20otra%20regi%C3%B3n&#038;url=https:\/\/radiorevelacionfm.cl\/?p=4728' aria-hidden='false' data-av_icon='\ue8fc' data-av_iconfont='entypo-fontello' title='' data-avia-related-tooltip='Compartir en LinkedIn' rel=\"noopener\"><span class='avia_hidden_link_text'>Compartir en LinkedIn<\/span><\/a><\/li><li class='av-share-link av-social-link-mail' ><a  aria-label=\"Compartir por correo\" href='mailto:?subject=En%20Ays%C3%A9n%20incautan%203%20toneladas%20de%20merluza%20del%20sur%20extra%C3%ADdas%20ilegalmente%20por%20naves%20de%20otra%20regi%C3%B3n&#038;body=https:\/\/radiorevelacionfm.cl\/?p=4728' aria-hidden='false' data-av_icon='\ue805' data-av_iconfont='entypo-fontello' title='' data-avia-related-tooltip='Compartir por correo'><span class='avia_hidden_link_text'>Compartir por correo<\/span><\/a><\/li><\/ul><\/div><\/div>\n<div  style='height:50px' class='hr hr-invisible   avia-builder-el-8  el_after_av_social_share  el_before_av_comments_list '><span class='hr-inner ' ><span class='hr-inner-style'><\/span><\/span><\/div>\n<div  class='av-buildercomment  av-blog-meta-html-info-disabled av-blog-meta-tag-disabled  '><\/div>\n","protected":false},"excerpt":{"rendered":"","protected":false},"author":1,"featured_media":4737,"comment_status":"open","ping_status":"open","sticky":false,"template":"","format":"standard","meta":{"footnotes":""},"categories":[60,38],"tags":[],"class_list":["post-4728","post","type-post","status-publish","format-standard","has-post-thumbnail","hentry","category-pesca","category-regional"],"jetpack_featured_media_url":"https:\/\/radiorevelacionfm.cl\/wp-content\/uploads\/2021\/05\/fiscalizacion-2-2-1.jpg","_links":{"self":[{"href":"https:\/\/radiorevelacionfm.cl\/index.php?rest_route=\/wp\/v2\/posts\/4728","targetHints":{"allow":["GET"]}}],"collection":[{"href":"https:\/\/radiorevelacionfm.cl\/index.php?rest_route=\/wp\/v2\/posts"}],"about":[{"href":"https:\/\/radiorevelacionfm.cl\/index.php?rest_route=\/wp\/v2\/types\/post"}],"author":[{"embeddable":true,"href":"https:\/\/radiorevelacionfm.cl\/index.php?rest_route=\/wp\/v2\/users\/1"}],"replies":[{"embeddable":true,"href":"https:\/\/radiorevelacionfm.cl\/index.php?rest_route=%2Fwp%2Fv2%2Fcomments&post=4728"}],"version-history":[{"count":4,"href":"https:\/\/radiorevelacionfm.cl\/index.php?rest_route=\/wp\/v2\/posts\/4728\/revisions"}],"predecessor-version":[{"id":4739,"href":"https:\/\/radiorevelacionfm.cl\/index.php?rest_route=\/wp\/v2\/posts\/4728\/revisions\/4739"}],"wp:featuredmedia":[{"embeddable":true,"href":"https:\/\/radiorevelacionfm.cl\/index.php?rest_route=\/wp\/v2\/media\/4737"}],"wp:attachment":[{"href":"https:\/\/radiorevelacionfm.cl\/index.php?rest_route=%2Fwp%2Fv2%2Fmedia&parent=4728"}],"wp:term":[{"taxonomy":"category","embeddable":true,"href":"https:\/\/radiorevelacionfm.cl\/index.php?rest_route=%2Fwp%2Fv2%2Fcategories&post=4728"},{"taxonomy":"post_tag","embeddable":true,"href":"https:\/\/radiorevelacionfm.cl\/index.php?rest_route=%2Fwp%2Fv2%2Ftags&post=4728"}],"curies":[{"name":"wp","href":"https:\/\/api.w.org\/{rel}","templated":true}]}}