{"id":47274,"date":"2024-10-22T10:37:06","date_gmt":"2024-10-22T13:37:06","guid":{"rendered":"https:\/\/radiorevelacionfm.cl\/?p=47274"},"modified":"2024-10-22T10:37:06","modified_gmt":"2024-10-22T13:37:06","slug":"estudiantes-del-campus-patagonia-realizan-pasantias-en-el-extranjero","status":"publish","type":"post","link":"https:\/\/radiorevelacionfm.cl\/?p=47274","title":{"rendered":"Estudiantes del Campus Patagonia realizan pasant\u00edas en el extranjero"},"content":{"rendered":"<div class=\"flex_column av_one_full  flex_column_div av-zero-column-padding first  avia-builder-el-0  el_before_av_one_full  avia-builder-el-first  \" style='border-radius:0px; '><div  class='avia-image-container  av-styling-    avia-builder-el-1  avia-builder-el-no-sibling  avia-align-center '  itemprop=\"image\" itemscope=\"itemscope\" itemtype=\"https:\/\/schema.org\/ImageObject\"  ><div class='avia-image-container-inner'><div class='avia-image-overlay-wrap'><img decoding=\"async\" class='wp-image-47275 avia-img-lazy-loading-not-47275 avia_image' src=\"https:\/\/radiorevelacionfm.cl\/wp-content\/uploads\/2024\/10\/Moyenei-Movilidad-PRAG-1-1.jpeg\" alt='' title='Moyenei Movilidad PRAG (1) (1)' height=\"600\" width=\"907\"  itemprop=\"thumbnailUrl\" srcset=\"https:\/\/radiorevelacionfm.cl\/wp-content\/uploads\/2024\/10\/Moyenei-Movilidad-PRAG-1-1.jpeg 907w, https:\/\/radiorevelacionfm.cl\/wp-content\/uploads\/2024\/10\/Moyenei-Movilidad-PRAG-1-1-300x198.jpeg 300w, https:\/\/radiorevelacionfm.cl\/wp-content\/uploads\/2024\/10\/Moyenei-Movilidad-PRAG-1-1-768x508.jpeg 768w, https:\/\/radiorevelacionfm.cl\/wp-content\/uploads\/2024\/10\/Moyenei-Movilidad-PRAG-1-1-705x466.jpeg 705w, https:\/\/radiorevelacionfm.cl\/wp-content\/uploads\/2024\/10\/Moyenei-Movilidad-PRAG-1-1-450x298.jpeg 450w, https:\/\/radiorevelacionfm.cl\/wp-content\/uploads\/2024\/10\/Moyenei-Movilidad-PRAG-1-1-600x397.jpeg 600w\" sizes=\"(max-width: 907px) 100vw, 907px\" \/><\/div><\/div><\/div><\/div><div class=\"flex_column av_one_full  flex_column_div av-zero-column-padding first  avia-builder-el-2  el_after_av_one_full  el_before_av_one_full  column-top-margin\" style='border-radius:0px; '><section class=\"av_textblock_section \"  itemscope=\"itemscope\" itemtype=\"https:\/\/schema.org\/BlogPosting\" itemprop=\"blogPost\" ><div class='avia_textblock  '   itemprop=\"text\" ><p style=\"text-align: center;\"><strong><span style=\"font-size: 18pt;\">Estudiantes del Campus Patagonia realizan pasant\u00edas en el extranjero<\/span><\/strong><\/p>\n<div id=\"gtx-trans\" style=\"position: absolute; left: -50px; top: 4.31534px;\">\n<div class=\"gtx-trans-icon\"><\/div>\n<\/div>\n<\/div><\/section><\/div><div class=\"flex_column av_one_full  flex_column_div av-zero-column-padding first  avia-builder-el-4  el_after_av_one_full  el_before_av_hr  column-top-margin\" style='border-radius:0px; '><section class=\"av_textblock_section \"  itemscope=\"itemscope\" itemtype=\"https:\/\/schema.org\/BlogPosting\" itemprop=\"blogPost\" ><div class='avia_textblock  '   itemprop=\"text\" ><p style=\"text-align: justify;\"><em>Las estudiantes est\u00e1n cursando un semestre en las universidades m\u00e1s prestigiosas en el \u00e1rea agropecuaria en Per\u00fa y M\u00e9xico.<\/em><\/p>\n<p style=\"text-align: justify;\">La alternativa de movilidad estudiantil en la Universidad Austral de Chile, a trav\u00e9s de una beca, es una realidad para muchos y muchas estudiantes del Campus Patagonia. En la actualidad, dos estudiantes del \u00e1rea agropecuaria est\u00e1n cursando un semestre en distintas universidades latinoamericanas, en convenio con nuestra casa de estudios, siguiendo los pasos de sus compa\u00f1eros que tuvieron la misma posibilidad el a\u00f1o pasado.<\/p>\n<p style=\"text-align: justify;\">La estudiante Daniela Ortiz est\u00e1 cursando un semestre en la \u201cUniversidad Nacional Agraria La Molina\u201d en Per\u00fa, donde se especializan en la agroecolog\u00eda, liderando el programa de reconversi\u00f3n agr\u00edcola con ar\u00e1ndano en Arequipa, entre otros productos al sur de Lima. La estudiante ha desarrollado un intenso trabajo en el \u00e1rea de resguardo y clasificaci\u00f3n de semillas nativas en la regi\u00f3n de Ays\u00e9n, desarrollando su labor en conjunto con agrupaciones locales.<\/p>\n<p style=\"text-align: justify;\">Por su parte Moyenei Contreras, est\u00e1 perfeccion\u00e1ndose en la \u201cUniversidad de Guadalajara\u201d, M\u00e9xico, en el Centro Universitario de Ciencias Biol\u00f3gicas y Agropecuarias, casa de estudios l\u00edder en sistemas sustentables de producci\u00f3n agr\u00edcola en el \u00e1rea de la hidropon\u00eda y la agroecolog\u00eda.<\/p>\n<p style=\"text-align: justify;\">Moyenei se mostr\u00f3 feliz con la posibilidad de vivir esas nuevas experiencias, \u201cla postulaci\u00f3n a esta beca fue totalmente inesperada, un compa\u00f1ero cont\u00f3 su experiencia de intercambio aqu\u00ed en M\u00e9xico y me motiv\u00f3 la idea de conocer otro pa\u00eds,\u00a0 ver qu\u00e9 tal es la agronom\u00eda ac\u00e1. Ha sido una experiencia totalmente radical. M\u00e1s que profesional, el crecimiento es personal y la pasant\u00eda aqu\u00ed te ayuda a crecer, a enfocarte realmente en lo que quieres llegar a ser como profesional, ha sido totalmente enriquecedora en cuanto a lo agron\u00f3mico y a lo cultural. Me ha llevado a salir de mi zona de confort y, sobre todo, me impulsa a seguir creciendo\u201d.<\/p>\n<p style=\"text-align: justify;\">La estudiante agreg\u00f3 que volver\u00eda a vivir esta experiencia sin pensarlo dos veces, recomend\u00e1ndola sin dudar, \u201cvivir esta experiencia le ayudar\u00e1 a cualquier persona a crecer profesional y personalmente, sobre todo si uno tiene las ganas de aportar un granito de arena a su propia regi\u00f3n y ampliar su visi\u00f3n sobre la vida, desde nuestra regi\u00f3n donde estamos tan aislados y sin comunicaci\u00f3n, sin tantas tecnolog\u00edas, esta oportunidad es una instancia enriquecedora en todos esos \u00e1mbitos\u201d.<\/p>\n<p style=\"text-align: justify;\">El jefe de la carrera T\u00e9cnico Universitario en Producci\u00f3n Agropecuaria, Pablo Hern\u00e1ndez, coment\u00f3 que es muy importante contar con alumnos que hagan estos programas de intercambio, \u201cen un ambiente globalizado como es la agricultura actual, donde hay una libre movilidad de los recursos financieros, naturales y tambi\u00e9n de capital humano, para nosotros y para el pa\u00eds, son important\u00edsimos estos programas de perfeccionamiento e intercambio que le permiten a los alumnos ampliar los contactos en el mundo acad\u00e9mico, con nuevos profesores, nuevos contactos personales y de trabajo. Se ampl\u00edan los horizontes laborales. Es una experiencia \u00fanica de estudio que ampl\u00eda los horizontes en lo que se refiere a conocer nuevas culturas o realidades y \u00a0generan mayor capacidad de tolerancia a trav\u00e9s del intercambio de opiniones \u00a0en todo \u00e1mbito\u201d.<\/p>\n<p style=\"text-align: justify;\">Para realizar una correcta postulaci\u00f3n a la beca de movilidad estudiantil, los estudiantes que se interesan en participar de estos programas de intercambio, son apoyados, informados y guiados por la oficina de movilidad estudiantil de la Universidad Austral de Chile y por los docentes de as carreras. En el caso de estudiantes de la Escuela de Formaci\u00f3n T\u00e9cnica del Campus Patagonia, los y las estudiantes deben tener aprobado el primer a\u00f1o de estudios.<\/p>\n<p style=\"text-align: justify;\">La Universidad Austral de Chile cuenta con m\u00e1s de 300 convenios internacionales para que sus estudiantes elijan aquella instituci\u00f3n donde les interese perfeccionarse.<\/p>\n<\/div><\/section><\/div><div  style='height:50px' class='hr hr-invisible   avia-builder-el-6  el_after_av_one_full  el_before_av_social_share '><span class='hr-inner ' ><span class='hr-inner-style'><\/span><\/span><\/div><\/p>\n<div  class='av-social-sharing-box  avia-builder-el-7  el_after_av_hr  el_before_av_hr  '><div class='av-share-box'><h5 class='av-share-link-description av-no-toc '>Compartir esta noticia<\/h5><ul class='av-share-box-list noLightbox'><li class='av-share-link av-social-link-facebook' ><a target=\"_blank\" aria-label=\"Compartir en Facebook\" href='https:\/\/www.facebook.com\/sharer.php?u=https:\/\/radiorevelacionfm.cl\/?p=47274&#038;t=Estudiantes%20del%20Campus%20Patagonia%20realizan%20pasant%C3%ADas%20en%20el%20extranjero' aria-hidden='false' data-av_icon='\ue8f3' data-av_iconfont='entypo-fontello' title='' data-avia-related-tooltip='Compartir en Facebook' rel=\"noopener\"><span class='avia_hidden_link_text'>Compartir en Facebook<\/span><\/a><\/li><li class='av-share-link av-social-link-twitter' ><a target=\"_blank\" aria-label=\"Compartir en Twitter\" href='https:\/\/twitter.com\/share?text=Estudiantes%20del%20Campus%20Patagonia%20realizan%20pasant%C3%ADas%20en%20el%20extranjero&#038;url=https:\/\/radiorevelacionfm.cl\/?p=47274' aria-hidden='false' data-av_icon='\ue8f1' data-av_iconfont='entypo-fontello' title='' data-avia-related-tooltip='Compartir en Twitter' rel=\"noopener\"><span class='avia_hidden_link_text'>Compartir en Twitter<\/span><\/a><\/li><li class='av-share-link av-social-link-whatsapp' ><a target=\"_blank\" aria-label=\"Compartir en Whatsapp\" href='https:\/\/api.whatsapp.com\/send?text=https:\/\/radiorevelacionfm.cl\/?p=47274' aria-hidden='false' data-av_icon='\uf232' data-av_iconfont='entypo-fontello' title='' data-avia-related-tooltip='Compartir en Whatsapp' rel=\"noopener\"><span class='avia_hidden_link_text'>Compartir en Whatsapp<\/span><\/a><\/li><li class='av-share-link av-social-link-linkedin' ><a target=\"_blank\" aria-label=\"Compartir en LinkedIn\" href='https:\/\/linkedin.com\/shareArticle?mini=true&#038;title=Estudiantes%20del%20Campus%20Patagonia%20realizan%20pasant%C3%ADas%20en%20el%20extranjero&#038;url=https:\/\/radiorevelacionfm.cl\/?p=47274' aria-hidden='false' data-av_icon='\ue8fc' data-av_iconfont='entypo-fontello' title='' data-avia-related-tooltip='Compartir en LinkedIn' rel=\"noopener\"><span class='avia_hidden_link_text'>Compartir en LinkedIn<\/span><\/a><\/li><li class='av-share-link av-social-link-mail' ><a  aria-label=\"Compartir por correo\" href='mailto:?subject=Estudiantes%20del%20Campus%20Patagonia%20realizan%20pasant%C3%ADas%20en%20el%20extranjero&#038;body=https:\/\/radiorevelacionfm.cl\/?p=47274' aria-hidden='false' data-av_icon='\ue805' data-av_iconfont='entypo-fontello' title='' data-avia-related-tooltip='Compartir por correo'><span class='avia_hidden_link_text'>Compartir por correo<\/span><\/a><\/li><\/ul><\/div><\/div>\n<div  style='height:50px' class='hr hr-invisible   avia-builder-el-8  el_after_av_social_share  el_before_av_comments_list '><span class='hr-inner ' ><span class='hr-inner-style'><\/span><\/span><\/div>\n<div  class='av-buildercomment  av-blog-meta-html-info-disabled av-blog-meta-tag-disabled  '><\/div>\n","protected":false},"excerpt":{"rendered":"","protected":false},"author":1,"featured_media":47275,"comment_status":"open","ping_status":"open","sticky":false,"template":"","format":"standard","meta":{"footnotes":""},"categories":[49],"tags":[],"class_list":["post-47274","post","type-post","status-publish","format-standard","has-post-thumbnail","hentry","category-educacion"],"jetpack_featured_media_url":"https:\/\/radiorevelacionfm.cl\/wp-content\/uploads\/2024\/10\/Moyenei-Movilidad-PRAG-1-1.jpeg","_links":{"self":[{"href":"https:\/\/radiorevelacionfm.cl\/index.php?rest_route=\/wp\/v2\/posts\/47274","targetHints":{"allow":["GET"]}}],"collection":[{"href":"https:\/\/radiorevelacionfm.cl\/index.php?rest_route=\/wp\/v2\/posts"}],"about":[{"href":"https:\/\/radiorevelacionfm.cl\/index.php?rest_route=\/wp\/v2\/types\/post"}],"author":[{"embeddable":true,"href":"https:\/\/radiorevelacionfm.cl\/index.php?rest_route=\/wp\/v2\/users\/1"}],"replies":[{"embeddable":true,"href":"https:\/\/radiorevelacionfm.cl\/index.php?rest_route=%2Fwp%2Fv2%2Fcomments&post=47274"}],"version-history":[{"count":1,"href":"https:\/\/radiorevelacionfm.cl\/index.php?rest_route=\/wp\/v2\/posts\/47274\/revisions"}],"predecessor-version":[{"id":47276,"href":"https:\/\/radiorevelacionfm.cl\/index.php?rest_route=\/wp\/v2\/posts\/47274\/revisions\/47276"}],"wp:featuredmedia":[{"embeddable":true,"href":"https:\/\/radiorevelacionfm.cl\/index.php?rest_route=\/wp\/v2\/media\/47275"}],"wp:attachment":[{"href":"https:\/\/radiorevelacionfm.cl\/index.php?rest_route=%2Fwp%2Fv2%2Fmedia&parent=47274"}],"wp:term":[{"taxonomy":"category","embeddable":true,"href":"https:\/\/radiorevelacionfm.cl\/index.php?rest_route=%2Fwp%2Fv2%2Fcategories&post=47274"},{"taxonomy":"post_tag","embeddable":true,"href":"https:\/\/radiorevelacionfm.cl\/index.php?rest_route=%2Fwp%2Fv2%2Ftags&post=47274"}],"curies":[{"name":"wp","href":"https:\/\/api.w.org\/{rel}","templated":true}]}}