{"id":47271,"date":"2024-10-21T22:06:11","date_gmt":"2024-10-22T01:06:11","guid":{"rendered":"https:\/\/radiorevelacionfm.cl\/?p=47271"},"modified":"2024-10-21T22:06:11","modified_gmt":"2024-10-22T01:06:11","slug":"en-jornada-de-formacion-intersectorial-capacitaron-a-personas-conductoras-de-servicios-publicos","status":"publish","type":"post","link":"https:\/\/radiorevelacionfm.cl\/?p=47271","title":{"rendered":"En jornada de formaci\u00f3n intersectorial capacitaron a personas conductoras de servicios p\u00fablicos"},"content":{"rendered":"<div class=\"flex_column av_one_full  flex_column_div av-zero-column-padding first  avia-builder-el-0  el_before_av_one_full  avia-builder-el-first  \" style='border-radius:0px; '><div  class='avia-image-container  av-styling-    avia-builder-el-1  avia-builder-el-no-sibling  avia-align-center '  itemprop=\"image\" itemscope=\"itemscope\" itemtype=\"https:\/\/schema.org\/ImageObject\"  ><div class='avia-image-container-inner'><div class='avia-image-overlay-wrap'><img decoding=\"async\" class='wp-image-47272 avia-img-lazy-loading-not-47272 avia_image' src=\"https:\/\/radiorevelacionfm.cl\/wp-content\/uploads\/2024\/10\/DSC_0157-1-1.jpg\" alt='' title='DSC_0157 (1) (1)' height=\"600\" width=\"903\"  itemprop=\"thumbnailUrl\" srcset=\"https:\/\/radiorevelacionfm.cl\/wp-content\/uploads\/2024\/10\/DSC_0157-1-1.jpg 903w, https:\/\/radiorevelacionfm.cl\/wp-content\/uploads\/2024\/10\/DSC_0157-1-1-300x199.jpg 300w, https:\/\/radiorevelacionfm.cl\/wp-content\/uploads\/2024\/10\/DSC_0157-1-1-768x510.jpg 768w, https:\/\/radiorevelacionfm.cl\/wp-content\/uploads\/2024\/10\/DSC_0157-1-1-705x468.jpg 705w, https:\/\/radiorevelacionfm.cl\/wp-content\/uploads\/2024\/10\/DSC_0157-1-1-450x299.jpg 450w, https:\/\/radiorevelacionfm.cl\/wp-content\/uploads\/2024\/10\/DSC_0157-1-1-600x399.jpg 600w\" sizes=\"(max-width: 903px) 100vw, 903px\" \/><\/div><\/div><\/div><\/div><div class=\"flex_column av_one_full  flex_column_div av-zero-column-padding first  avia-builder-el-2  el_after_av_one_full  el_before_av_one_full  column-top-margin\" style='border-radius:0px; '><section class=\"av_textblock_section \"  itemscope=\"itemscope\" itemtype=\"https:\/\/schema.org\/BlogPosting\" itemprop=\"blogPost\" ><div class='avia_textblock  '   itemprop=\"text\" ><p style=\"text-align: center;\"><span style=\"font-size: 18pt;\"><b>En jornada de formaci\u00f3n intersectorial capacitaron a personas conductoras de servicios p\u00fablicos<\/b><\/span><\/p>\n<div id=\"gtx-trans\" style=\"position: absolute; left: -50px; top: 4.31534px;\">\n<div class=\"gtx-trans-icon\"><\/div>\n<\/div>\n<\/div><\/section><\/div><div class=\"flex_column av_one_full  flex_column_div av-zero-column-padding first  avia-builder-el-4  el_after_av_one_full  el_before_av_hr  column-top-margin\" style='border-radius:0px; '><section class=\"av_textblock_section \"  itemscope=\"itemscope\" itemtype=\"https:\/\/schema.org\/BlogPosting\" itemprop=\"blogPost\" ><div class='avia_textblock  '   itemprop=\"text\" ><p style=\"font-weight: 400; text-align: justify;\">SeremiTT Ays\u00e9n, SENDA y Contralor\u00eda Regional facilitaron contenidos de seguridad vial, prevenci\u00f3n de consumo de alcohol y drogas, as\u00ed como la normativa que rige la propiedad fiscal, en este caso, los veh\u00edculos utilizados en el servicio p\u00fablico.<\/p>\n<p style=\"font-weight: 400; text-align: justify;\">En una jornada informativa que convoc\u00f3 a m\u00e1s de 70 funcionarias y funcionarios p\u00fablicos que ejercen labores de conducci\u00f3n en sus respectivos servicios, la seremi de Transportes y Telecomunicaciones, SENDA y Contralor\u00eda General de la Rep\u00fablica capacitaron a los trabajadores respecto a las \u00e1reas de su competencia, tales como recomendaciones de seguridad vial, conceptos preventivos respecto al consumo de alcohol y otras drogas, as\u00ed como lo establecido en el estatuto administrativo referente a veh\u00edculos de uso fiscal.<\/p>\n<p style=\"font-weight: 400; text-align: justify;\">Esta es la primera instancia de estas caracter\u00edsticas que re\u00fane a funcionarias y funcionarios de distintos servicios p\u00fablicos, con un abordaje interdisciplinario.<\/p>\n<p style=\"font-weight: 400; text-align: justify;\">El seremiTT Hans Zimmermann Due\u00f1as valor\u00f3 la convocatoria y destac\u00f3 el inter\u00e9s de los trabajadores por conocer en mayor profundidad la normativa vial, sobre todo considerando los extensos trayectos y la compleja geograf\u00eda aysenina: \u201cHicimos un llamado a la conciencia, a la conducci\u00f3n a la defensiva y sobre todo la precauci\u00f3n por las caracter\u00edsticas especiales que tienen las rutas y caminos de Ays\u00e9n, que requieren una pericia y una expertiz en la conducci\u00f3n especial, en esta importante labor que realizan los conductores de la administraci\u00f3n p\u00fablica\u201d.<\/p>\n<p style=\"font-weight: 400; text-align: justify;\">Desde SENDA, la directora Victoria Contreras Lemus, indic\u00f3 que es necesario conversar sobre el consumo de sustancias como alcohol y otras drogas, a fin de poder abordar intersectorialmente acciones de prevenci\u00f3n. \u201cUno de los desaf\u00edos que nos hemos propuesto como SENDA en el marco de nuestra agenda regional del plan de acci\u00f3n 2024-2030, es involucrar a distintos actores que cumplen una funci\u00f3n p\u00fablica. En esta instancia pudimos aumentar\u00a0 los conocimientos en torno a la prevenci\u00f3n del consumo de sustancias y de esta manera poder reforzar y fortalecer la importante labor que realizan los conductores de veh\u00edculos fiscales\u201d, dijo.<\/p>\n<p style=\"font-weight: 400; text-align: justify;\">Desde su \u00e1mbito de acci\u00f3n, Contralor\u00eda inform\u00f3 sobre aspectos del estatuto administrativo relacionado con las labores de conducci\u00f3n de veh\u00edculos fiscales, por ejemplo las p\u00f3lizas que facultan a los funcionarios para conducir y otras indicaciones referentes a esta labor.<\/p>\n<p style=\"font-weight: 400; text-align: justify;\">La capacitaci\u00f3n estuvo marcada por la activa participaci\u00f3n de los funcionarios, quienes pudieron resolver sus dudas y plantear reflexiones que fueron analizadas por el grupo. Catalina Olavarr\u00eda, funcionaria del \u00e1rea administrativa de la Direcci\u00f3n de Pesca en Ays\u00e9n declar\u00f3 que: \u201cLa charla es s\u00faper positiva, en el sentido de que nos entrega informaci\u00f3n que desconocemos. Entreg\u00f3 hartos detalles que son importantes para nosotros para hacer una mejor labor. As\u00ed que estoy agradecida y si se da la oportunidad de volver a participar en estas actividades, nos sumamos porque hay hartas cosas que tenemos que ir aprendiendo todav\u00eda\u201d. Patricio Poblete, profesional de CONAF agreg\u00f3 que \u201choy d\u00eda el tema de conducir es anexo para instituciones de mucha relevancia e importancia, tanto as\u00ed que hasta en las postulaciones te colocan la exigencia de conducir. Y entonces t\u00fa conduces una cantidad de horas y despu\u00e9s realizas un trabajo t\u00e9cnico en terreno, lo que significa caminar, subir, bajar cerros, depende de la funci\u00f3n en la que est\u00e9 el funcionario. Y despu\u00e9s, nuevamente, la conducci\u00f3n hacia el regreso es una tremenda responsabilidad en todo sentido\u201d.<\/p>\n<\/div><\/section><\/div><div  style='height:50px' class='hr hr-invisible   avia-builder-el-6  el_after_av_one_full  el_before_av_social_share '><span class='hr-inner ' ><span class='hr-inner-style'><\/span><\/span><\/div><\/p>\n<div  class='av-social-sharing-box  avia-builder-el-7  el_after_av_hr  el_before_av_hr  '><div class='av-share-box'><h5 class='av-share-link-description av-no-toc '>Compartir esta noticia<\/h5><ul class='av-share-box-list noLightbox'><li class='av-share-link av-social-link-facebook' ><a target=\"_blank\" aria-label=\"Compartir en Facebook\" href='https:\/\/www.facebook.com\/sharer.php?u=https:\/\/radiorevelacionfm.cl\/?p=47271&#038;t=En%20jornada%20de%20formaci%C3%B3n%20intersectorial%20capacitaron%20a%20personas%20conductoras%20de%20servicios%20p%C3%BAblicos' aria-hidden='false' data-av_icon='\ue8f3' data-av_iconfont='entypo-fontello' title='' data-avia-related-tooltip='Compartir en Facebook' rel=\"noopener\"><span class='avia_hidden_link_text'>Compartir en Facebook<\/span><\/a><\/li><li class='av-share-link av-social-link-twitter' ><a target=\"_blank\" aria-label=\"Compartir en Twitter\" href='https:\/\/twitter.com\/share?text=En%20jornada%20de%20formaci%C3%B3n%20intersectorial%20capacitaron%20a%20personas%20conductoras%20de%20servicios%20p%C3%BAblicos&#038;url=https:\/\/radiorevelacionfm.cl\/?p=47271' aria-hidden='false' data-av_icon='\ue8f1' data-av_iconfont='entypo-fontello' title='' data-avia-related-tooltip='Compartir en Twitter' rel=\"noopener\"><span class='avia_hidden_link_text'>Compartir en Twitter<\/span><\/a><\/li><li class='av-share-link av-social-link-whatsapp' ><a target=\"_blank\" aria-label=\"Compartir en Whatsapp\" href='https:\/\/api.whatsapp.com\/send?text=https:\/\/radiorevelacionfm.cl\/?p=47271' aria-hidden='false' data-av_icon='\uf232' data-av_iconfont='entypo-fontello' title='' data-avia-related-tooltip='Compartir en Whatsapp' rel=\"noopener\"><span class='avia_hidden_link_text'>Compartir en Whatsapp<\/span><\/a><\/li><li class='av-share-link av-social-link-linkedin' ><a target=\"_blank\" aria-label=\"Compartir en LinkedIn\" href='https:\/\/linkedin.com\/shareArticle?mini=true&#038;title=En%20jornada%20de%20formaci%C3%B3n%20intersectorial%20capacitaron%20a%20personas%20conductoras%20de%20servicios%20p%C3%BAblicos&#038;url=https:\/\/radiorevelacionfm.cl\/?p=47271' aria-hidden='false' data-av_icon='\ue8fc' data-av_iconfont='entypo-fontello' title='' data-avia-related-tooltip='Compartir en LinkedIn' rel=\"noopener\"><span class='avia_hidden_link_text'>Compartir en LinkedIn<\/span><\/a><\/li><li class='av-share-link av-social-link-mail' ><a  aria-label=\"Compartir por correo\" href='mailto:?subject=En%20jornada%20de%20formaci%C3%B3n%20intersectorial%20capacitaron%20a%20personas%20conductoras%20de%20servicios%20p%C3%BAblicos&#038;body=https:\/\/radiorevelacionfm.cl\/?p=47271' aria-hidden='false' data-av_icon='\ue805' data-av_iconfont='entypo-fontello' title='' data-avia-related-tooltip='Compartir por correo'><span class='avia_hidden_link_text'>Compartir por correo<\/span><\/a><\/li><\/ul><\/div><\/div>\n<div  style='height:50px' class='hr hr-invisible   avia-builder-el-8  el_after_av_social_share  el_before_av_comments_list '><span class='hr-inner ' ><span class='hr-inner-style'><\/span><\/span><\/div>\n<div  class='av-buildercomment  av-blog-meta-html-info-disabled av-blog-meta-tag-disabled  '><\/div>\n","protected":false},"excerpt":{"rendered":"","protected":false},"author":1,"featured_media":47272,"comment_status":"open","ping_status":"open","sticky":false,"template":"","format":"standard","meta":{"footnotes":""},"categories":[38],"tags":[],"class_list":["post-47271","post","type-post","status-publish","format-standard","has-post-thumbnail","hentry","category-regional"],"jetpack_featured_media_url":"https:\/\/radiorevelacionfm.cl\/wp-content\/uploads\/2024\/10\/DSC_0157-1-1.jpg","_links":{"self":[{"href":"https:\/\/radiorevelacionfm.cl\/index.php?rest_route=\/wp\/v2\/posts\/47271","targetHints":{"allow":["GET"]}}],"collection":[{"href":"https:\/\/radiorevelacionfm.cl\/index.php?rest_route=\/wp\/v2\/posts"}],"about":[{"href":"https:\/\/radiorevelacionfm.cl\/index.php?rest_route=\/wp\/v2\/types\/post"}],"author":[{"embeddable":true,"href":"https:\/\/radiorevelacionfm.cl\/index.php?rest_route=\/wp\/v2\/users\/1"}],"replies":[{"embeddable":true,"href":"https:\/\/radiorevelacionfm.cl\/index.php?rest_route=%2Fwp%2Fv2%2Fcomments&post=47271"}],"version-history":[{"count":1,"href":"https:\/\/radiorevelacionfm.cl\/index.php?rest_route=\/wp\/v2\/posts\/47271\/revisions"}],"predecessor-version":[{"id":47273,"href":"https:\/\/radiorevelacionfm.cl\/index.php?rest_route=\/wp\/v2\/posts\/47271\/revisions\/47273"}],"wp:featuredmedia":[{"embeddable":true,"href":"https:\/\/radiorevelacionfm.cl\/index.php?rest_route=\/wp\/v2\/media\/47272"}],"wp:attachment":[{"href":"https:\/\/radiorevelacionfm.cl\/index.php?rest_route=%2Fwp%2Fv2%2Fmedia&parent=47271"}],"wp:term":[{"taxonomy":"category","embeddable":true,"href":"https:\/\/radiorevelacionfm.cl\/index.php?rest_route=%2Fwp%2Fv2%2Fcategories&post=47271"},{"taxonomy":"post_tag","embeddable":true,"href":"https:\/\/radiorevelacionfm.cl\/index.php?rest_route=%2Fwp%2Fv2%2Ftags&post=47271"}],"curies":[{"name":"wp","href":"https:\/\/api.w.org\/{rel}","templated":true}]}}