{"id":47250,"date":"2024-10-21T15:16:10","date_gmt":"2024-10-21T18:16:10","guid":{"rendered":"https:\/\/radiorevelacionfm.cl\/?p=47250"},"modified":"2024-10-21T15:23:51","modified_gmt":"2024-10-21T18:23:51","slug":"fiscalia-formalizo-a-imputado-por-homicidio-tras-discusion-y-pelea-por-temas-familiares","status":"publish","type":"post","link":"https:\/\/radiorevelacionfm.cl\/?p=47250","title":{"rendered":"Fiscal\u00eda formaliz\u00f3 a imputado por homicidio tras discusi\u00f3n y pelea por temas familiares"},"content":{"rendered":"<div class=\"flex_column av_one_full  flex_column_div av-zero-column-padding first  avia-builder-el-0  el_before_av_one_full  avia-builder-el-first  \" style='border-radius:0px; '><div  class='avia-image-container  av-styling-    avia-builder-el-1  avia-builder-el-no-sibling  avia-align-center '  itemprop=\"image\" itemscope=\"itemscope\" itemtype=\"https:\/\/schema.org\/ImageObject\"  ><div class='avia-image-container-inner'><div class='avia-image-overlay-wrap'><img decoding=\"async\" class='wp-image-41534 avia-img-lazy-loading-not-41534 avia_image' src=\"https:\/\/radiorevelacionfm.cl\/wp-content\/uploads\/2024\/04\/Fiscalia_2024-2-1-1.jpg\" alt='' title='Fiscalia_2024 (2) (1) (1)' height=\"600\" width=\"900\"  itemprop=\"thumbnailUrl\" srcset=\"https:\/\/radiorevelacionfm.cl\/wp-content\/uploads\/2024\/04\/Fiscalia_2024-2-1-1.jpg 900w, https:\/\/radiorevelacionfm.cl\/wp-content\/uploads\/2024\/04\/Fiscalia_2024-2-1-1-300x200.jpg 300w, https:\/\/radiorevelacionfm.cl\/wp-content\/uploads\/2024\/04\/Fiscalia_2024-2-1-1-768x512.jpg 768w, https:\/\/radiorevelacionfm.cl\/wp-content\/uploads\/2024\/04\/Fiscalia_2024-2-1-1-705x470.jpg 705w, https:\/\/radiorevelacionfm.cl\/wp-content\/uploads\/2024\/04\/Fiscalia_2024-2-1-1-450x300.jpg 450w, https:\/\/radiorevelacionfm.cl\/wp-content\/uploads\/2024\/04\/Fiscalia_2024-2-1-1-600x400.jpg 600w\" sizes=\"(max-width: 900px) 100vw, 900px\" \/><\/div><\/div><\/div><\/div>\n<div class=\"flex_column av_one_full  flex_column_div av-zero-column-padding first  avia-builder-el-2  el_after_av_one_full  el_before_av_one_full  column-top-margin\" style='border-radius:0px; '><section class=\"av_textblock_section \"  itemscope=\"itemscope\" itemtype=\"https:\/\/schema.org\/BlogPosting\" itemprop=\"blogPost\" ><div class='avia_textblock  '   itemprop=\"text\" ><p style=\"font-weight: 400; text-align: center;\"><span style=\"font-size: 18pt;\"><strong>Fiscal\u00eda formaliz\u00f3 a imputado por homicidio tras discusi\u00f3n y pelea por temas familiares<\/strong><\/span><\/p>\n<p style=\"font-weight: 400;\"><strong>\u00a0<\/strong><\/p>\n<div id=\"gtx-trans\" style=\"position: absolute; left: -50px; top: 4.31534px;\">\n<div class=\"gtx-trans-icon\"><\/div>\n<\/div>\n<\/div><\/section><\/div>\n<div class=\"flex_column av_one_full  flex_column_div av-zero-column-padding first  avia-builder-el-4  el_after_av_one_full  el_before_av_hr  column-top-margin\" style='border-radius:0px; '><section class=\"av_textblock_section \"  itemscope=\"itemscope\" itemtype=\"https:\/\/schema.org\/BlogPosting\" itemprop=\"blogPost\" ><div class='avia_textblock  '   itemprop=\"text\" ><p style=\"text-align: justify;\">Hechos ocurrieron en el sector alto de Coyhaique, donde un joven de 25 a\u00f1os falleci\u00f3 en horas de la tarde del s\u00e1bado en el Hospital Regional.<\/p>\n<p style=\"font-weight: 400; text-align: justify;\">La Fiscal\u00eda Local de Coyhaique formaliz\u00f3 este mediod\u00eda una investigaci\u00f3n por el delito de homicidio simple en car\u00e1cter de consumado de una persona de 25 a\u00f1os, hecho ocurrido este fin de semana en el sector alto de Coyhaique, el cual se origin\u00f3 tras una discusi\u00f3n y pelea por temas familiares que involucraban a un menor de edad.<\/p>\n<p style=\"font-weight: 400; text-align: justify;\">Seg\u00fan explic\u00f3 el fiscal jefe subrogante de Coyhaique, Luis Contreras, la noche del viernes reci\u00e9n pasado, se produjo una pelea entre un hombre de 25 a\u00f1os, quien finalmente falleci\u00f3 en horas de la tarde del s\u00e1bado en el Hospital Regional de Coyhaique y el imputado de 64 a\u00f1os.<\/p>\n<p style=\"font-weight: 400; text-align: justify;\">Lo anterior ocurri\u00f3 en la v\u00eda p\u00fablica, al exterior de una casa de calle Regidor Juan Hermosilla, donde la persona posteriormente fallecida ocasion\u00f3 lesiones graves al imputado en su antebrazo izquierdo.<\/p>\n<p style=\"font-weight: 400; text-align: justify;\">CUCHILLO<\/p>\n<p style=\"font-weight: 400; text-align: justify;\">El imputado de homicidio, utiliz\u00f3 luego un cuchillo de 15 cent\u00edmetro de hoja con el cual agredi\u00f3 a la v\u00edctima en el est\u00f3mago, a ra\u00edz de lo cual falleci\u00f3 posteriormente en el hospital, cerca de las 16.00 horas, a consecuencia de un shock hipovol\u00e9mico.<\/p>\n<p style=\"font-weight: 400; text-align: justify;\">La v\u00edctima de este homicidio tambi\u00e9n hab\u00eda causado lesiones a la conviviente del imputado, las cuales fueron posteriores a la agresi\u00f3n con el cuchillo, sumado a da\u00f1os en el parabrisas de un veh\u00edculo.<\/p>\n<p style=\"font-weight: 400; text-align: justify;\">Durante la audiencia, el Fiscal Luis Contreras solicit\u00f3 la prisi\u00f3n preventiva del imputado de 64 a\u00f1os, medida cautelar que fue acogida por el magistrado Mario Devaud, quien fij\u00f3 un plazo de investigaci\u00f3n de 90 d\u00edas para el t\u00e9rmino de las diligencias.<\/p>\n<p style=\"font-weight: 400; text-align: justify;\">Las diligencias investigativas de este caso fueron solicitadas por la Fiscal\u00eda a la Brigada de Homicidios de la PDI y al Servicio M\u00e9dico Legal.<\/p>\n<\/div><\/section><\/div><div  style='height:50px' class='hr hr-invisible   avia-builder-el-6  el_after_av_one_full  el_before_av_social_share '><span class='hr-inner ' ><span class='hr-inner-style'><\/span><\/span><\/div><\/p>\n<div  class='av-social-sharing-box  avia-builder-el-7  el_after_av_hr  el_before_av_hr  '><div class='av-share-box'><h5 class='av-share-link-description av-no-toc '>Compartir esta noticia<\/h5><ul class='av-share-box-list noLightbox'><li class='av-share-link av-social-link-facebook' ><a target=\"_blank\" aria-label=\"Compartir en Facebook\" href='https:\/\/www.facebook.com\/sharer.php?u=https:\/\/radiorevelacionfm.cl\/?p=47250&#038;t=Fiscal%C3%ADa%20formaliz%C3%B3%20a%20imputado%20por%20homicidio%20tras%20discusi%C3%B3n%20y%20pelea%20por%20temas%20familiares' aria-hidden='false' data-av_icon='\ue8f3' data-av_iconfont='entypo-fontello' title='' data-avia-related-tooltip='Compartir en Facebook' rel=\"noopener\"><span class='avia_hidden_link_text'>Compartir en Facebook<\/span><\/a><\/li><li class='av-share-link av-social-link-twitter' ><a target=\"_blank\" aria-label=\"Compartir en Twitter\" href='https:\/\/twitter.com\/share?text=Fiscal%C3%ADa%20formaliz%C3%B3%20a%20imputado%20por%20homicidio%20tras%20discusi%C3%B3n%20y%20pelea%20por%20temas%20familiares&#038;url=https:\/\/radiorevelacionfm.cl\/?p=47250' aria-hidden='false' data-av_icon='\ue8f1' data-av_iconfont='entypo-fontello' title='' data-avia-related-tooltip='Compartir en Twitter' rel=\"noopener\"><span class='avia_hidden_link_text'>Compartir en Twitter<\/span><\/a><\/li><li class='av-share-link av-social-link-whatsapp' ><a target=\"_blank\" aria-label=\"Compartir en Whatsapp\" href='https:\/\/api.whatsapp.com\/send?text=https:\/\/radiorevelacionfm.cl\/?p=47250' aria-hidden='false' data-av_icon='\uf232' data-av_iconfont='entypo-fontello' title='' data-avia-related-tooltip='Compartir en Whatsapp' rel=\"noopener\"><span class='avia_hidden_link_text'>Compartir en Whatsapp<\/span><\/a><\/li><li class='av-share-link av-social-link-linkedin' ><a target=\"_blank\" aria-label=\"Compartir en LinkedIn\" href='https:\/\/linkedin.com\/shareArticle?mini=true&#038;title=Fiscal%C3%ADa%20formaliz%C3%B3%20a%20imputado%20por%20homicidio%20tras%20discusi%C3%B3n%20y%20pelea%20por%20temas%20familiares&#038;url=https:\/\/radiorevelacionfm.cl\/?p=47250' aria-hidden='false' data-av_icon='\ue8fc' data-av_iconfont='entypo-fontello' title='' data-avia-related-tooltip='Compartir en LinkedIn' rel=\"noopener\"><span class='avia_hidden_link_text'>Compartir en LinkedIn<\/span><\/a><\/li><li class='av-share-link av-social-link-mail' ><a  aria-label=\"Compartir por correo\" href='mailto:?subject=Fiscal%C3%ADa%20formaliz%C3%B3%20a%20imputado%20por%20homicidio%20tras%20discusi%C3%B3n%20y%20pelea%20por%20temas%20familiares&#038;body=https:\/\/radiorevelacionfm.cl\/?p=47250' aria-hidden='false' data-av_icon='\ue805' data-av_iconfont='entypo-fontello' title='' data-avia-related-tooltip='Compartir por correo'><span class='avia_hidden_link_text'>Compartir por correo<\/span><\/a><\/li><\/ul><\/div><\/div>\n<div  style='height:50px' class='hr hr-invisible   avia-builder-el-8  el_after_av_social_share  el_before_av_comments_list '><span class='hr-inner ' ><span class='hr-inner-style'><\/span><\/span><\/div>\n<div  class='av-buildercomment  av-blog-meta-html-info-disabled av-blog-meta-tag-disabled  '><\/div>\n","protected":false},"excerpt":{"rendered":"","protected":false},"author":1,"featured_media":41534,"comment_status":"open","ping_status":"open","sticky":false,"template":"","format":"standard","meta":{"footnotes":""},"categories":[55],"tags":[],"class_list":["post-47250","post","type-post","status-publish","format-standard","has-post-thumbnail","hentry","category-justicia"],"jetpack_featured_media_url":"https:\/\/radiorevelacionfm.cl\/wp-content\/uploads\/2024\/04\/Fiscalia_2024-2-1-1.jpg","_links":{"self":[{"href":"https:\/\/radiorevelacionfm.cl\/index.php?rest_route=\/wp\/v2\/posts\/47250","targetHints":{"allow":["GET"]}}],"collection":[{"href":"https:\/\/radiorevelacionfm.cl\/index.php?rest_route=\/wp\/v2\/posts"}],"about":[{"href":"https:\/\/radiorevelacionfm.cl\/index.php?rest_route=\/wp\/v2\/types\/post"}],"author":[{"embeddable":true,"href":"https:\/\/radiorevelacionfm.cl\/index.php?rest_route=\/wp\/v2\/users\/1"}],"replies":[{"embeddable":true,"href":"https:\/\/radiorevelacionfm.cl\/index.php?rest_route=%2Fwp%2Fv2%2Fcomments&post=47250"}],"version-history":[{"count":2,"href":"https:\/\/radiorevelacionfm.cl\/index.php?rest_route=\/wp\/v2\/posts\/47250\/revisions"}],"predecessor-version":[{"id":47261,"href":"https:\/\/radiorevelacionfm.cl\/index.php?rest_route=\/wp\/v2\/posts\/47250\/revisions\/47261"}],"wp:featuredmedia":[{"embeddable":true,"href":"https:\/\/radiorevelacionfm.cl\/index.php?rest_route=\/wp\/v2\/media\/41534"}],"wp:attachment":[{"href":"https:\/\/radiorevelacionfm.cl\/index.php?rest_route=%2Fwp%2Fv2%2Fmedia&parent=47250"}],"wp:term":[{"taxonomy":"category","embeddable":true,"href":"https:\/\/radiorevelacionfm.cl\/index.php?rest_route=%2Fwp%2Fv2%2Fcategories&post=47250"},{"taxonomy":"post_tag","embeddable":true,"href":"https:\/\/radiorevelacionfm.cl\/index.php?rest_route=%2Fwp%2Fv2%2Ftags&post=47250"}],"curies":[{"name":"wp","href":"https:\/\/api.w.org\/{rel}","templated":true}]}}