{"id":47247,"date":"2024-10-21T12:58:38","date_gmt":"2024-10-21T15:58:38","guid":{"rendered":"https:\/\/radiorevelacionfm.cl\/?p=47247"},"modified":"2024-10-21T12:58:38","modified_gmt":"2024-10-21T15:58:38","slug":"ciclista-de-coyhaique-compitio-en-torneo-mundial-de-descenso-urbano-realizado-en-italia","status":"publish","type":"post","link":"https:\/\/radiorevelacionfm.cl\/?p=47247","title":{"rendered":"Ciclista de Coyhaique compiti\u00f3 en torneo mundial de descenso urbano realizado en Italia"},"content":{"rendered":"<div class=\"flex_column av_one_full  flex_column_div av-zero-column-padding first  avia-builder-el-0  el_before_av_one_full  avia-builder-el-first  \" style='border-radius:0px; '><div  class='avia-image-container  av-styling-    avia-builder-el-1  avia-builder-el-no-sibling  avia-align-center '  itemprop=\"image\" itemscope=\"itemscope\" itemtype=\"https:\/\/schema.org\/ImageObject\"  ><div class='avia-image-container-inner'><div class='avia-image-overlay-wrap'><img decoding=\"async\" class='wp-image-47248 avia-img-lazy-loading-not-47248 avia_image' src=\"https:\/\/radiorevelacionfm.cl\/wp-content\/uploads\/2024\/10\/alberto-nicolas-castillo-1-1_optimized.jpeg\" alt='' title='alberto-nicol\u00e1s-castillo-1-(1)_optimized' height=\"600\" width=\"800\"  itemprop=\"thumbnailUrl\" srcset=\"https:\/\/radiorevelacionfm.cl\/wp-content\/uploads\/2024\/10\/alberto-nicolas-castillo-1-1_optimized.jpeg 800w, https:\/\/radiorevelacionfm.cl\/wp-content\/uploads\/2024\/10\/alberto-nicolas-castillo-1-1_optimized-300x225.jpeg 300w, https:\/\/radiorevelacionfm.cl\/wp-content\/uploads\/2024\/10\/alberto-nicolas-castillo-1-1_optimized-768x576.jpeg 768w, https:\/\/radiorevelacionfm.cl\/wp-content\/uploads\/2024\/10\/alberto-nicolas-castillo-1-1_optimized-705x529.jpeg 705w, https:\/\/radiorevelacionfm.cl\/wp-content\/uploads\/2024\/10\/alberto-nicolas-castillo-1-1_optimized-450x338.jpeg 450w, https:\/\/radiorevelacionfm.cl\/wp-content\/uploads\/2024\/10\/alberto-nicolas-castillo-1-1_optimized-600x450.jpeg 600w\" sizes=\"(max-width: 800px) 100vw, 800px\" \/><\/div><\/div><\/div><\/div><div class=\"flex_column av_one_full  flex_column_div av-zero-column-padding first  avia-builder-el-2  el_after_av_one_full  el_before_av_one_full  column-top-margin\" style='border-radius:0px; '><section class=\"av_textblock_section \"  itemscope=\"itemscope\" itemtype=\"https:\/\/schema.org\/BlogPosting\" itemprop=\"blogPost\" ><div class='avia_textblock  '   itemprop=\"text\" ><p style=\"text-align: center;\"><span style=\"font-size: 18pt;\"><b>Ciclista de Coyhaique compiti\u00f3 en torneo mundial de descenso urbano realizado en Italia<\/b><\/span><\/p>\n<div id=\"gtx-trans\" style=\"position: absolute; left: -50px; top: 4.31534px;\">\n<div class=\"gtx-trans-icon\"><\/div>\n<\/div>\n<\/div><\/section><\/div><div class=\"flex_column av_one_full  flex_column_div av-zero-column-padding first  avia-builder-el-4  el_after_av_one_full  el_before_av_hr  column-top-margin\" style='border-radius:0px; '><section class=\"av_textblock_section \"  itemscope=\"itemscope\" itemtype=\"https:\/\/schema.org\/BlogPosting\" itemprop=\"blogPost\" ><div class='avia_textblock  '   itemprop=\"text\" ><p class=\"v1gmail-MsoListParagraphCxSpFirst\" style=\"text-align: justify;\"><i>Competencia Red Bull Cerro Abajo (downhill), que en Chile se ha desarrollado principalmente por las calles de Valpara\u00edso, lleg\u00f3 por primera vez a Europa, espec\u00edficamente en la ciudad italiana de G\u00e9nova.<\/i><\/p>\n<p class=\"v1MsoNormal\" style=\"text-align: justify;\">El joven Alberto Nicol\u00e1s Pacheco (26 a\u00f1os) particip\u00f3 el domingo 20 de octubre en el campeonato mundial Red Bull Cerro Abajo (downhill), que por<span class=\"v1gmail-Apple-converted-space\">\u00a0<\/span><a href=\"https:\/\/www.centralweb.cl\/red-bull-cerro-abajo-aterriza-por-primera-vez-en-europa\/\" target=\"_blank\" rel=\"noopener noreferrer\">primera vez se realiz\u00f3 en Europa<\/a>. Esta serie de descenso extremo se desarrolla desde hace un tiempo en Ays\u00e9n en parajes naturales, siendo un desaf\u00edo competir en esta ocasi\u00f3n en la nortina ciudad de G\u00e9nova, Italia.<\/p>\n<p class=\"v1MsoNormal\" style=\"text-align: justify;\">Pacheco ha participado en diversas versiones de este certamen, que tradicionalmente se realiza en Valpara\u00edso, ciudad que, producto de su emplazamiento en las laderas de escarpados cerros, se presta para descensos con altos grados de dificultad.<\/p>\n<p class=\"v1MsoNormal\" style=\"text-align: justify;\">En esta ocasi\u00f3n el joven fue uno de los cuatro chilenos participantes,<span class=\"v1gmail-Apple-converted-space\">\u00a0<\/span><a href=\"https:\/\/www.redbull.com\/cl-es\/tomas-slavik-ganador-red-bull-genova-cerro-abajo\" target=\"_blank\" rel=\"noopener noreferrer\">posicion\u00e1ndose en el lugar n\u00famero 13<\/a>. Para esto, en la regi\u00f3n se realiz\u00f3 una rifa con el fin de solventar parte del costo de su concurrencia, lo que se suma a la colaboraci\u00f3n de diversas empresas locales.<\/p>\n<p class=\"v1MsoNormal\" style=\"text-align: justify;\">\u00ab<i>De todo el circuito mundial que hay, hay cuatro chilenos clasificados, que ya son hartos y dentro de ellos est\u00e1 Beto. Que es un chico que no tiene auspicio de ninguna tienda grande, ni de ninguna marca grande tampoco. Y<span class=\"v1gmail-Apple-converted-space\">\u00a0<\/span> \u00e9l, a trav\u00e9s de su trabajo, se ha ido costeando el tema de asistir a las carreras, se han hecho rifas a beneficio y todo. \u00c9l es el instructor de la escuela de ac\u00e1 de Coyhaique<\/i>\u00bb se\u00f1al\u00f3 Mart\u00edn R\u00edos Chible, propietario de Villacleta, empresa que en Ays\u00e9n impulsa este tipo de actividades (venta de bicicletas, repuesto, reparaci\u00f3n, exhibiciones, competencias) incluyendo una escuela de formaci\u00f3n, y que en esta ocasi\u00f3n prest\u00f3 soporte t\u00e9cnico para que el joven corredor se desempe\u00f1ara en \u00f3ptimas condiciones.<\/p>\n<p class=\"v1MsoNormal\" style=\"text-align: justify;\">\u00ab<i>Con todo<\/i><span class=\"v1gmail-Apple-converted-space\">\u00a0<\/span><i>su conocimiento y experiencia, Coyhaique se ve muy beneficiado porque Beto participa de las cl\u00ednicas gratuitas sin ning\u00fan inter\u00e9s de por medio. Le ense\u00f1a a todos los ni\u00f1os, cuando hace clases en los sectores que son abiertos de Coyhaique suma a los ni\u00f1os que van a ver las clases tambi\u00e9n.\u00a0Entonces, estamos teniendo un instructor y deportista que nos est\u00e1 representando a nivel internacional y nacional<\/i>\u00bb puntualiz\u00f3 R\u00edo.\u00a0<span class=\"v1gmail-Apple-converted-space\">\u00a0<\/span><\/p>\n<p class=\"v1MsoNormal\" style=\"text-align: justify;\">Son varias las empresas locales que apoyan su desarrollo deportivo, como el Centro Impulsa en t\u00e9rminos de entrenamiento, lo que le ha permitido irse posicionando entre los mejores del pa\u00eds en esta disciplina, quedando ya clasificado para asistir en 2025 nuevamente a la nueva versi\u00f3n que se desarrollar\u00e1 en Italia.<\/p>\n<\/div><\/section><\/div><div  style='height:50px' class='hr hr-invisible   avia-builder-el-6  el_after_av_one_full  el_before_av_social_share '><span class='hr-inner ' ><span class='hr-inner-style'><\/span><\/span><\/div><\/p>\n<div  class='av-social-sharing-box  avia-builder-el-7  el_after_av_hr  el_before_av_hr  '><div class='av-share-box'><h5 class='av-share-link-description av-no-toc '>Compartir esta noticia<\/h5><ul class='av-share-box-list noLightbox'><li class='av-share-link av-social-link-facebook' ><a target=\"_blank\" aria-label=\"Compartir en Facebook\" href='https:\/\/www.facebook.com\/sharer.php?u=https:\/\/radiorevelacionfm.cl\/?p=47247&#038;t=Ciclista%20de%20Coyhaique%20compiti%C3%B3%20en%20torneo%20mundial%20de%20descenso%20urbano%20realizado%20en%20Italia' aria-hidden='false' data-av_icon='\ue8f3' data-av_iconfont='entypo-fontello' title='' data-avia-related-tooltip='Compartir en Facebook' rel=\"noopener\"><span class='avia_hidden_link_text'>Compartir en Facebook<\/span><\/a><\/li><li class='av-share-link av-social-link-twitter' ><a target=\"_blank\" aria-label=\"Compartir en Twitter\" href='https:\/\/twitter.com\/share?text=Ciclista%20de%20Coyhaique%20compiti%C3%B3%20en%20torneo%20mundial%20de%20descenso%20urbano%20realizado%20en%20Italia&#038;url=https:\/\/radiorevelacionfm.cl\/?p=47247' aria-hidden='false' data-av_icon='\ue8f1' data-av_iconfont='entypo-fontello' title='' data-avia-related-tooltip='Compartir en Twitter' rel=\"noopener\"><span class='avia_hidden_link_text'>Compartir en Twitter<\/span><\/a><\/li><li class='av-share-link av-social-link-whatsapp' ><a target=\"_blank\" aria-label=\"Compartir en Whatsapp\" href='https:\/\/api.whatsapp.com\/send?text=https:\/\/radiorevelacionfm.cl\/?p=47247' aria-hidden='false' data-av_icon='\uf232' data-av_iconfont='entypo-fontello' title='' data-avia-related-tooltip='Compartir en Whatsapp' rel=\"noopener\"><span class='avia_hidden_link_text'>Compartir en Whatsapp<\/span><\/a><\/li><li class='av-share-link av-social-link-linkedin' ><a target=\"_blank\" aria-label=\"Compartir en LinkedIn\" href='https:\/\/linkedin.com\/shareArticle?mini=true&#038;title=Ciclista%20de%20Coyhaique%20compiti%C3%B3%20en%20torneo%20mundial%20de%20descenso%20urbano%20realizado%20en%20Italia&#038;url=https:\/\/radiorevelacionfm.cl\/?p=47247' aria-hidden='false' data-av_icon='\ue8fc' data-av_iconfont='entypo-fontello' title='' data-avia-related-tooltip='Compartir en LinkedIn' rel=\"noopener\"><span class='avia_hidden_link_text'>Compartir en LinkedIn<\/span><\/a><\/li><li class='av-share-link av-social-link-mail' ><a  aria-label=\"Compartir por correo\" href='mailto:?subject=Ciclista%20de%20Coyhaique%20compiti%C3%B3%20en%20torneo%20mundial%20de%20descenso%20urbano%20realizado%20en%20Italia&#038;body=https:\/\/radiorevelacionfm.cl\/?p=47247' aria-hidden='false' data-av_icon='\ue805' data-av_iconfont='entypo-fontello' title='' data-avia-related-tooltip='Compartir por correo'><span class='avia_hidden_link_text'>Compartir por correo<\/span><\/a><\/li><\/ul><\/div><\/div>\n<div  style='height:50px' class='hr hr-invisible   avia-builder-el-8  el_after_av_social_share  el_before_av_comments_list '><span class='hr-inner ' ><span class='hr-inner-style'><\/span><\/span><\/div>\n<div  class='av-buildercomment  av-blog-meta-html-info-disabled av-blog-meta-tag-disabled  '><\/div>\n","protected":false},"excerpt":{"rendered":"","protected":false},"author":1,"featured_media":47248,"comment_status":"open","ping_status":"open","sticky":false,"template":"","format":"standard","meta":{"footnotes":""},"categories":[40],"tags":[],"class_list":["post-47247","post","type-post","status-publish","format-standard","has-post-thumbnail","hentry","category-deportes"],"jetpack_featured_media_url":"https:\/\/radiorevelacionfm.cl\/wp-content\/uploads\/2024\/10\/alberto-nicolas-castillo-1-1_optimized.jpeg","_links":{"self":[{"href":"https:\/\/radiorevelacionfm.cl\/index.php?rest_route=\/wp\/v2\/posts\/47247","targetHints":{"allow":["GET"]}}],"collection":[{"href":"https:\/\/radiorevelacionfm.cl\/index.php?rest_route=\/wp\/v2\/posts"}],"about":[{"href":"https:\/\/radiorevelacionfm.cl\/index.php?rest_route=\/wp\/v2\/types\/post"}],"author":[{"embeddable":true,"href":"https:\/\/radiorevelacionfm.cl\/index.php?rest_route=\/wp\/v2\/users\/1"}],"replies":[{"embeddable":true,"href":"https:\/\/radiorevelacionfm.cl\/index.php?rest_route=%2Fwp%2Fv2%2Fcomments&post=47247"}],"version-history":[{"count":1,"href":"https:\/\/radiorevelacionfm.cl\/index.php?rest_route=\/wp\/v2\/posts\/47247\/revisions"}],"predecessor-version":[{"id":47249,"href":"https:\/\/radiorevelacionfm.cl\/index.php?rest_route=\/wp\/v2\/posts\/47247\/revisions\/47249"}],"wp:featuredmedia":[{"embeddable":true,"href":"https:\/\/radiorevelacionfm.cl\/index.php?rest_route=\/wp\/v2\/media\/47248"}],"wp:attachment":[{"href":"https:\/\/radiorevelacionfm.cl\/index.php?rest_route=%2Fwp%2Fv2%2Fmedia&parent=47247"}],"wp:term":[{"taxonomy":"category","embeddable":true,"href":"https:\/\/radiorevelacionfm.cl\/index.php?rest_route=%2Fwp%2Fv2%2Fcategories&post=47247"},{"taxonomy":"post_tag","embeddable":true,"href":"https:\/\/radiorevelacionfm.cl\/index.php?rest_route=%2Fwp%2Fv2%2Ftags&post=47247"}],"curies":[{"name":"wp","href":"https:\/\/api.w.org\/{rel}","templated":true}]}}