{"id":47244,"date":"2024-10-21T08:43:20","date_gmt":"2024-10-21T11:43:20","guid":{"rendered":"https:\/\/radiorevelacionfm.cl\/?p=47244"},"modified":"2024-10-21T08:43:20","modified_gmt":"2024-10-21T11:43:20","slug":"presentan-nuevo-vehiculo-de-seguridad-y-prevencion-de-violencias-de-genero-para-coyhaique","status":"publish","type":"post","link":"https:\/\/radiorevelacionfm.cl\/?p=47244","title":{"rendered":"Presentan nuevo veh\u00edculo de seguridad y prevenci\u00f3n de violencias de g\u00e9nero para Coyhaique"},"content":{"rendered":"<div class=\"flex_column av_one_full  flex_column_div av-zero-column-padding first  avia-builder-el-0  el_before_av_one_full  avia-builder-el-first  \" style='border-radius:0px; '><div  class='avia-image-container  av-styling-    avia-builder-el-1  avia-builder-el-no-sibling  avia-align-center '  itemprop=\"image\" itemscope=\"itemscope\" itemtype=\"https:\/\/schema.org\/ImageObject\"  ><div class='avia-image-container-inner'><div class='avia-image-overlay-wrap'><img decoding=\"async\" class='wp-image-47245 avia-img-lazy-loading-not-47245 avia_image' src=\"https:\/\/radiorevelacionfm.cl\/wp-content\/uploads\/2024\/10\/autos-3-1-1_optimized-1.jpeg\" alt='' title='autos-3-(1)-(1)_optimized (1)' height=\"600\" width=\"800\"  itemprop=\"thumbnailUrl\" srcset=\"https:\/\/radiorevelacionfm.cl\/wp-content\/uploads\/2024\/10\/autos-3-1-1_optimized-1.jpeg 800w, https:\/\/radiorevelacionfm.cl\/wp-content\/uploads\/2024\/10\/autos-3-1-1_optimized-1-300x225.jpeg 300w, https:\/\/radiorevelacionfm.cl\/wp-content\/uploads\/2024\/10\/autos-3-1-1_optimized-1-768x576.jpeg 768w, https:\/\/radiorevelacionfm.cl\/wp-content\/uploads\/2024\/10\/autos-3-1-1_optimized-1-705x529.jpeg 705w, https:\/\/radiorevelacionfm.cl\/wp-content\/uploads\/2024\/10\/autos-3-1-1_optimized-1-450x338.jpeg 450w, https:\/\/radiorevelacionfm.cl\/wp-content\/uploads\/2024\/10\/autos-3-1-1_optimized-1-600x450.jpeg 600w\" sizes=\"(max-width: 800px) 100vw, 800px\" \/><\/div><\/div><\/div><\/div><div class=\"flex_column av_one_full  flex_column_div av-zero-column-padding first  avia-builder-el-2  el_after_av_one_full  el_before_av_one_full  column-top-margin\" style='border-radius:0px; '><section class=\"av_textblock_section \"  itemscope=\"itemscope\" itemtype=\"https:\/\/schema.org\/BlogPosting\" itemprop=\"blogPost\" ><div class='avia_textblock  '   itemprop=\"text\" ><p style=\"text-align: center;\"><strong><span style=\"font-size: 18pt;\">Presentan nuevo veh\u00edculo de seguridad y prevenci\u00f3n de violencias de g\u00e9nero para Coyhaique\u00a0<\/span><\/strong><\/p>\n<div id=\"gtx-trans\" style=\"position: absolute; left: -50px; top: 4.31534px;\">\n<div class=\"gtx-trans-icon\"><\/div>\n<\/div>\n<\/div><\/section><\/div><div class=\"flex_column av_one_full  flex_column_div av-zero-column-padding first  avia-builder-el-4  el_after_av_one_full  el_before_av_hr  column-top-margin\" style='border-radius:0px; '><section class=\"av_textblock_section \"  itemscope=\"itemscope\" itemtype=\"https:\/\/schema.org\/BlogPosting\" itemprop=\"blogPost\" ><div class='avia_textblock  '   itemprop=\"text\" ><p dir=\"ltr\" style=\"text-align: justify;\">En el marco de un proyecto del Gobierno Regional de Ays\u00e9n, que permiti\u00f3 la adquisici\u00f3n de 13 veh\u00edculos de seguridad comunitaria para cuatro municipios de la regi\u00f3n, se llev\u00f3 a cabo en el Paseo Horn la presentaci\u00f3n de los cinco autom\u00f3viles otorgados a la Municipalidad de Coyhaique, con la particularidad de que uno de ellos se diferencia del resto por su tonalidad morada, ya que estar\u00e1 destinado \u00fanica y exclusivamente a apoyar la prevenci\u00f3n de las violencias de g\u00e9nero en la comuna.<\/p>\n<p dir=\"ltr\" style=\"text-align: justify;\">As\u00ed, este veh\u00edculo en particular funcionar\u00e1 en las calles de la capital gracias al trabajo colaborativo entre el Gobierno Regional, la Municipalidad, la Delegaci\u00f3n Presidencial Regional, la Seremi de la Mujer y la Equidad de G\u00e9nero y el Servicio Nacional de la Mujer y la Equidad de G\u00e9nero (SernamEG), cuyas autoridades firmaron en la ceremonia de entrega un compromiso para articularse, y as\u00ed poder aprovechar este nuevo elemento en el combate contra las violencias que se ejercen en raz\u00f3n del g\u00e9nero de las personas.<\/p>\n<p dir=\"ltr\" style=\"text-align: justify;\">\u00abLa prevenci\u00f3n es fundamental para avanzar en la erradicaci\u00f3n de la violencia contra la mujer y las violencias de g\u00e9nero. En ese sentido, como Servicio Nacional de la Mujer y la Equidad de G\u00e9nero de la Regi\u00f3n de Ays\u00e9n, recibimos con gran entusiasmo esta noticia de que el Gobierno Regional financie un veh\u00edculo que realice un trabajo exclusivo en materias de prevenci\u00f3n de violencias de g\u00e9nero. Esto viene a complementar y reforzar la l\u00ednea y el trabajo que hace no s\u00f3lo nuestro servicio, sino tambi\u00e9n otros servicios p\u00fablicos, por lo que va a ser importante la coordinaci\u00f3n y articulaci\u00f3n que podamos generar para avanzar en esta materia\u00bb, recalc\u00f3 la directora regional de SernamEG, Patricia Baeza Cabezas.<\/p>\n<p dir=\"ltr\" style=\"text-align: justify;\">Por su parte, y a nombre de la Ilustre Municipalidad de Coyhaique, la alcaldesa (s), Gabriela Retamal Retamal, agradeci\u00f3 el que exista una coordinaci\u00f3n con SernamEG, ya que \u00abdentro del Plan de Seguridad Comunitaria, uno de los delitos prioritarios es precisamente la violencia intrafamiliar. Este trabajo va a permitir capacitar a nuestros funcionarios y funcionarias, para actuar de forma preventiva y contener este tema, que es un flagelo a la sociedad\u00bb.<\/p>\n<p dir=\"ltr\" style=\"text-align: justify;\">Las otras comunas y municipios que recibir\u00e1n veh\u00edculos de seguridad comunitaria, financiados por el Gobierno Regional, son: Cisnes (dos autom\u00f3viles); Cochrane (dos autom\u00f3viles); y Ays\u00e9n, donde se entregar\u00e1n cuatro autom\u00f3viles, uno de ellos tambi\u00e9n de color morado que se utilizar\u00e1 s\u00f3lo para la prevenci\u00f3n de violencias de g\u00e9nero.<\/p>\n<p dir=\"ltr\" style=\"text-align: justify;\">\u00abCon este anuncio, lo m\u00e1s importante y lo que a todos nos interesa, es que estos veh\u00edculos est\u00e9n prontamente circulando por las ciudades: por Coyhaique estos cinco veh\u00edculos, en un par de d\u00edas m\u00e1s en Ays\u00e9n cuatro veh\u00edculos, y as\u00ed en Cochrane y Cisnes, porque es la se\u00f1al para poder romper con la inseguridad que al d\u00eda de hoy siente la ciudadan\u00eda\u00bb, declar\u00f3 en esta l\u00ednea el presidente (s) del Consejo Regional de Ays\u00e9n, Ra\u00fal Rudolphi Altaner.<\/p>\n<\/div><\/section><\/div><div  style='height:50px' class='hr hr-invisible   avia-builder-el-6  el_after_av_one_full  el_before_av_social_share '><span class='hr-inner ' ><span class='hr-inner-style'><\/span><\/span><\/div><\/p>\n<div  class='av-social-sharing-box  avia-builder-el-7  el_after_av_hr  el_before_av_hr  '><div class='av-share-box'><h5 class='av-share-link-description av-no-toc '>Compartir esta noticia<\/h5><ul class='av-share-box-list noLightbox'><li class='av-share-link av-social-link-facebook' ><a target=\"_blank\" aria-label=\"Compartir en Facebook\" href='https:\/\/www.facebook.com\/sharer.php?u=https:\/\/radiorevelacionfm.cl\/?p=47244&#038;t=Presentan%20nuevo%20veh%C3%ADculo%20de%20seguridad%20y%20prevenci%C3%B3n%20de%20violencias%20de%20g%C3%A9nero%20para%20Coyhaique' aria-hidden='false' data-av_icon='\ue8f3' data-av_iconfont='entypo-fontello' title='' data-avia-related-tooltip='Compartir en Facebook' rel=\"noopener\"><span class='avia_hidden_link_text'>Compartir en Facebook<\/span><\/a><\/li><li class='av-share-link av-social-link-twitter' ><a target=\"_blank\" aria-label=\"Compartir en Twitter\" href='https:\/\/twitter.com\/share?text=Presentan%20nuevo%20veh%C3%ADculo%20de%20seguridad%20y%20prevenci%C3%B3n%20de%20violencias%20de%20g%C3%A9nero%20para%20Coyhaique&#038;url=https:\/\/radiorevelacionfm.cl\/?p=47244' aria-hidden='false' data-av_icon='\ue8f1' data-av_iconfont='entypo-fontello' title='' data-avia-related-tooltip='Compartir en Twitter' rel=\"noopener\"><span class='avia_hidden_link_text'>Compartir en Twitter<\/span><\/a><\/li><li class='av-share-link av-social-link-whatsapp' ><a target=\"_blank\" aria-label=\"Compartir en Whatsapp\" href='https:\/\/api.whatsapp.com\/send?text=https:\/\/radiorevelacionfm.cl\/?p=47244' aria-hidden='false' data-av_icon='\uf232' data-av_iconfont='entypo-fontello' title='' data-avia-related-tooltip='Compartir en Whatsapp' rel=\"noopener\"><span class='avia_hidden_link_text'>Compartir en Whatsapp<\/span><\/a><\/li><li class='av-share-link av-social-link-linkedin' ><a target=\"_blank\" aria-label=\"Compartir en LinkedIn\" href='https:\/\/linkedin.com\/shareArticle?mini=true&#038;title=Presentan%20nuevo%20veh%C3%ADculo%20de%20seguridad%20y%20prevenci%C3%B3n%20de%20violencias%20de%20g%C3%A9nero%20para%20Coyhaique&#038;url=https:\/\/radiorevelacionfm.cl\/?p=47244' aria-hidden='false' data-av_icon='\ue8fc' data-av_iconfont='entypo-fontello' title='' data-avia-related-tooltip='Compartir en LinkedIn' rel=\"noopener\"><span class='avia_hidden_link_text'>Compartir en LinkedIn<\/span><\/a><\/li><li class='av-share-link av-social-link-mail' ><a  aria-label=\"Compartir por correo\" href='mailto:?subject=Presentan%20nuevo%20veh%C3%ADculo%20de%20seguridad%20y%20prevenci%C3%B3n%20de%20violencias%20de%20g%C3%A9nero%20para%20Coyhaique&#038;body=https:\/\/radiorevelacionfm.cl\/?p=47244' aria-hidden='false' data-av_icon='\ue805' data-av_iconfont='entypo-fontello' title='' data-avia-related-tooltip='Compartir por correo'><span class='avia_hidden_link_text'>Compartir por correo<\/span><\/a><\/li><\/ul><\/div><\/div>\n<div  style='height:50px' class='hr hr-invisible   avia-builder-el-8  el_after_av_social_share  el_before_av_comments_list '><span class='hr-inner ' ><span class='hr-inner-style'><\/span><\/span><\/div>\n<div  class='av-buildercomment  av-blog-meta-html-info-disabled av-blog-meta-tag-disabled  '><\/div>\n","protected":false},"excerpt":{"rendered":"","protected":false},"author":1,"featured_media":47245,"comment_status":"open","ping_status":"open","sticky":false,"template":"","format":"standard","meta":{"footnotes":""},"categories":[38],"tags":[],"class_list":["post-47244","post","type-post","status-publish","format-standard","has-post-thumbnail","hentry","category-regional"],"jetpack_featured_media_url":"https:\/\/radiorevelacionfm.cl\/wp-content\/uploads\/2024\/10\/autos-3-1-1_optimized-1.jpeg","_links":{"self":[{"href":"https:\/\/radiorevelacionfm.cl\/index.php?rest_route=\/wp\/v2\/posts\/47244","targetHints":{"allow":["GET"]}}],"collection":[{"href":"https:\/\/radiorevelacionfm.cl\/index.php?rest_route=\/wp\/v2\/posts"}],"about":[{"href":"https:\/\/radiorevelacionfm.cl\/index.php?rest_route=\/wp\/v2\/types\/post"}],"author":[{"embeddable":true,"href":"https:\/\/radiorevelacionfm.cl\/index.php?rest_route=\/wp\/v2\/users\/1"}],"replies":[{"embeddable":true,"href":"https:\/\/radiorevelacionfm.cl\/index.php?rest_route=%2Fwp%2Fv2%2Fcomments&post=47244"}],"version-history":[{"count":1,"href":"https:\/\/radiorevelacionfm.cl\/index.php?rest_route=\/wp\/v2\/posts\/47244\/revisions"}],"predecessor-version":[{"id":47246,"href":"https:\/\/radiorevelacionfm.cl\/index.php?rest_route=\/wp\/v2\/posts\/47244\/revisions\/47246"}],"wp:featuredmedia":[{"embeddable":true,"href":"https:\/\/radiorevelacionfm.cl\/index.php?rest_route=\/wp\/v2\/media\/47245"}],"wp:attachment":[{"href":"https:\/\/radiorevelacionfm.cl\/index.php?rest_route=%2Fwp%2Fv2%2Fmedia&parent=47244"}],"wp:term":[{"taxonomy":"category","embeddable":true,"href":"https:\/\/radiorevelacionfm.cl\/index.php?rest_route=%2Fwp%2Fv2%2Fcategories&post=47244"},{"taxonomy":"post_tag","embeddable":true,"href":"https:\/\/radiorevelacionfm.cl\/index.php?rest_route=%2Fwp%2Fv2%2Ftags&post=47244"}],"curies":[{"name":"wp","href":"https:\/\/api.w.org\/{rel}","templated":true}]}}