{"id":47241,"date":"2024-10-20T20:51:26","date_gmt":"2024-10-20T23:51:26","guid":{"rendered":"https:\/\/radiorevelacionfm.cl\/?p=47241"},"modified":"2024-10-20T20:51:26","modified_gmt":"2024-10-20T23:51:26","slug":"integrante-de-la-orquesta-sinfonica-de-aysen-yo-quiero-volver-a-foji-convertido-en-profesor-para-ensenar","status":"publish","type":"post","link":"https:\/\/radiorevelacionfm.cl\/?p=47241","title":{"rendered":"Integrante de la Orquesta Sinf\u00f3nica de Ays\u00e9n: \u00abYo quiero volver a FOJI convertido en profesor para ense\u00f1ar\u00bb"},"content":{"rendered":"<div class=\"flex_column av_one_full  flex_column_div av-zero-column-padding first  avia-builder-el-0  el_before_av_one_full  avia-builder-el-first  \" style='border-radius:0px; '><div  class='avia-image-container  av-styling-    avia-builder-el-1  avia-builder-el-no-sibling  avia-align-center '  itemprop=\"image\" itemscope=\"itemscope\" itemtype=\"https:\/\/schema.org\/ImageObject\"  ><div class='avia-image-container-inner'><div class='avia-image-overlay-wrap'><img decoding=\"async\" class='wp-image-47242 avia-img-lazy-loading-not-47242 avia_image' src=\"https:\/\/radiorevelacionfm.cl\/wp-content\/uploads\/2024\/10\/johan-1-1_optimized.jpeg\" alt='' title='johan-1-(1)_optimized' height=\"600\" width=\"968\"  itemprop=\"thumbnailUrl\" srcset=\"https:\/\/radiorevelacionfm.cl\/wp-content\/uploads\/2024\/10\/johan-1-1_optimized.jpeg 968w, https:\/\/radiorevelacionfm.cl\/wp-content\/uploads\/2024\/10\/johan-1-1_optimized-300x186.jpeg 300w, https:\/\/radiorevelacionfm.cl\/wp-content\/uploads\/2024\/10\/johan-1-1_optimized-768x476.jpeg 768w, https:\/\/radiorevelacionfm.cl\/wp-content\/uploads\/2024\/10\/johan-1-1_optimized-705x437.jpeg 705w, https:\/\/radiorevelacionfm.cl\/wp-content\/uploads\/2024\/10\/johan-1-1_optimized-450x279.jpeg 450w, https:\/\/radiorevelacionfm.cl\/wp-content\/uploads\/2024\/10\/johan-1-1_optimized-600x372.jpeg 600w\" sizes=\"(max-width: 968px) 100vw, 968px\" \/><\/div><\/div><\/div><\/div><div class=\"flex_column av_one_full  flex_column_div av-zero-column-padding first  avia-builder-el-2  el_after_av_one_full  el_before_av_one_full  column-top-margin\" style='border-radius:0px; '><section class=\"av_textblock_section \"  itemscope=\"itemscope\" itemtype=\"https:\/\/schema.org\/BlogPosting\" itemprop=\"blogPost\" ><div class='avia_textblock  '   itemprop=\"text\" ><p style=\"text-align: center;\"><strong><span style=\"font-size: 18pt;\">Integrante de la Orquesta Sinf\u00f3nica de Ays\u00e9n: \u00abYo quiero volver a FOJI convertido en profesor para ense\u00f1ar\u00bb<\/span><\/strong><\/p>\n<div id=\"gtx-trans\" style=\"position: absolute; left: -50px; top: 4.31534px;\">\n<div class=\"gtx-trans-icon\"><\/div>\n<\/div>\n<\/div><\/section><\/div><div class=\"flex_column av_one_full  flex_column_div av-zero-column-padding first  avia-builder-el-4  el_after_av_one_full  el_before_av_hr  column-top-margin\" style='border-radius:0px; '><section class=\"av_textblock_section \"  itemscope=\"itemscope\" itemtype=\"https:\/\/schema.org\/BlogPosting\" itemprop=\"blogPost\" ><div class='avia_textblock  '   itemprop=\"text\" ><p class=\"v1MsoNormal\" style=\"text-align: justify;\" align=\"center\"><i>El contrabajista Johan Hinostroza de 16 a\u00f1os, de la comuna de Coyhaique, relata c\u00f3mo es ser parte de un selecto grupo de m\u00fasicos de su edad, que adem\u00e1s de la pr\u00e1ctica orquestal, le ha dado bonitas experiencias y amistades.<\/i><\/p>\n<p class=\"v1MsoNormal\" style=\"text-align: justify;\">Ser parte de la Fundaci\u00f3n de Orquestas Juveniles e Infantiles de Chile (FOJI) es un constante desaf\u00edo. Todos los a\u00f1os se realizan audiciones para ser parte de una de las 19 orquestas de FOJI, como lo es la Orquesta Sinf\u00f3nica Juvenil Regional de Ays\u00e9n (OSJR de Ays\u00e9n). Por lo que los 42 integrantes de la regi\u00f3n saben que m\u00e1s all\u00e1 de la oportunidad, hay que demostrar constancia, disciplina y superaci\u00f3n para mantenerse.<\/p>\n<p class=\"v1MsoNormal\" style=\"text-align: justify;\">Es por esta raz\u00f3n que la OSJR de Ays\u00e9n ha sido un pilar en la vida del contrabajista Johan Hinostroza (16), aunque su amor por la m\u00fasica parti\u00f3 en la infancia cuando acompa\u00f1aba a su abuela a la iglesia en donde aprendi\u00f3 a tocar la guitarra. No pasar\u00eda mucho tiempo despu\u00e9s para seguir encamin\u00e1ndose en la vereda musical, ya que fue en quinto b\u00e1sico cuando tuvo su primer gran acercamiento, cuando ingres\u00f3 a la Orquesta de la Escuela Baquedano de Coyhaique donde estudiaba en la ense\u00f1anza b\u00e1sica.<\/p>\n<p class=\"v1MsoNormal\" style=\"text-align: justify;\">\u00abYo ten\u00eda la intenci\u00f3n de aprender a tocar el cello porque ve\u00eda a mi hermana violinista, pero me dijeron que no hab\u00eda cupo para ese instrumento y que hab\u00eda uno m\u00e1s grande. Ah\u00ed supe del contrabajo y dije &#8216;bueno ya&#8217;, aunque no estaba muy convencido\u00bb, cuenta sonriente Johan tras su ingreso a la OSJR de Ays\u00e9n.<\/p>\n<p class=\"v1MsoNormal\" style=\"text-align: justify;\">Han pasado ya 7 a\u00f1os desde ese momento y su elecci\u00f3n fue la correcta: Johan fue solista en el concierto de gala celebrado en la Catedral de Coyhaique el pasado 05 de octubre, oportunidad en donde se conmemor\u00f3 la partida del maestro Fernando Rosas, Fundador de FOJI.<\/p>\n<p class=\"v1MsoNormal\" style=\"text-align: justify;\">\u00abTocar el contrabajo tiene m\u00faltiples posibilidades. Muchos piensan que es un instrumento base y nada m\u00e1s. Yo demostr\u00e9 que no\u00bb, se\u00f1ala enf\u00e1tico el joven m\u00fasico.<\/p>\n<p class=\"v1MsoNormal\" style=\"text-align: justify;\">\u00abSer\u00e9 profesor de m\u00fasica\u00bb dice con orgullo el estudiante de tercero medio, quien ya piensa en dedicarle todo el tiempo a la m\u00fasica. \u00abFoji es una tremenda oportunidad para los j\u00f3venes. Yo part\u00ed sin saber que era. Me dijeron &#8216;vas a tocar en la Orquesta&#8217; y dije &#8216;ah, bac\u00e1n&#8217;. Yo estaba en octavo b\u00e1sico y en pandemia, pero no ten\u00eda idea de la importancia y que yo iba a recibir dinero por ser becado, tener acompa\u00f1amiento\u00bb, relata Johan quien tambi\u00e9n valora el apoyo sicosocial que han recibido.<\/p>\n<p class=\"v1MsoNormal\" style=\"text-align: justify;\">Agrega que \u00abha sido una experiencia muy bonita el conocer a otras personas muy talentosas, hacer amistades y convivir con ellos tantas horas y los profes que te ayudan tanto\u00bb.<\/p>\n<p class=\"v1MsoNormal\" style=\"text-align: justify;\">El 2025 ser\u00e1 el \u00faltimo a\u00f1o para Johan Hinostroza en la Orquesta Sinf\u00f3nica Juvenil Regional de Ays\u00e9n, pero su mensaje a los nuevos semilleros es claro: \u00abA m\u00ed me ha inspirado mucho y solo les digo que se atrevan, que por m\u00e1s dif\u00edcil que sea siempre hay una soluci\u00f3n y que lo hagan porque es maravilloso, que da frutos como este concierto hermoso lleno de gente.\u00a0Quiero volver y seguir apoyando a los m\u00e1s peque\u00f1os convertido en profesor para ense\u00f1ar o dirigir una orquesta regional\u00bb.<\/p>\n<\/div><\/section><\/div><div  style='height:50px' class='hr hr-invisible   avia-builder-el-6  el_after_av_one_full  el_before_av_social_share '><span class='hr-inner ' ><span class='hr-inner-style'><\/span><\/span><\/div><\/p>\n<div  class='av-social-sharing-box  avia-builder-el-7  el_after_av_hr  el_before_av_hr  '><div class='av-share-box'><h5 class='av-share-link-description av-no-toc '>Compartir esta noticia<\/h5><ul class='av-share-box-list noLightbox'><li class='av-share-link av-social-link-facebook' ><a target=\"_blank\" aria-label=\"Compartir en Facebook\" href='https:\/\/www.facebook.com\/sharer.php?u=https:\/\/radiorevelacionfm.cl\/?p=47241&#038;t=Integrante%20de%20la%20Orquesta%20Sinf%C3%B3nica%20de%20Ays%C3%A9n%3A%20%C2%ABYo%20quiero%20volver%20a%20FOJI%20convertido%20en%20profesor%20para%20ense%C3%B1ar%C2%BB' aria-hidden='false' data-av_icon='\ue8f3' data-av_iconfont='entypo-fontello' title='' data-avia-related-tooltip='Compartir en Facebook' rel=\"noopener\"><span class='avia_hidden_link_text'>Compartir en Facebook<\/span><\/a><\/li><li class='av-share-link av-social-link-twitter' ><a target=\"_blank\" aria-label=\"Compartir en Twitter\" href='https:\/\/twitter.com\/share?text=Integrante%20de%20la%20Orquesta%20Sinf%C3%B3nica%20de%20Ays%C3%A9n%3A%20%C2%ABYo%20quiero%20volver%20a%20FOJI%20convertido%20en%20profesor%20para%20ense%C3%B1ar%C2%BB&#038;url=https:\/\/radiorevelacionfm.cl\/?p=47241' aria-hidden='false' data-av_icon='\ue8f1' data-av_iconfont='entypo-fontello' title='' data-avia-related-tooltip='Compartir en Twitter' rel=\"noopener\"><span class='avia_hidden_link_text'>Compartir en Twitter<\/span><\/a><\/li><li class='av-share-link av-social-link-whatsapp' ><a target=\"_blank\" aria-label=\"Compartir en Whatsapp\" href='https:\/\/api.whatsapp.com\/send?text=https:\/\/radiorevelacionfm.cl\/?p=47241' aria-hidden='false' data-av_icon='\uf232' data-av_iconfont='entypo-fontello' title='' data-avia-related-tooltip='Compartir en Whatsapp' rel=\"noopener\"><span class='avia_hidden_link_text'>Compartir en Whatsapp<\/span><\/a><\/li><li class='av-share-link av-social-link-linkedin' ><a target=\"_blank\" aria-label=\"Compartir en LinkedIn\" href='https:\/\/linkedin.com\/shareArticle?mini=true&#038;title=Integrante%20de%20la%20Orquesta%20Sinf%C3%B3nica%20de%20Ays%C3%A9n%3A%20%C2%ABYo%20quiero%20volver%20a%20FOJI%20convertido%20en%20profesor%20para%20ense%C3%B1ar%C2%BB&#038;url=https:\/\/radiorevelacionfm.cl\/?p=47241' aria-hidden='false' data-av_icon='\ue8fc' data-av_iconfont='entypo-fontello' title='' data-avia-related-tooltip='Compartir en LinkedIn' rel=\"noopener\"><span class='avia_hidden_link_text'>Compartir en LinkedIn<\/span><\/a><\/li><li class='av-share-link av-social-link-mail' ><a  aria-label=\"Compartir por correo\" href='mailto:?subject=Integrante%20de%20la%20Orquesta%20Sinf%C3%B3nica%20de%20Ays%C3%A9n%3A%20%C2%ABYo%20quiero%20volver%20a%20FOJI%20convertido%20en%20profesor%20para%20ense%C3%B1ar%C2%BB&#038;body=https:\/\/radiorevelacionfm.cl\/?p=47241' aria-hidden='false' data-av_icon='\ue805' data-av_iconfont='entypo-fontello' title='' data-avia-related-tooltip='Compartir por correo'><span class='avia_hidden_link_text'>Compartir por correo<\/span><\/a><\/li><\/ul><\/div><\/div>\n<div  style='height:50px' class='hr hr-invisible   avia-builder-el-8  el_after_av_social_share  el_before_av_comments_list '><span class='hr-inner ' ><span class='hr-inner-style'><\/span><\/span><\/div>\n<div  class='av-buildercomment  av-blog-meta-html-info-disabled av-blog-meta-tag-disabled  '><\/div>\n","protected":false},"excerpt":{"rendered":"","protected":false},"author":1,"featured_media":47242,"comment_status":"open","ping_status":"open","sticky":false,"template":"","format":"standard","meta":{"footnotes":""},"categories":[43],"tags":[],"class_list":["post-47241","post","type-post","status-publish","format-standard","has-post-thumbnail","hentry","category-musica"],"jetpack_featured_media_url":"https:\/\/radiorevelacionfm.cl\/wp-content\/uploads\/2024\/10\/johan-1-1_optimized.jpeg","_links":{"self":[{"href":"https:\/\/radiorevelacionfm.cl\/index.php?rest_route=\/wp\/v2\/posts\/47241","targetHints":{"allow":["GET"]}}],"collection":[{"href":"https:\/\/radiorevelacionfm.cl\/index.php?rest_route=\/wp\/v2\/posts"}],"about":[{"href":"https:\/\/radiorevelacionfm.cl\/index.php?rest_route=\/wp\/v2\/types\/post"}],"author":[{"embeddable":true,"href":"https:\/\/radiorevelacionfm.cl\/index.php?rest_route=\/wp\/v2\/users\/1"}],"replies":[{"embeddable":true,"href":"https:\/\/radiorevelacionfm.cl\/index.php?rest_route=%2Fwp%2Fv2%2Fcomments&post=47241"}],"version-history":[{"count":1,"href":"https:\/\/radiorevelacionfm.cl\/index.php?rest_route=\/wp\/v2\/posts\/47241\/revisions"}],"predecessor-version":[{"id":47243,"href":"https:\/\/radiorevelacionfm.cl\/index.php?rest_route=\/wp\/v2\/posts\/47241\/revisions\/47243"}],"wp:featuredmedia":[{"embeddable":true,"href":"https:\/\/radiorevelacionfm.cl\/index.php?rest_route=\/wp\/v2\/media\/47242"}],"wp:attachment":[{"href":"https:\/\/radiorevelacionfm.cl\/index.php?rest_route=%2Fwp%2Fv2%2Fmedia&parent=47241"}],"wp:term":[{"taxonomy":"category","embeddable":true,"href":"https:\/\/radiorevelacionfm.cl\/index.php?rest_route=%2Fwp%2Fv2%2Fcategories&post=47241"},{"taxonomy":"post_tag","embeddable":true,"href":"https:\/\/radiorevelacionfm.cl\/index.php?rest_route=%2Fwp%2Fv2%2Ftags&post=47241"}],"curies":[{"name":"wp","href":"https:\/\/api.w.org\/{rel}","templated":true}]}}