{"id":4724,"date":"2021-05-31T17:58:22","date_gmt":"2021-05-31T20:58:22","guid":{"rendered":"https:\/\/radiorevelacionfm.cl\/?p=4724"},"modified":"2021-05-31T18:02:15","modified_gmt":"2021-05-31T21:02:15","slug":"directivos-y-docentes-participan-de-seminario-actualizacion-pdt-y-sistemas-de-acompanamiento-educacion-superior","status":"publish","type":"post","link":"https:\/\/radiorevelacionfm.cl\/?p=4724","title":{"rendered":"Directivos y docentes participaron de Seminario Actualizaci\u00f3n PDT y Sistemas de Acompa\u00f1amiento Educaci\u00f3n Superior"},"content":{"rendered":"<div class=\"flex_column av_one_full  flex_column_div av-zero-column-padding first  avia-builder-el-0  el_before_av_one_full  avia-builder-el-first  \" style='border-radius:0px; '><div  class='avia-image-container  av-styling-    avia-builder-el-1  avia-builder-el-no-sibling  avia-align-center '  itemprop=\"image\" itemscope=\"itemscope\" itemtype=\"https:\/\/schema.org\/ImageObject\"  ><div class='avia-image-container-inner'><div class='avia-image-overlay-wrap'><img decoding=\"async\" class='wp-image-0 avia-img-lazy-loading-not-0 avia_image' src=\"https:\/\/radiorevelacionfm.cl\/wp-content\/uploads\/2021\/05\/seminario-iv-1-1_optimized.jpg\" alt='' title=''   itemprop=\"thumbnailUrl\"  \/><\/div><\/div><\/div><\/div>\n<div class=\"flex_column av_one_full  flex_column_div av-zero-column-padding first  avia-builder-el-2  el_after_av_one_full  el_before_av_one_full  column-top-margin\" style='border-radius:0px; '><section class=\"av_textblock_section \"  itemscope=\"itemscope\" itemtype=\"https:\/\/schema.org\/BlogPosting\" itemprop=\"blogPost\" ><div class='avia_textblock  '   itemprop=\"text\" ><p style=\"text-align: center;\"><strong><span style=\"font-size: 18pt;\">Directivos y docentes participaron de Seminario Actualizaci\u00f3n PDT y Sistemas de Acompa\u00f1amiento Educaci\u00f3n Superior<\/span><\/strong><\/p>\n<div id=\"gtx-trans\" style=\"position: absolute; left: -50px; top: 4.31534px;\">\n<div class=\"gtx-trans-icon\"><\/div>\n<\/div>\n<\/div><\/section><\/div><div class=\"flex_column av_one_full  flex_column_div av-zero-column-padding first  avia-builder-el-4  el_after_av_one_full  el_before_av_hr  column-top-margin\" style='border-radius:0px; '><section class=\"av_textblock_section \"  itemscope=\"itemscope\" itemtype=\"https:\/\/schema.org\/BlogPosting\" itemprop=\"blogPost\" ><div class='avia_textblock  '   itemprop=\"text\" ><p style=\"text-align: justify;\">El Seminario de Actualizaci\u00f3n PDT y Sistemas de Acompa\u00f1amiento Educaci\u00f3n Superior se realiz\u00f3 el 28 de mayo, a las 15:00 horas, organizado por la Universidad Austral de Chile (UACh) y la Universidad de Ays\u00e9n (UAys\u00e9n), casas de estudios pertenecientes al programa PACE en la regi\u00f3n de Ays\u00e9n.<\/p>\n<p style=\"text-align: justify;\">La actividad comenz\u00f3 con el recibimiento y la bienvenida a los asistentes, continuando con las mesas de di\u00e1logo, \u201cMecanismo de Acompa\u00f1amiento en la Educaci\u00f3n Superior\u201d, \u201cDEMRE Actualizaci\u00f3n PDT\u201d, \u201cImportancia Habilitaci\u00f3n PACE\u201d, las cuales fueron trabajadas paralelamente por los diferentes grupos de trabajo que participaron del seminario.<\/p>\n<p style=\"text-align: justify;\">Desde la Universidad de Ays\u00e9n destacaron la importancia de poder realizar estas instancias conjuntamente entre ambas Instituciones de Educaci\u00f3n Superior, al respecto, David V\u00e1squez, Coordinador de Admisi\u00f3n de la casa de estudios se\u00f1al\u00f3 que, \u201cestamos felices, hubo representantes de nuestros colegios PACE, desde Cochrane a Melinka, creemos que instancias como \u00e9stas, colaborativas, profundas de mucha reflexi\u00f3n y de mucho an\u00e1lisis contribuyen en el fortalecimiento de la educaci\u00f3n p\u00fablica. Ojal\u00e1 sigamos as\u00ed y podamos tener muchas instancias como estas.\u201d<\/p>\n<p style=\"text-align: justify;\">Las impresiones sobre el seminario fueron positivas, as\u00ed lo indic\u00f3 la coordinadora del componente de Preparaci\u00f3n en la Ense\u00f1anza Media del Campus Patagonia, Johanna Mart\u00ednez, \u201ccreo que este tipo de instancias son muy enriquecedoras, ya que nos permite avanzar de forma conjunta en la alianza que nos invita el PACE, que es entre Ministerio, las Instituciones de Educaci\u00f3n Superior y las comunidades educativas. Sin duda este seminario nos genera una invitaci\u00f3n a replicar con padres y apoderados y estudiantes de los diferentes establecimientos educacionales, ya que no podemos olvidar que ellos (as) son el foco de nuestro trabajo y de nuestro compromiso\u201d.<\/p>\n<p style=\"text-align: justify;\">Asimismo, El Dr. Alejandro Reyes, director del Campus Patagonia y coordinador regional del programa PACE UACh en Ays\u00e9n, afirm\u00f3 que esta actividad \u201cfue se\u00f1era, puesto que es una forma en la cual podemos llegar mucho m\u00e1s eficientemente a los establecimientos educacionales y transmitir la informaci\u00f3n de manera conjunta, respecto de cuales son los beneficios, las visiones y los aspectos que en particular que permiten o promueven apoyos a estudiantes, que probablemente no alcanzando puntajes de ingreso a la Educaci\u00f3n Superior, s\u00ed tienen la posibilidad de ingresar a trav\u00e9s de los cupos PACE. Yo creo que esta es una muy buena pol\u00edtica p\u00fablica que nuestra universidad suscribe y mantiene, puesto que como instituci\u00f3n tenemos como objetivo aumentar el n\u00famero de ingresos inclusivos a los estudiantes como una herramienta de inclusi\u00f3n social.\u201d<\/p>\n<p style=\"text-align: justify;\">Por otra parte, Ra\u00fal Mart\u00ednez, coordinador regional de los liceos PACE de la regi\u00f3n de Ays\u00e9n de la Seremi de Educaci\u00f3n, destac\u00f3 que el seminario \u201cpermiti\u00f3 dejar clara cada una de las l\u00edneas del componente del PACE. Yo creo que estos seminarios permiten, en el tiempo, abrir espacios de conversaci\u00f3n y an\u00e1lisis para ir mejorando las oportunidades que tienen los estudiantes para continuar estudios superiores\u201d.<\/p>\n<p style=\"text-align: justify;\">Este seminario, si bien fue dirigido a profesores y directivos de establecimientos educativos, gener\u00f3 la iniciativa de replicar la actividad con padres, apoderadas (os) y estudiantes de los establecimientos educacionales pertenecientes al PACE, sobre los distintos beneficios que entrega el programa con la finalidad de acompa\u00f1ar a los estudiantes en sus estudios superiores.<\/p>\n<\/div><\/section><\/div><\/p>\n<div  style='height:50px' class='hr hr-invisible   avia-builder-el-6  el_after_av_one_full  el_before_av_social_share '><span class='hr-inner ' ><span class='hr-inner-style'><\/span><\/span><\/div>\n<div  class='av-social-sharing-box  avia-builder-el-7  el_after_av_hr  el_before_av_hr  '><div class='av-share-box'><h5 class='av-share-link-description av-no-toc '>Compartir esta noticia<\/h5><ul class='av-share-box-list noLightbox'><li class='av-share-link av-social-link-facebook' ><a target=\"_blank\" aria-label=\"Compartir en Facebook\" href='https:\/\/www.facebook.com\/sharer.php?u=https:\/\/radiorevelacionfm.cl\/?p=4724&#038;t=Directivos%20y%20docentes%20participaron%20de%20Seminario%20Actualizaci%C3%B3n%20PDT%20y%20Sistemas%20de%20Acompa%C3%B1amiento%20Educaci%C3%B3n%20Superior' aria-hidden='false' data-av_icon='\ue8f3' data-av_iconfont='entypo-fontello' title='' data-avia-related-tooltip='Compartir en Facebook' rel=\"noopener\"><span class='avia_hidden_link_text'>Compartir en Facebook<\/span><\/a><\/li><li class='av-share-link av-social-link-twitter' ><a target=\"_blank\" aria-label=\"Compartir en Twitter\" href='https:\/\/twitter.com\/share?text=Directivos%20y%20docentes%20participaron%20de%20Seminario%20Actualizaci%C3%B3n%20PDT%20y%20Sistemas%20de%20Acompa%C3%B1amiento%20Educaci%C3%B3n%20Superior&#038;url=https:\/\/radiorevelacionfm.cl\/?p=4724' aria-hidden='false' data-av_icon='\ue8f1' data-av_iconfont='entypo-fontello' title='' data-avia-related-tooltip='Compartir en Twitter' rel=\"noopener\"><span class='avia_hidden_link_text'>Compartir en Twitter<\/span><\/a><\/li><li class='av-share-link av-social-link-whatsapp' ><a target=\"_blank\" aria-label=\"Compartir en Whatsapp\" href='https:\/\/api.whatsapp.com\/send?text=https:\/\/radiorevelacionfm.cl\/?p=4724' aria-hidden='false' data-av_icon='\uf232' data-av_iconfont='entypo-fontello' title='' data-avia-related-tooltip='Compartir en Whatsapp' rel=\"noopener\"><span class='avia_hidden_link_text'>Compartir en Whatsapp<\/span><\/a><\/li><li class='av-share-link av-social-link-linkedin' ><a target=\"_blank\" aria-label=\"Compartir en LinkedIn\" href='https:\/\/linkedin.com\/shareArticle?mini=true&#038;title=Directivos%20y%20docentes%20participaron%20de%20Seminario%20Actualizaci%C3%B3n%20PDT%20y%20Sistemas%20de%20Acompa%C3%B1amiento%20Educaci%C3%B3n%20Superior&#038;url=https:\/\/radiorevelacionfm.cl\/?p=4724' aria-hidden='false' data-av_icon='\ue8fc' data-av_iconfont='entypo-fontello' title='' data-avia-related-tooltip='Compartir en LinkedIn' rel=\"noopener\"><span class='avia_hidden_link_text'>Compartir en LinkedIn<\/span><\/a><\/li><li class='av-share-link av-social-link-mail' ><a  aria-label=\"Compartir por correo\" href='mailto:?subject=Directivos%20y%20docentes%20participaron%20de%20Seminario%20Actualizaci%C3%B3n%20PDT%20y%20Sistemas%20de%20Acompa%C3%B1amiento%20Educaci%C3%B3n%20Superior&#038;body=https:\/\/radiorevelacionfm.cl\/?p=4724' aria-hidden='false' data-av_icon='\ue805' data-av_iconfont='entypo-fontello' title='' data-avia-related-tooltip='Compartir por correo'><span class='avia_hidden_link_text'>Compartir por correo<\/span><\/a><\/li><\/ul><\/div><\/div>\n<div  style='height:50px' class='hr hr-invisible   avia-builder-el-8  el_after_av_social_share  el_before_av_comments_list '><span class='hr-inner ' ><span class='hr-inner-style'><\/span><\/span><\/div>\n<div  class='av-buildercomment  av-blog-meta-html-info-disabled av-blog-meta-tag-disabled  '><\/div>\n","protected":false},"excerpt":{"rendered":"","protected":false},"author":1,"featured_media":0,"comment_status":"open","ping_status":"open","sticky":false,"template":"","format":"standard","meta":{"footnotes":""},"categories":[49],"tags":[],"class_list":["post-4724","post","type-post","status-publish","format-standard","hentry","category-educacion"],"jetpack_featured_media_url":"","_links":{"self":[{"href":"https:\/\/radiorevelacionfm.cl\/index.php?rest_route=\/wp\/v2\/posts\/4724","targetHints":{"allow":["GET"]}}],"collection":[{"href":"https:\/\/radiorevelacionfm.cl\/index.php?rest_route=\/wp\/v2\/posts"}],"about":[{"href":"https:\/\/radiorevelacionfm.cl\/index.php?rest_route=\/wp\/v2\/types\/post"}],"author":[{"embeddable":true,"href":"https:\/\/radiorevelacionfm.cl\/index.php?rest_route=\/wp\/v2\/users\/1"}],"replies":[{"embeddable":true,"href":"https:\/\/radiorevelacionfm.cl\/index.php?rest_route=%2Fwp%2Fv2%2Fcomments&post=4724"}],"version-history":[{"count":2,"href":"https:\/\/radiorevelacionfm.cl\/index.php?rest_route=\/wp\/v2\/posts\/4724\/revisions"}],"predecessor-version":[{"id":4727,"href":"https:\/\/radiorevelacionfm.cl\/index.php?rest_route=\/wp\/v2\/posts\/4724\/revisions\/4727"}],"wp:attachment":[{"href":"https:\/\/radiorevelacionfm.cl\/index.php?rest_route=%2Fwp%2Fv2%2Fmedia&parent=4724"}],"wp:term":[{"taxonomy":"category","embeddable":true,"href":"https:\/\/radiorevelacionfm.cl\/index.php?rest_route=%2Fwp%2Fv2%2Fcategories&post=4724"},{"taxonomy":"post_tag","embeddable":true,"href":"https:\/\/radiorevelacionfm.cl\/index.php?rest_route=%2Fwp%2Fv2%2Ftags&post=4724"}],"curies":[{"name":"wp","href":"https:\/\/api.w.org\/{rel}","templated":true}]}}