{"id":47238,"date":"2024-10-21T09:55:49","date_gmt":"2024-10-21T12:55:49","guid":{"rendered":"https:\/\/radiorevelacionfm.cl\/?p=47238"},"modified":"2024-10-21T09:55:49","modified_gmt":"2024-10-21T12:55:49","slug":"sistema-de-admision-escolar-sae-646-de-los-postulantes-en-aysen-quedo-en-su-primera-preferencia","status":"publish","type":"post","link":"https:\/\/radiorevelacionfm.cl\/?p=47238","title":{"rendered":"Sistema de Admisi\u00f3n Escolar (SAE): 64,6% de los postulantes en Ays\u00e9n qued\u00f3 en su primera preferencia"},"content":{"rendered":"<div class=\"flex_column av_one_full  flex_column_div av-zero-column-padding first  avia-builder-el-0  el_before_av_one_full  avia-builder-el-first  \" style='border-radius:0px; '><div  class='avia-image-container  av-styling-    avia-builder-el-1  avia-builder-el-no-sibling  avia-align-center '  itemprop=\"image\" itemscope=\"itemscope\" itemtype=\"https:\/\/schema.org\/ImageObject\"  ><div class='avia-image-container-inner'><div class='avia-image-overlay-wrap'><img decoding=\"async\" class='wp-image-47239 avia-img-lazy-loading-not-47239 avia_image' src=\"https:\/\/radiorevelacionfm.cl\/wp-content\/uploads\/2024\/10\/SAE-resultados-1.jpg\" alt='' title='SAE resultados (1)' height=\"480\" width=\"800\"  itemprop=\"thumbnailUrl\" srcset=\"https:\/\/radiorevelacionfm.cl\/wp-content\/uploads\/2024\/10\/SAE-resultados-1.jpg 800w, https:\/\/radiorevelacionfm.cl\/wp-content\/uploads\/2024\/10\/SAE-resultados-1-300x180.jpg 300w, https:\/\/radiorevelacionfm.cl\/wp-content\/uploads\/2024\/10\/SAE-resultados-1-768x461.jpg 768w, https:\/\/radiorevelacionfm.cl\/wp-content\/uploads\/2024\/10\/SAE-resultados-1-705x423.jpg 705w, https:\/\/radiorevelacionfm.cl\/wp-content\/uploads\/2024\/10\/SAE-resultados-1-450x270.jpg 450w, https:\/\/radiorevelacionfm.cl\/wp-content\/uploads\/2024\/10\/SAE-resultados-1-600x360.jpg 600w\" sizes=\"(max-width: 800px) 100vw, 800px\" \/><\/div><\/div><\/div><\/div><div class=\"flex_column av_one_full  flex_column_div av-zero-column-padding first  avia-builder-el-2  el_after_av_one_full  el_before_av_one_full  column-top-margin\" style='border-radius:0px; '><section class=\"av_textblock_section \"  itemscope=\"itemscope\" itemtype=\"https:\/\/schema.org\/BlogPosting\" itemprop=\"blogPost\" ><div class='avia_textblock  '   itemprop=\"text\" ><p style=\"text-align: center;\"><strong><span style=\"font-size: 18pt;\">Sistema de Admisi\u00f3n Escolar (SAE): 64,6% de los postulantes en Ays\u00e9n qued\u00f3 en su primera preferencia<\/span><\/strong><\/p>\n<div id=\"gtx-trans\" style=\"position: absolute; left: -50px; top: 4.31534px;\">\n<div class=\"gtx-trans-icon\"><\/div>\n<\/div>\n<\/div><\/section><\/div><div class=\"flex_column av_one_full  flex_column_div av-zero-column-padding first  avia-builder-el-4  el_after_av_one_full  el_before_av_hr  column-top-margin\" style='border-radius:0px; '><section class=\"av_textblock_section \"  itemscope=\"itemscope\" itemtype=\"https:\/\/schema.org\/BlogPosting\" itemprop=\"blogPost\" ><div class='avia_textblock  '   itemprop=\"text\" ><p class=\"v1MsoNormal\" style=\"text-align: justify;\" align=\"center\"><em>Postularon 2.865 estudiantes y el 80,4% qued\u00f3 en alguna de sus preferencias. Por otro lado, el 15% contin\u00faa en su actual establecimiento.<\/em><\/p>\n<p class=\"v1MsoNormal\" style=\"text-align: justify;\">El Ministerio de Educaci\u00f3n informa a las y los apoderados que a partir de este jueves 17 de octubre estar\u00e1n disponibles los resultados de las postulaciones del Sistema de Admisi\u00f3n Escolar (SAE), a trav\u00e9s de\u00a0\u00a0<a href=\"http:\/\/www.sistemadeadmisionescolar.cl\/\" target=\"_blank\" rel=\"noopener noreferrer\">www.sistemadeadmisionescolar.cl<\/a>, para acceder a establecimientos p\u00fablicos y particulares subvencionados en 2025.<\/p>\n<p class=\"v1MsoNormal\" style=\"text-align: justify;\">Una vez que conozcan los resultados, las familias tendr\u00e1n plazo hasta el 23 de octubre para marcar una de estas tres opciones: aceptar el establecimiento asignado; aceptarlo y activar la lista de espera, por si se liberan cupos en otros establecimientos de mayor preferencia; o rechazar el resultado.<\/p>\n<p class=\"v1MsoNormal\" style=\"text-align: justify;\">Si eligen esta \u00faltima opci\u00f3n, las familias tendr\u00e1n que volver a postular a un establecimiento en el per\u00edodo complementario del SAE, que se realizar\u00e1 entre el 15 y el 22 de noviembre.<\/p>\n<p class=\"v1MsoNormal\" style=\"text-align: justify;\"><b><u>Balance del SAE 2025<\/u><\/b><\/p>\n<p class=\"v1MsoNormal\" style=\"text-align: justify;\">Para el SAE 2025 postularon 473 mil estudiantes a nivel nacional, de los cuales el 74,2% qued\u00f3 asignado en alguna de sus preferencias, lo que representa 2,4 puntos porcentuales m\u00e1s que el a\u00f1o pasado. Adem\u00e1s, el 52,7% qued\u00f3 en su primera preferencia, lo que equivale a 4,6 puntos porcentuales m\u00e1s que el proceso anterior.<\/p>\n<p class=\"v1MsoNormal\" style=\"text-align: justify;\">Por otra parte, el 18,6% qued\u00f3 asignado en su establecimiento de origen (1,3 puntos porcentuales menos que el a\u00f1o pasado) y el 7,3% qued\u00f3 sin asignaci\u00f3n (0,8 puntos porcentuales menos que el proceso anterior), por lo que tendr\u00e1n que volver a postular en el per\u00edodo complementario del SAE, junto a quienes rechacen ahora su asignaci\u00f3n.<\/p>\n<p class=\"v1MsoNormal\" style=\"text-align: justify;\"><b><u>Resultados en Ays\u00e9n<\/u><\/b><\/p>\n<p class=\"v1MsoNormal\" style=\"text-align: justify;\">En el caso de la regi\u00f3n de Ays\u00e9n, postularon 2.865 estudiantes, de los cuales el 64,6% qued\u00f3 en su primera preferencia, mientras que el 80,4% qued\u00f3 en alguna de sus preferencias. Por otro lado, el 15% contin\u00faa en su actual establecimiento.<\/p>\n<p class=\"v1MsoNormal\" style=\"text-align: justify;\">En el SAE 2025 participaron 7.843 colegios a nivel nacional, mientras que, en la regi\u00f3n de Ays\u00e9n, la plataforma consider\u00f3 73 establecimientos.<\/p>\n<p class=\"v1MsoNormal\" style=\"text-align: justify;\">La SEREMI de Educaci\u00f3n de Ays\u00e9n Isabel Garrido hizo un positivo balance de este proceso se\u00f1alando que: \u00abM\u00e1s del 60% de los postulantes en la regi\u00f3n qued\u00f3 en su primera opci\u00f3n, en tanto el 80,4% qued\u00f3 en alguna de sus preferencias, lo que representa una consolidaci\u00f3n de este sistema que busca eliminar las barreras de acceso a la educaci\u00f3n\u00bb.<\/p>\n<p class=\"v1MsoNormal\" style=\"text-align: justify;\"><b>Pr\u00f3ximas fechas clave del proceso:<\/b><\/p>\n<p class=\"v1MsoNormal\" style=\"text-align: justify;\">Publicaci\u00f3n de resultados de las listas de espera: 4 y 5 de noviembre<\/p>\n<p class=\"v1MsoNormal\" style=\"text-align: justify;\">Per\u00edodo complementario de postulaci\u00f3n: 15 al 22 de noviembre<\/p>\n<p class=\"v1MsoNormal\" style=\"text-align: justify;\">Resultados del per\u00edodo complementario: 4 de diciembre<\/p>\n<p class=\"v1MsoNormal\" style=\"text-align: justify;\">Matr\u00edcula en los establecimientos: 5 al 13 de diciembre<\/p>\n<p class=\"v1MsoNormal\" style=\"text-align: justify;\"><b><u>Plan de Fortalecimiento de la Matr\u00edcula<\/u><\/b><\/p>\n<p class=\"v1MsoNormal\" style=\"text-align: justify;\">Para mejorar la disponibilidad de vacantes de los establecimientos para el SAE 2025, el Mineduc continu\u00f3 implementando este a\u00f1o el Plan de Fortalecimiento de la Matr\u00edcula, gestionando con los sostenedores el aumento de cupos en aquellas zonas que lo requieren.<\/p>\n<p class=\"v1MsoNormal\" style=\"text-align: justify;\">De esta forma, se implementaron medidas administrativas, como la verificaci\u00f3n de la capacidad real de las aulas y la revisi\u00f3n de solicitudes de Reconocimiento Oficial de establecimientos; medidas de gesti\u00f3n territorial, como la recuperaci\u00f3n de salas de clases subutilizadas y la reorganizaci\u00f3n de espacios educativos para resolver la demanda insatisfecha; y medidas de infraestructura, como la implementaci\u00f3n de salas modulares y soluciones de emergencia.<\/p>\n<\/div><\/section><\/div><div  style='height:50px' class='hr hr-invisible   avia-builder-el-6  el_after_av_one_full  el_before_av_social_share '><span class='hr-inner ' ><span class='hr-inner-style'><\/span><\/span><\/div><\/p>\n<div  class='av-social-sharing-box  avia-builder-el-7  el_after_av_hr  el_before_av_hr  '><div class='av-share-box'><h5 class='av-share-link-description av-no-toc '>Compartir esta noticia<\/h5><ul class='av-share-box-list noLightbox'><li class='av-share-link av-social-link-facebook' ><a target=\"_blank\" aria-label=\"Compartir en Facebook\" href='https:\/\/www.facebook.com\/sharer.php?u=https:\/\/radiorevelacionfm.cl\/?p=47238&#038;t=Sistema%20de%20Admisi%C3%B3n%20Escolar%20%28SAE%29%3A%2064%2C6%25%20de%20los%20postulantes%20en%20Ays%C3%A9n%20qued%C3%B3%20en%20su%20primera%20preferencia' aria-hidden='false' data-av_icon='\ue8f3' data-av_iconfont='entypo-fontello' title='' data-avia-related-tooltip='Compartir en Facebook' rel=\"noopener\"><span class='avia_hidden_link_text'>Compartir en Facebook<\/span><\/a><\/li><li class='av-share-link av-social-link-twitter' ><a target=\"_blank\" aria-label=\"Compartir en Twitter\" href='https:\/\/twitter.com\/share?text=Sistema%20de%20Admisi%C3%B3n%20Escolar%20%28SAE%29%3A%2064%2C6%25%20de%20los%20postulantes%20en%20Ays%C3%A9n%20qued%C3%B3%20en%20su%20primera%20preferencia&#038;url=https:\/\/radiorevelacionfm.cl\/?p=47238' aria-hidden='false' data-av_icon='\ue8f1' data-av_iconfont='entypo-fontello' title='' data-avia-related-tooltip='Compartir en Twitter' rel=\"noopener\"><span class='avia_hidden_link_text'>Compartir en Twitter<\/span><\/a><\/li><li class='av-share-link av-social-link-whatsapp' ><a target=\"_blank\" aria-label=\"Compartir en Whatsapp\" href='https:\/\/api.whatsapp.com\/send?text=https:\/\/radiorevelacionfm.cl\/?p=47238' aria-hidden='false' data-av_icon='\uf232' data-av_iconfont='entypo-fontello' title='' data-avia-related-tooltip='Compartir en Whatsapp' rel=\"noopener\"><span class='avia_hidden_link_text'>Compartir en Whatsapp<\/span><\/a><\/li><li class='av-share-link av-social-link-linkedin' ><a target=\"_blank\" aria-label=\"Compartir en LinkedIn\" href='https:\/\/linkedin.com\/shareArticle?mini=true&#038;title=Sistema%20de%20Admisi%C3%B3n%20Escolar%20%28SAE%29%3A%2064%2C6%25%20de%20los%20postulantes%20en%20Ays%C3%A9n%20qued%C3%B3%20en%20su%20primera%20preferencia&#038;url=https:\/\/radiorevelacionfm.cl\/?p=47238' aria-hidden='false' data-av_icon='\ue8fc' data-av_iconfont='entypo-fontello' title='' data-avia-related-tooltip='Compartir en LinkedIn' rel=\"noopener\"><span class='avia_hidden_link_text'>Compartir en LinkedIn<\/span><\/a><\/li><li class='av-share-link av-social-link-mail' ><a  aria-label=\"Compartir por correo\" href='mailto:?subject=Sistema%20de%20Admisi%C3%B3n%20Escolar%20%28SAE%29%3A%2064%2C6%25%20de%20los%20postulantes%20en%20Ays%C3%A9n%20qued%C3%B3%20en%20su%20primera%20preferencia&#038;body=https:\/\/radiorevelacionfm.cl\/?p=47238' aria-hidden='false' data-av_icon='\ue805' data-av_iconfont='entypo-fontello' title='' data-avia-related-tooltip='Compartir por correo'><span class='avia_hidden_link_text'>Compartir por correo<\/span><\/a><\/li><\/ul><\/div><\/div>\n<div  style='height:50px' class='hr hr-invisible   avia-builder-el-8  el_after_av_social_share  el_before_av_comments_list '><span class='hr-inner ' ><span class='hr-inner-style'><\/span><\/span><\/div>\n<div  class='av-buildercomment  av-blog-meta-html-info-disabled av-blog-meta-tag-disabled  '><\/div>\n","protected":false},"excerpt":{"rendered":"","protected":false},"author":1,"featured_media":47239,"comment_status":"open","ping_status":"open","sticky":false,"template":"","format":"standard","meta":{"footnotes":""},"categories":[49],"tags":[],"class_list":["post-47238","post","type-post","status-publish","format-standard","has-post-thumbnail","hentry","category-educacion"],"jetpack_featured_media_url":"https:\/\/radiorevelacionfm.cl\/wp-content\/uploads\/2024\/10\/SAE-resultados-1.jpg","_links":{"self":[{"href":"https:\/\/radiorevelacionfm.cl\/index.php?rest_route=\/wp\/v2\/posts\/47238","targetHints":{"allow":["GET"]}}],"collection":[{"href":"https:\/\/radiorevelacionfm.cl\/index.php?rest_route=\/wp\/v2\/posts"}],"about":[{"href":"https:\/\/radiorevelacionfm.cl\/index.php?rest_route=\/wp\/v2\/types\/post"}],"author":[{"embeddable":true,"href":"https:\/\/radiorevelacionfm.cl\/index.php?rest_route=\/wp\/v2\/users\/1"}],"replies":[{"embeddable":true,"href":"https:\/\/radiorevelacionfm.cl\/index.php?rest_route=%2Fwp%2Fv2%2Fcomments&post=47238"}],"version-history":[{"count":1,"href":"https:\/\/radiorevelacionfm.cl\/index.php?rest_route=\/wp\/v2\/posts\/47238\/revisions"}],"predecessor-version":[{"id":47240,"href":"https:\/\/radiorevelacionfm.cl\/index.php?rest_route=\/wp\/v2\/posts\/47238\/revisions\/47240"}],"wp:featuredmedia":[{"embeddable":true,"href":"https:\/\/radiorevelacionfm.cl\/index.php?rest_route=\/wp\/v2\/media\/47239"}],"wp:attachment":[{"href":"https:\/\/radiorevelacionfm.cl\/index.php?rest_route=%2Fwp%2Fv2%2Fmedia&parent=47238"}],"wp:term":[{"taxonomy":"category","embeddable":true,"href":"https:\/\/radiorevelacionfm.cl\/index.php?rest_route=%2Fwp%2Fv2%2Fcategories&post=47238"},{"taxonomy":"post_tag","embeddable":true,"href":"https:\/\/radiorevelacionfm.cl\/index.php?rest_route=%2Fwp%2Fv2%2Ftags&post=47238"}],"curies":[{"name":"wp","href":"https:\/\/api.w.org\/{rel}","templated":true}]}}