{"id":47235,"date":"2024-10-19T20:53:45","date_gmt":"2024-10-19T23:53:45","guid":{"rendered":"https:\/\/radiorevelacionfm.cl\/?p=47235"},"modified":"2024-10-19T20:53:45","modified_gmt":"2024-10-19T23:53:45","slug":"cuidadoras-primarias-de-la-region-de-aysen-certifican-su-experiencia-en-el-oficio","status":"publish","type":"post","link":"https:\/\/radiorevelacionfm.cl\/?p=47235","title":{"rendered":"Cuidadoras primarias de la Regi\u00f3n de Ays\u00e9n certifican su experiencia en el oficio"},"content":{"rendered":"<div class=\"flex_column av_one_full  flex_column_div av-zero-column-padding first  avia-builder-el-0  el_before_av_one_full  avia-builder-el-first  \" style='border-radius:0px; '><div  class='avia-image-container  av-styling-    avia-builder-el-1  avia-builder-el-no-sibling  avia-align-center '  itemprop=\"image\" itemscope=\"itemscope\" itemtype=\"https:\/\/schema.org\/ImageObject\"  ><div class='avia-image-container-inner'><div class='avia-image-overlay-wrap'><img decoding=\"async\" class='wp-image-47236 avia-img-lazy-loading-not-47236 avia_image' src=\"https:\/\/radiorevelacionfm.cl\/wp-content\/uploads\/2024\/10\/certificacion_cuidadoresprimarios_chilevalora-2-1-1_optimized.jpeg\" alt='' title='certificacion_cuidadoresprimarios_chilevalora-(2)-(1)-(1)_optimized' height=\"600\" width=\"905\"  itemprop=\"thumbnailUrl\" srcset=\"https:\/\/radiorevelacionfm.cl\/wp-content\/uploads\/2024\/10\/certificacion_cuidadoresprimarios_chilevalora-2-1-1_optimized.jpeg 905w, https:\/\/radiorevelacionfm.cl\/wp-content\/uploads\/2024\/10\/certificacion_cuidadoresprimarios_chilevalora-2-1-1_optimized-300x199.jpeg 300w, https:\/\/radiorevelacionfm.cl\/wp-content\/uploads\/2024\/10\/certificacion_cuidadoresprimarios_chilevalora-2-1-1_optimized-768x509.jpeg 768w, https:\/\/radiorevelacionfm.cl\/wp-content\/uploads\/2024\/10\/certificacion_cuidadoresprimarios_chilevalora-2-1-1_optimized-705x467.jpeg 705w, https:\/\/radiorevelacionfm.cl\/wp-content\/uploads\/2024\/10\/certificacion_cuidadoresprimarios_chilevalora-2-1-1_optimized-450x298.jpeg 450w, https:\/\/radiorevelacionfm.cl\/wp-content\/uploads\/2024\/10\/certificacion_cuidadoresprimarios_chilevalora-2-1-1_optimized-600x398.jpeg 600w\" sizes=\"(max-width: 905px) 100vw, 905px\" \/><\/div><\/div><\/div><\/div><div class=\"flex_column av_one_full  flex_column_div av-zero-column-padding first  avia-builder-el-2  el_after_av_one_full  el_before_av_one_full  column-top-margin\" style='border-radius:0px; '><section class=\"av_textblock_section \"  itemscope=\"itemscope\" itemtype=\"https:\/\/schema.org\/BlogPosting\" itemprop=\"blogPost\" ><div class='avia_textblock  '   itemprop=\"text\" ><p style=\"text-align: center;\"><strong><span style=\"font-size: 18pt;\">Cuidadoras primarias de la Regi\u00f3n de Ays\u00e9n certifican su experiencia en el oficio<\/span><\/strong><\/p>\n<div id=\"gtx-trans\" style=\"position: absolute; left: -50px; top: 4.31534px;\">\n<div class=\"gtx-trans-icon\"><\/div>\n<\/div>\n<\/div><\/section><\/div><div class=\"flex_column av_one_full  flex_column_div av-zero-column-padding first  avia-builder-el-4  el_after_av_one_full  el_before_av_hr  column-top-margin\" style='border-radius:0px; '><section class=\"av_textblock_section \"  itemscope=\"itemscope\" itemtype=\"https:\/\/schema.org\/BlogPosting\" itemprop=\"blogPost\" ><div class='avia_textblock  '   itemprop=\"text\" ><p class=\"v1MsoNormal\" style=\"text-align: justify;\">En una emotiva ceremonia con el objetivo de reconocer formalmente el trabajo que realizan de cuidados primarios, un grupo de 25 mujeres y 2 hombres que prestan servicios en los programas del Servicio Nacional del Adulto Mayor (SENAMA) de las municipalidades de R\u00edo Ib\u00e1\u00f1ez y Coyhaique, y en los Establecimientos de Larga Estad\u00eda para Adultos Mayores (ELEAM) de la regi\u00f3n, certificaron sus competencias laborales en el perfil laboral Cuidador\/a Primario\/a de ChileValora, profesionalizando as\u00ed sus conocimientos y experiencia para ejercer el rol.<\/p>\n<p class=\"v1MsoNormal\" style=\"text-align: justify;\">El proceso de certificaci\u00f3n est\u00e1 en concordancia con la aspiraci\u00f3n del Gobierno del Presidente Gabriel Boric de contar con un Registro Nacional de Cuidadores\/as, asegurando que el derecho a entregar y recibir cuidados se realice cautelando est\u00e1ndares de calidad equitativos para todas y todos. En esa l\u00ednea, el aporte de ChileValora a dicha pol\u00edtica p\u00fablica es garantizar la profesionalizaci\u00f3n y estandarizaci\u00f3n de quienes cumplen labores de cuidados primarios.<\/p>\n<p class=\"v1MsoNormal\" style=\"text-align: justify;\">El grupo de certificados\/as desempe\u00f1a labores en los ELEAM Eliana Contreras Monje, Padre Antonio Ronchi, Los Arrieros de Cochrane, Chile Chico y en el Hogar San Bernardo de Puerto Ays\u00e9n, adem\u00e1s de los programas de las municipalidades mencionadas de la Regi\u00f3n de Ays\u00e9n. El proceso de evaluaci\u00f3n a la totalidad del grupo se desarroll\u00f3 en terreno, entre abril y mayo de 2024, fue financiado con remanentes de franquicias tributarias de la OTIC del Comercio Servicios y Turismo de Chile, administrados por el Servicio Nacional de Capacitaci\u00f3n y Empleo (SENCE). Mientras que el centro certificador que realiz\u00f3 las evaluaciones fue Ecerlab SpA, acreditado ante ChileValora para tales fines.<\/p>\n<p class=\"v1MsoNormal\" style=\"text-align: justify;\">El coordinador de ChileValora en la regi\u00f3n, Rodrigo Moreno Rivera, resalt\u00f3 el trabajo de quienes est\u00e1n involucrados en formalizar el trabajo de quienes desempe\u00f1an estas labores. \u00abEl perfil que estamos certificando, lo estamos haciendo a trav\u00e9s de un trabajo en conjunto, el catastro de las personas que trabajan en los ELEAM y en las municipalidades lo hizo el SENAMA, que pertenece al Ministerio de Desarrollo Social y Familia, con eso, se iniciaron las tratativas con SENCE y la OTIC del Comercio para financiar este proceso. Para el Gobierno del Presidente Boric el tema de los cuidadores y cuidadoras es sumamente importante. A trav\u00e9s de esta certificaci\u00f3n, a este grupo se le reconoce su experiencia y su dedicaci\u00f3n, adquirida no necesariamente en clases, sino que a trav\u00e9s de a\u00f1os de esfuerzo. El certificado de ChileValora destaca precisamente eso, la experiencia demostrada en el trabajo diario, sin necesidad de estudios formales previos\u00bb.<\/p>\n<p class=\"v1MsoNormal\" style=\"text-align: justify;\">Por su parte, la seremi (S) del Trabajo y Previsi\u00f3n Social y seremi de Vivienda y Urbanismo de la Regi\u00f3n de Ays\u00e9n, Paulina Ruz Delf\u00edn, se\u00f1al\u00f3 que \u00abhay un reconocimiento con el certificado al rol de cuidadores en sociedad, que les entrega oportunidades y herramientas para que en el futuro tengan mayor empleabilidad y puedan desarrollarse en el \u00e1mbito laboral. No solo fueron personas de Coyhaique, tambi\u00e9n son de otras comunas de la regi\u00f3n, como Ays\u00e9n, Cochrane y Chile Chico, con ello descentralizamos los beneficios del Estado, en una inversi\u00f3n de un poco m\u00e1s de 2 millones de pesos. Sumado a esto, se releva la labor que realizan mujeres en el cuidado de personas con una pol\u00edtica de buen trato, se disminuye la brecha de g\u00e9nero para que tengan las mismas oportunidades en el \u00e1mbito laboral y tengan mayor desarrollo en su vida cotidiana\u00bb.<\/p>\n<p class=\"v1MsoNormal\" style=\"text-align: justify;\">La entrega de diplomas por haber obtenido la certificaci\u00f3n de competencias labores se realiz\u00f3 el jueves 17 de octubre en el Sal\u00f3n Cochrane del Hotel Diego de Almagro, ubicado en Coyhaique. A ella asistieron la Seremi (S) del Trabajo y Previsi\u00f3n Social, Paulina Ruz Delf\u00edn; la Seremi de Mujer y Equidad de G\u00e9nero, Isidora Gacit\u00faa, el director regional de SENCE Ays\u00e9n, Nelson Garrido Morales; la directora regional del Servicio Nacional de la Mujer y Equidad de G\u00e9nero (SERNAMEG), Mar\u00eda Patricia Baeza; El coordinador regional de ChileValora en Ays\u00e9n, Rodrigo Moreno Rivera y la coordinadora regional de SENAMA, Claudia Andaur, el representante del Gobierno Regional de Ays\u00e9n, \u00d3scar del Solar; la Directora OTIC del Comercio y Directora\u00a0 Zona Sur de la C\u00e1mara Nacional Comercio CNC, Daissy Mondelo; adem\u00e1s de consejeros regionales y concejales de Coyhaique.<\/p>\n<p class=\"v1MsoNormal\" style=\"text-align: justify;\">Desde el SENCE regional, su director, Nelson Garrido Morales, reafirm\u00f3 la voluntad de trabajar conjuntamente con otras reparticiones p\u00fablicas para mejorar las condiciones de empleabilidad de las personas de la regi\u00f3n de Ays\u00e9n. \u00abTal como en este proceso de certificaci\u00f3n de personas que trabajan atendiendo a personas mayores, como Sence continuaremos financiando certificaciones de competencias laborales junto a ChileValora para acreditar a las personas en perfiles laborales a lo largo de todo el pa\u00eds\u00bb.<\/p>\n<p class=\"v1MsoNormal\" style=\"text-align: justify;\">Una de las cuidadoras primarias que estaba muy contenta por el logro obtenido fue Gloria Guzm\u00e1n Inostroza, cuidadora de la localidad Villa \u00d1irehuao: \u00abEs muy importante que nos certifiquen y que lo hagan en terreno,\u00a0 \u00a0porque ven todo el trabajo que realizamos con los adultos mayores, por ejemplo, nosotras vivimos en \u00d1irehuao, en una zona a trasmano, estoy muy feliz hoy de tener mi certificado en mano. El rol que cumplimos es importante para esas personas, ellos nos tienen a nosotros porque la poblaci\u00f3n va envejeciendo, los j\u00f3venes emigran y ellos quedan en las localidades, d\u00eda a d\u00eda ellos nos esperan a que lleguemos para que los podamos atender y muchas veces somos su familia\u00bb.<\/p>\n<p class=\"v1MsoNormal\" style=\"text-align: justify;\">Rodrigo Moreno adem\u00e1s coment\u00f3 que este a\u00f1o ChileValora a trav\u00e9s de un trabajo intersectorial junto al Ministerio de Desarrollo Social y Familia, entre otras instituciones, y a un trabajo tripartito con empleadores\/as y trabajadores\/as, actualiz\u00f3 los perfiles del \u00e1rea de cuidados: Asistente Sociocomunitario\/a y Cuidador\/a primario\/a, agregando tambi\u00e9n nuevos perfiles del \u00e1rea, como son Cuidador\/a de personas mayores y Cuidador\/a de dependencia severa, lo cual es un gran avance, en el contexto del Sistema Nacional e Integral de Cuidados \u00abChile Cuida\u00bb.<\/p>\n<\/div><\/section><\/div><div  style='height:50px' class='hr hr-invisible   avia-builder-el-6  el_after_av_one_full  el_before_av_social_share '><span class='hr-inner ' ><span class='hr-inner-style'><\/span><\/span><\/div><\/p>\n<div  class='av-social-sharing-box  avia-builder-el-7  el_after_av_hr  el_before_av_hr  '><div class='av-share-box'><h5 class='av-share-link-description av-no-toc '>Compartir esta noticia<\/h5><ul class='av-share-box-list noLightbox'><li class='av-share-link av-social-link-facebook' ><a target=\"_blank\" aria-label=\"Compartir en Facebook\" href='https:\/\/www.facebook.com\/sharer.php?u=https:\/\/radiorevelacionfm.cl\/?p=47235&#038;t=Cuidadoras%20primarias%20de%20la%20Regi%C3%B3n%20de%20Ays%C3%A9n%20certifican%20su%20experiencia%20en%20el%20oficio' aria-hidden='false' data-av_icon='\ue8f3' data-av_iconfont='entypo-fontello' title='' data-avia-related-tooltip='Compartir en Facebook' rel=\"noopener\"><span class='avia_hidden_link_text'>Compartir en Facebook<\/span><\/a><\/li><li class='av-share-link av-social-link-twitter' ><a target=\"_blank\" aria-label=\"Compartir en Twitter\" href='https:\/\/twitter.com\/share?text=Cuidadoras%20primarias%20de%20la%20Regi%C3%B3n%20de%20Ays%C3%A9n%20certifican%20su%20experiencia%20en%20el%20oficio&#038;url=https:\/\/radiorevelacionfm.cl\/?p=47235' aria-hidden='false' data-av_icon='\ue8f1' data-av_iconfont='entypo-fontello' title='' data-avia-related-tooltip='Compartir en Twitter' rel=\"noopener\"><span class='avia_hidden_link_text'>Compartir en Twitter<\/span><\/a><\/li><li class='av-share-link av-social-link-whatsapp' ><a target=\"_blank\" aria-label=\"Compartir en Whatsapp\" href='https:\/\/api.whatsapp.com\/send?text=https:\/\/radiorevelacionfm.cl\/?p=47235' aria-hidden='false' data-av_icon='\uf232' data-av_iconfont='entypo-fontello' title='' data-avia-related-tooltip='Compartir en Whatsapp' rel=\"noopener\"><span class='avia_hidden_link_text'>Compartir en Whatsapp<\/span><\/a><\/li><li class='av-share-link av-social-link-linkedin' ><a target=\"_blank\" aria-label=\"Compartir en LinkedIn\" href='https:\/\/linkedin.com\/shareArticle?mini=true&#038;title=Cuidadoras%20primarias%20de%20la%20Regi%C3%B3n%20de%20Ays%C3%A9n%20certifican%20su%20experiencia%20en%20el%20oficio&#038;url=https:\/\/radiorevelacionfm.cl\/?p=47235' aria-hidden='false' data-av_icon='\ue8fc' data-av_iconfont='entypo-fontello' title='' data-avia-related-tooltip='Compartir en LinkedIn' rel=\"noopener\"><span class='avia_hidden_link_text'>Compartir en LinkedIn<\/span><\/a><\/li><li class='av-share-link av-social-link-mail' ><a  aria-label=\"Compartir por correo\" href='mailto:?subject=Cuidadoras%20primarias%20de%20la%20Regi%C3%B3n%20de%20Ays%C3%A9n%20certifican%20su%20experiencia%20en%20el%20oficio&#038;body=https:\/\/radiorevelacionfm.cl\/?p=47235' aria-hidden='false' data-av_icon='\ue805' data-av_iconfont='entypo-fontello' title='' data-avia-related-tooltip='Compartir por correo'><span class='avia_hidden_link_text'>Compartir por correo<\/span><\/a><\/li><\/ul><\/div><\/div>\n<div  style='height:50px' class='hr hr-invisible   avia-builder-el-8  el_after_av_social_share  el_before_av_comments_list '><span class='hr-inner ' ><span class='hr-inner-style'><\/span><\/span><\/div>\n<div  class='av-buildercomment  av-blog-meta-html-info-disabled av-blog-meta-tag-disabled  '><\/div>\n","protected":false},"excerpt":{"rendered":"","protected":false},"author":1,"featured_media":47236,"comment_status":"open","ping_status":"open","sticky":false,"template":"","format":"standard","meta":{"footnotes":""},"categories":[56],"tags":[],"class_list":["post-47235","post","type-post","status-publish","format-standard","has-post-thumbnail","hentry","category-trabajo"],"jetpack_featured_media_url":"https:\/\/radiorevelacionfm.cl\/wp-content\/uploads\/2024\/10\/certificacion_cuidadoresprimarios_chilevalora-2-1-1_optimized.jpeg","_links":{"self":[{"href":"https:\/\/radiorevelacionfm.cl\/index.php?rest_route=\/wp\/v2\/posts\/47235","targetHints":{"allow":["GET"]}}],"collection":[{"href":"https:\/\/radiorevelacionfm.cl\/index.php?rest_route=\/wp\/v2\/posts"}],"about":[{"href":"https:\/\/radiorevelacionfm.cl\/index.php?rest_route=\/wp\/v2\/types\/post"}],"author":[{"embeddable":true,"href":"https:\/\/radiorevelacionfm.cl\/index.php?rest_route=\/wp\/v2\/users\/1"}],"replies":[{"embeddable":true,"href":"https:\/\/radiorevelacionfm.cl\/index.php?rest_route=%2Fwp%2Fv2%2Fcomments&post=47235"}],"version-history":[{"count":1,"href":"https:\/\/radiorevelacionfm.cl\/index.php?rest_route=\/wp\/v2\/posts\/47235\/revisions"}],"predecessor-version":[{"id":47237,"href":"https:\/\/radiorevelacionfm.cl\/index.php?rest_route=\/wp\/v2\/posts\/47235\/revisions\/47237"}],"wp:featuredmedia":[{"embeddable":true,"href":"https:\/\/radiorevelacionfm.cl\/index.php?rest_route=\/wp\/v2\/media\/47236"}],"wp:attachment":[{"href":"https:\/\/radiorevelacionfm.cl\/index.php?rest_route=%2Fwp%2Fv2%2Fmedia&parent=47235"}],"wp:term":[{"taxonomy":"category","embeddable":true,"href":"https:\/\/radiorevelacionfm.cl\/index.php?rest_route=%2Fwp%2Fv2%2Fcategories&post=47235"},{"taxonomy":"post_tag","embeddable":true,"href":"https:\/\/radiorevelacionfm.cl\/index.php?rest_route=%2Fwp%2Fv2%2Ftags&post=47235"}],"curies":[{"name":"wp","href":"https:\/\/api.w.org\/{rel}","templated":true}]}}