{"id":47231,"date":"2024-10-19T19:40:54","date_gmt":"2024-10-19T22:40:54","guid":{"rendered":"https:\/\/radiorevelacionfm.cl\/?p=47231"},"modified":"2024-10-19T20:46:37","modified_gmt":"2024-10-19T23:46:37","slug":"pdi-investiga-homicidio-ocurrido-en-coyhaique-tras-una-disputa-familiar","status":"publish","type":"post","link":"https:\/\/radiorevelacionfm.cl\/?p=47231","title":{"rendered":"PDI investiga homicidio ocurrido en Coyhaique tras una disputa familiar"},"content":{"rendered":"<div class=\"flex_column av_one_full  flex_column_div av-zero-column-padding first  avia-builder-el-0  el_before_av_one_full  avia-builder-el-first  \" style='border-radius:0px; '><div  class='avia-image-container  av-styling-    avia-builder-el-1  avia-builder-el-no-sibling  avia-align-center '  itemprop=\"image\" itemscope=\"itemscope\" itemtype=\"https:\/\/schema.org\/ImageObject\"  ><div class='avia-image-container-inner'><div class='avia-image-overlay-wrap'><img decoding=\"async\" class='wp-image-19537 avia-img-lazy-loading-not-19537 avia_image' src=\"https:\/\/radiorevelacionfm.cl\/wp-content\/uploads\/2022\/07\/PDI-no-pasar-1-1.jpg\" alt='' title='PDI-no pasar (1) (1)' height=\"600\" width=\"961\"  itemprop=\"thumbnailUrl\" srcset=\"https:\/\/radiorevelacionfm.cl\/wp-content\/uploads\/2022\/07\/PDI-no-pasar-1-1.jpg 961w, https:\/\/radiorevelacionfm.cl\/wp-content\/uploads\/2022\/07\/PDI-no-pasar-1-1-300x187.jpg 300w, https:\/\/radiorevelacionfm.cl\/wp-content\/uploads\/2022\/07\/PDI-no-pasar-1-1-768x480.jpg 768w, https:\/\/radiorevelacionfm.cl\/wp-content\/uploads\/2022\/07\/PDI-no-pasar-1-1-705x440.jpg 705w, https:\/\/radiorevelacionfm.cl\/wp-content\/uploads\/2022\/07\/PDI-no-pasar-1-1-600x375.jpg 600w\" sizes=\"(max-width: 961px) 100vw, 961px\" \/><\/div><\/div><\/div><\/div>\n<div class=\"flex_column av_one_full  flex_column_div av-zero-column-padding first  avia-builder-el-2  el_after_av_one_full  el_before_av_one_full  column-top-margin\" style='border-radius:0px; '><section class=\"av_textblock_section \"  itemscope=\"itemscope\" itemtype=\"https:\/\/schema.org\/BlogPosting\" itemprop=\"blogPost\" ><div class='avia_textblock  '   itemprop=\"text\" ><p style=\"text-align: center;\"><strong><span style=\"font-size: 18pt;\">PDI investiga homicidio ocurrido en Coyhaique tras una disputa familiar<\/span><\/strong><\/p>\n<div id=\"gtx-trans\" style=\"position: absolute; left: -50px; top: 4.31534px;\">\n<div class=\"gtx-trans-icon\"><\/div>\n<\/div>\n<\/div><\/section><\/div>\n<div class=\"flex_column av_one_full  flex_column_div av-zero-column-padding first  avia-builder-el-4  el_after_av_one_full  el_before_av_hr  column-top-margin\" style='border-radius:0px; '><section class=\"av_textblock_section \"  itemscope=\"itemscope\" itemtype=\"https:\/\/schema.org\/BlogPosting\" itemprop=\"blogPost\" ><div class='avia_textblock  '   itemprop=\"text\" ><p style=\"text-align: justify;\">La Brigada de Homicidios (BH) de Coyhaique, se encuentra investigando un incidente ocurrido la noche del viernes, que termin\u00f3 con la muerte de un hombre de 25 a\u00f1os, en el Hospital Regional tras una disputa familiar.<\/p>\n<p style=\"text-align: justify;\">De acuerdo con las diligencias realizadas por el equipo investigativo, an\u00e1lisis del sitio del suceso y los relatos de testigos, se ha determinado que el hecho se habr\u00eda originado en un contexto familiar vinculado al cuidado de un ni\u00f1o de cinco a\u00f1os. El comisario \u00cdtalo Todaka, jefe de la BH Coyhaique coment\u00f3 que, \u00abla Fiscal\u00eda Local de Coyhaique solicit\u00f3 la concurrencia de la Brigada de Homicidios, hasta el Hospital Regional de esta ciudad, lugar donde hab\u00eda una persona fallecida. Esta v\u00edctima tiene relaci\u00f3n con unas diligencias que se estaban efectuando el d\u00eda de ayer por parte de esta brigada especializada, que son materia de investigaci\u00f3n\u00bb.<\/p>\n<p style=\"text-align: justify;\">Los padres del menor se encontraban compartiendo en una actividad comunal en el Parque Urbano cuando se percataron que su hijo se hab\u00eda trasladado a la casa de sus abuelos paternos.<\/p>\n<p style=\"text-align: justify;\">La v\u00edctima, al notar esta situaci\u00f3n, se dirigi\u00f3 al domicilio de sus suegros, donde se produjo una discusi\u00f3n con el imputado, pareja de la abuela del ni\u00f1o. Durante la pelea, el victimario, portando un arma cortante, le habr\u00eda causado una herida en el \u00e1rea abdominal a la v\u00edctima, qui\u00e9n, a pesar de los esfuerzos m\u00e9dicos, habr\u00eda fallecido horas m\u00e1s tarde en el Hospital Regional de Coyhaique, producto de la herida.<\/p>\n<p style=\"text-align: justify;\">El imputado fue detenido y se encuentra a disposici\u00f3n de la justicia, siendo ampliado su control de detenci\u00f3n para el d\u00eda lunes a la espera de nuevos antecedentes.<\/p>\n<\/div><\/section><\/div><div  style='height:50px' class='hr hr-invisible   avia-builder-el-6  el_after_av_one_full  el_before_av_social_share '><span class='hr-inner ' ><span class='hr-inner-style'><\/span><\/span><\/div><\/p>\n<div  class='av-social-sharing-box  avia-builder-el-7  el_after_av_hr  el_before_av_hr  '><div class='av-share-box'><h5 class='av-share-link-description av-no-toc '>Compartir esta noticia<\/h5><ul class='av-share-box-list noLightbox'><li class='av-share-link av-social-link-facebook' ><a target=\"_blank\" aria-label=\"Compartir en Facebook\" href='https:\/\/www.facebook.com\/sharer.php?u=https:\/\/radiorevelacionfm.cl\/?p=47231&#038;t=PDI%20investiga%20homicidio%20ocurrido%20en%20Coyhaique%20tras%20una%20disputa%20familiar' aria-hidden='false' data-av_icon='\ue8f3' data-av_iconfont='entypo-fontello' title='' data-avia-related-tooltip='Compartir en Facebook' rel=\"noopener\"><span class='avia_hidden_link_text'>Compartir en Facebook<\/span><\/a><\/li><li class='av-share-link av-social-link-twitter' ><a target=\"_blank\" aria-label=\"Compartir en Twitter\" href='https:\/\/twitter.com\/share?text=PDI%20investiga%20homicidio%20ocurrido%20en%20Coyhaique%20tras%20una%20disputa%20familiar&#038;url=https:\/\/radiorevelacionfm.cl\/?p=47231' aria-hidden='false' data-av_icon='\ue8f1' data-av_iconfont='entypo-fontello' title='' data-avia-related-tooltip='Compartir en Twitter' rel=\"noopener\"><span class='avia_hidden_link_text'>Compartir en Twitter<\/span><\/a><\/li><li class='av-share-link av-social-link-whatsapp' ><a target=\"_blank\" aria-label=\"Compartir en Whatsapp\" href='https:\/\/api.whatsapp.com\/send?text=https:\/\/radiorevelacionfm.cl\/?p=47231' aria-hidden='false' data-av_icon='\uf232' data-av_iconfont='entypo-fontello' title='' data-avia-related-tooltip='Compartir en Whatsapp' rel=\"noopener\"><span class='avia_hidden_link_text'>Compartir en Whatsapp<\/span><\/a><\/li><li class='av-share-link av-social-link-linkedin' ><a target=\"_blank\" aria-label=\"Compartir en LinkedIn\" href='https:\/\/linkedin.com\/shareArticle?mini=true&#038;title=PDI%20investiga%20homicidio%20ocurrido%20en%20Coyhaique%20tras%20una%20disputa%20familiar&#038;url=https:\/\/radiorevelacionfm.cl\/?p=47231' aria-hidden='false' data-av_icon='\ue8fc' data-av_iconfont='entypo-fontello' title='' data-avia-related-tooltip='Compartir en LinkedIn' rel=\"noopener\"><span class='avia_hidden_link_text'>Compartir en LinkedIn<\/span><\/a><\/li><li class='av-share-link av-social-link-mail' ><a  aria-label=\"Compartir por correo\" href='mailto:?subject=PDI%20investiga%20homicidio%20ocurrido%20en%20Coyhaique%20tras%20una%20disputa%20familiar&#038;body=https:\/\/radiorevelacionfm.cl\/?p=47231' aria-hidden='false' data-av_icon='\ue805' data-av_iconfont='entypo-fontello' title='' data-avia-related-tooltip='Compartir por correo'><span class='avia_hidden_link_text'>Compartir por correo<\/span><\/a><\/li><\/ul><\/div><\/div>\n<div  style='height:50px' class='hr hr-invisible   avia-builder-el-8  el_after_av_social_share  el_before_av_comments_list '><span class='hr-inner ' ><span class='hr-inner-style'><\/span><\/span><\/div>\n<div  class='av-buildercomment  av-blog-meta-html-info-disabled av-blog-meta-tag-disabled  '><\/div>\n","protected":false},"excerpt":{"rendered":"","protected":false},"author":1,"featured_media":19537,"comment_status":"open","ping_status":"open","sticky":false,"template":"","format":"standard","meta":{"footnotes":""},"categories":[36],"tags":[],"class_list":["post-47231","post","type-post","status-publish","format-standard","has-post-thumbnail","hentry","category-policial"],"jetpack_featured_media_url":"https:\/\/radiorevelacionfm.cl\/wp-content\/uploads\/2022\/07\/PDI-no-pasar-1-1.jpg","_links":{"self":[{"href":"https:\/\/radiorevelacionfm.cl\/index.php?rest_route=\/wp\/v2\/posts\/47231","targetHints":{"allow":["GET"]}}],"collection":[{"href":"https:\/\/radiorevelacionfm.cl\/index.php?rest_route=\/wp\/v2\/posts"}],"about":[{"href":"https:\/\/radiorevelacionfm.cl\/index.php?rest_route=\/wp\/v2\/types\/post"}],"author":[{"embeddable":true,"href":"https:\/\/radiorevelacionfm.cl\/index.php?rest_route=\/wp\/v2\/users\/1"}],"replies":[{"embeddable":true,"href":"https:\/\/radiorevelacionfm.cl\/index.php?rest_route=%2Fwp%2Fv2%2Fcomments&post=47231"}],"version-history":[{"count":2,"href":"https:\/\/radiorevelacionfm.cl\/index.php?rest_route=\/wp\/v2\/posts\/47231\/revisions"}],"predecessor-version":[{"id":47234,"href":"https:\/\/radiorevelacionfm.cl\/index.php?rest_route=\/wp\/v2\/posts\/47231\/revisions\/47234"}],"wp:featuredmedia":[{"embeddable":true,"href":"https:\/\/radiorevelacionfm.cl\/index.php?rest_route=\/wp\/v2\/media\/19537"}],"wp:attachment":[{"href":"https:\/\/radiorevelacionfm.cl\/index.php?rest_route=%2Fwp%2Fv2%2Fmedia&parent=47231"}],"wp:term":[{"taxonomy":"category","embeddable":true,"href":"https:\/\/radiorevelacionfm.cl\/index.php?rest_route=%2Fwp%2Fv2%2Fcategories&post=47231"},{"taxonomy":"post_tag","embeddable":true,"href":"https:\/\/radiorevelacionfm.cl\/index.php?rest_route=%2Fwp%2Fv2%2Ftags&post=47231"}],"curies":[{"name":"wp","href":"https:\/\/api.w.org\/{rel}","templated":true}]}}