{"id":47224,"date":"2024-10-18T14:54:56","date_gmt":"2024-10-18T17:54:56","guid":{"rendered":"https:\/\/radiorevelacionfm.cl\/?p=47224"},"modified":"2024-10-18T14:54:56","modified_gmt":"2024-10-18T17:54:56","slug":"diputado-calisto-y-dirigentes-de-las-tomas-de-coyhaique-piden-agilizar-tramitacion-para-concretar-compra-de-terreno","status":"publish","type":"post","link":"https:\/\/radiorevelacionfm.cl\/?p=47224","title":{"rendered":"Diputado Calisto y dirigentes de las tomas de Coyhaique piden agilizar tramitaci\u00f3n para concretar compra de terreno"},"content":{"rendered":"<div class=\"flex_column av_one_full  flex_column_div av-zero-column-padding first  avia-builder-el-0  el_before_av_one_full  avia-builder-el-first  \" style='border-radius:0px; '><div  class='avia-image-container  av-styling-    avia-builder-el-1  avia-builder-el-no-sibling  avia-align-center '  itemprop=\"image\" itemscope=\"itemscope\" itemtype=\"https:\/\/schema.org\/ImageObject\"  ><div class='avia-image-container-inner'><div class='avia-image-overlay-wrap'><img decoding=\"async\" class='wp-image-47225 avia-img-lazy-loading-not-47225 avia_image' src=\"https:\/\/radiorevelacionfm.cl\/wp-content\/uploads\/2024\/10\/foto-comitE-tomas-1-1_optimized-1.jpeg\" alt='' title='foto-comit\u00c9-tomas-(1)-(1)_optimized (1)' height=\"600\" width=\"800\"  itemprop=\"thumbnailUrl\" srcset=\"https:\/\/radiorevelacionfm.cl\/wp-content\/uploads\/2024\/10\/foto-comitE-tomas-1-1_optimized-1.jpeg 800w, https:\/\/radiorevelacionfm.cl\/wp-content\/uploads\/2024\/10\/foto-comitE-tomas-1-1_optimized-1-300x225.jpeg 300w, https:\/\/radiorevelacionfm.cl\/wp-content\/uploads\/2024\/10\/foto-comitE-tomas-1-1_optimized-1-768x576.jpeg 768w, https:\/\/radiorevelacionfm.cl\/wp-content\/uploads\/2024\/10\/foto-comitE-tomas-1-1_optimized-1-705x529.jpeg 705w, https:\/\/radiorevelacionfm.cl\/wp-content\/uploads\/2024\/10\/foto-comitE-tomas-1-1_optimized-1-450x338.jpeg 450w, https:\/\/radiorevelacionfm.cl\/wp-content\/uploads\/2024\/10\/foto-comitE-tomas-1-1_optimized-1-600x450.jpeg 600w\" sizes=\"(max-width: 800px) 100vw, 800px\" \/><\/div><\/div><\/div><\/div><div class=\"flex_column av_one_full  flex_column_div av-zero-column-padding first  avia-builder-el-2  el_after_av_one_full  el_before_av_one_full  column-top-margin\" style='border-radius:0px; '><section class=\"av_textblock_section \"  itemscope=\"itemscope\" itemtype=\"https:\/\/schema.org\/BlogPosting\" itemprop=\"blogPost\" ><div class='avia_textblock  '   itemprop=\"text\" ><p style=\"text-align: center;\"><span style=\"font-size: 18pt;\"><b><span lang=\"ES-CL\">Diputado Calisto y dirigentes de las tomas de Coyhaique piden agilizar tramitaci\u00f3n para concretar compra de terreno<\/span><\/b><\/span><\/p>\n<div id=\"gtx-trans\" style=\"position: absolute; left: -50px; top: 4.31534px;\">\n<div class=\"gtx-trans-icon\"><\/div>\n<\/div>\n<\/div><\/section><\/div><div class=\"flex_column av_one_full  flex_column_div av-zero-column-padding first  avia-builder-el-4  el_after_av_one_full  el_before_av_hr  column-top-margin\" style='border-radius:0px; '><section class=\"av_textblock_section \"  itemscope=\"itemscope\" itemtype=\"https:\/\/schema.org\/BlogPosting\" itemprop=\"blogPost\" ><div class='avia_textblock  '   itemprop=\"text\" ><p style=\"font-weight: 400; text-align: justify;\">El diputado Miguel \u00c1ngel Calisto junto a dirigentes de los comit\u00e9s de las tomas de Coyhaique se reunieron con autoridades del Serviu, instancia donde plantearon la necesidad de agilizar la tramitaci\u00f3n para concretar la compra del terreno que permitir\u00e1 a estas familias construir sus viviendas definitivas.<\/p>\n<p style=\"font-weight: 400; text-align: justify;\">Existe un compromiso de compraventa de un terreno de propiedad del Vicariato Apost\u00f3lico de Ays\u00e9n ubicado en la parte alta de Coyhaique, y que permitir\u00e1 dar una soluci\u00f3n habitacional definitiva a estas familias que viven en los sectores del galp\u00f3n municipal y en la calle Err\u00e1zuriz de la Capital Regional. Adem\u00e1s, se determin\u00f3 establecer una mesa de trabajo mensual con el fin de seguir concretando avances.<\/p>\n<p style=\"font-weight: 400; text-align: justify;\">Seg\u00fan el diputado Miguel \u00c1ngel Calisto \u201ccreo que es fundamental que nosotros podamos erradicar a estos campamentos que han vivido en precariedad durante tanto tiempo. Ellos son discriminados, sufren permanentemente de violencia y la verdad es que esta situaci\u00f3n ya no puede seguir ocurriendo tomando en cuenta que hay ni\u00f1os, hay familias que est\u00e1n viviendo en hacinamiento y con bajas temperaturas\u201d.<\/p>\n<p style=\"font-weight: 400; text-align: justify;\">\u201cPor eso es que estamos trabajando con ello y tambi\u00e9n con el Serviu respecto a un compromiso de compraventa que ya est\u00e1 confirmado. Tuvimos una reuni\u00f3n donde ya se nos confirm\u00f3 que hay un compromiso de compraventa con un terreno del Vicariato Apost\u00f3lico de Ays\u00e9n y tambi\u00e9n de algunos privados que est\u00e1n en el sector alto de tal manera que ah\u00ed se les puedan construir sus viviendas definitivas\u201d, indic\u00f3.<\/p>\n<p style=\"font-weight: 400; text-align: justify;\">El legislador se\u00f1al\u00f3 que \u201cestamos en un paso bastante avanzado, trabajando tambi\u00e9n con la entidad t\u00e9cnica que es Cinta para poder acelerar r\u00e1pidamente la construcci\u00f3n de sus viviendas y sacar a las familias de estos campamentos\u201d.<\/p>\n<p style=\"font-weight: 400; text-align: justify;\">Por su parte, Ana Santana, dirigenta de estos comit\u00e9s, asegur\u00f3 que \u201cse nos hab\u00eda metido mucho ya, no ten\u00edamos respaldo, no ten\u00edamos nada con el crecimiento del terreno. Bueno, tuvimos una reuni\u00f3n aqu\u00ed, ya se nos firm\u00f3 un documento en el cual tenemos fecha para empezar la mesa de trabajo, para empezar a organizarnos ya con el tema de la vivienda\u201d.<\/p>\n<p style=\"font-weight: 400; text-align: justify;\">Finalmente, la dirigenta asegur\u00f3 que \u201ctambi\u00e9n tenemos el terreno del Vicariato. Se van a gestionar las fechas, donde se va a entregar la documentaci\u00f3n a la ETP para que empiecen ellos a trabajar conjunto con nosotros. Eso ser\u00eda y nosotros aqu\u00ed estamos ya con la carta de compromiso que tenemos hoy en d\u00eda en mano para que se empiecen a trabajar con nosotros\u201d.<\/p>\n<\/div><\/section><\/div><div  style='height:50px' class='hr hr-invisible   avia-builder-el-6  el_after_av_one_full  el_before_av_social_share '><span class='hr-inner ' ><span class='hr-inner-style'><\/span><\/span><\/div><\/p>\n<div  class='av-social-sharing-box  avia-builder-el-7  el_after_av_hr  el_before_av_hr  '><div class='av-share-box'><h5 class='av-share-link-description av-no-toc '>Compartir esta noticia<\/h5><ul class='av-share-box-list noLightbox'><li class='av-share-link av-social-link-facebook' ><a target=\"_blank\" aria-label=\"Compartir en Facebook\" href='https:\/\/www.facebook.com\/sharer.php?u=https:\/\/radiorevelacionfm.cl\/?p=47224&#038;t=Diputado%20Calisto%20y%20dirigentes%20de%20las%20tomas%20de%20Coyhaique%20piden%20agilizar%20tramitaci%C3%B3n%20para%20concretar%20compra%20de%20terreno' aria-hidden='false' data-av_icon='\ue8f3' data-av_iconfont='entypo-fontello' title='' data-avia-related-tooltip='Compartir en Facebook' rel=\"noopener\"><span class='avia_hidden_link_text'>Compartir en Facebook<\/span><\/a><\/li><li class='av-share-link av-social-link-twitter' ><a target=\"_blank\" aria-label=\"Compartir en Twitter\" href='https:\/\/twitter.com\/share?text=Diputado%20Calisto%20y%20dirigentes%20de%20las%20tomas%20de%20Coyhaique%20piden%20agilizar%20tramitaci%C3%B3n%20para%20concretar%20compra%20de%20terreno&#038;url=https:\/\/radiorevelacionfm.cl\/?p=47224' aria-hidden='false' data-av_icon='\ue8f1' data-av_iconfont='entypo-fontello' title='' data-avia-related-tooltip='Compartir en Twitter' rel=\"noopener\"><span class='avia_hidden_link_text'>Compartir en Twitter<\/span><\/a><\/li><li class='av-share-link av-social-link-whatsapp' ><a target=\"_blank\" aria-label=\"Compartir en Whatsapp\" href='https:\/\/api.whatsapp.com\/send?text=https:\/\/radiorevelacionfm.cl\/?p=47224' aria-hidden='false' data-av_icon='\uf232' data-av_iconfont='entypo-fontello' title='' data-avia-related-tooltip='Compartir en Whatsapp' rel=\"noopener\"><span class='avia_hidden_link_text'>Compartir en Whatsapp<\/span><\/a><\/li><li class='av-share-link av-social-link-linkedin' ><a target=\"_blank\" aria-label=\"Compartir en LinkedIn\" href='https:\/\/linkedin.com\/shareArticle?mini=true&#038;title=Diputado%20Calisto%20y%20dirigentes%20de%20las%20tomas%20de%20Coyhaique%20piden%20agilizar%20tramitaci%C3%B3n%20para%20concretar%20compra%20de%20terreno&#038;url=https:\/\/radiorevelacionfm.cl\/?p=47224' aria-hidden='false' data-av_icon='\ue8fc' data-av_iconfont='entypo-fontello' title='' data-avia-related-tooltip='Compartir en LinkedIn' rel=\"noopener\"><span class='avia_hidden_link_text'>Compartir en LinkedIn<\/span><\/a><\/li><li class='av-share-link av-social-link-mail' ><a  aria-label=\"Compartir por correo\" href='mailto:?subject=Diputado%20Calisto%20y%20dirigentes%20de%20las%20tomas%20de%20Coyhaique%20piden%20agilizar%20tramitaci%C3%B3n%20para%20concretar%20compra%20de%20terreno&#038;body=https:\/\/radiorevelacionfm.cl\/?p=47224' aria-hidden='false' data-av_icon='\ue805' data-av_iconfont='entypo-fontello' title='' data-avia-related-tooltip='Compartir por correo'><span class='avia_hidden_link_text'>Compartir por correo<\/span><\/a><\/li><\/ul><\/div><\/div>\n<div  style='height:50px' class='hr hr-invisible   avia-builder-el-8  el_after_av_social_share  el_before_av_comments_list '><span class='hr-inner ' ><span class='hr-inner-style'><\/span><\/span><\/div>\n<div  class='av-buildercomment  av-blog-meta-html-info-disabled av-blog-meta-tag-disabled  '><\/div>\n","protected":false},"excerpt":{"rendered":"","protected":false},"author":1,"featured_media":47225,"comment_status":"open","ping_status":"open","sticky":false,"template":"","format":"standard","meta":{"footnotes":""},"categories":[35],"tags":[],"class_list":["post-47224","post","type-post","status-publish","format-standard","has-post-thumbnail","hentry","category-politica"],"jetpack_featured_media_url":"https:\/\/radiorevelacionfm.cl\/wp-content\/uploads\/2024\/10\/foto-comitE-tomas-1-1_optimized-1.jpeg","_links":{"self":[{"href":"https:\/\/radiorevelacionfm.cl\/index.php?rest_route=\/wp\/v2\/posts\/47224","targetHints":{"allow":["GET"]}}],"collection":[{"href":"https:\/\/radiorevelacionfm.cl\/index.php?rest_route=\/wp\/v2\/posts"}],"about":[{"href":"https:\/\/radiorevelacionfm.cl\/index.php?rest_route=\/wp\/v2\/types\/post"}],"author":[{"embeddable":true,"href":"https:\/\/radiorevelacionfm.cl\/index.php?rest_route=\/wp\/v2\/users\/1"}],"replies":[{"embeddable":true,"href":"https:\/\/radiorevelacionfm.cl\/index.php?rest_route=%2Fwp%2Fv2%2Fcomments&post=47224"}],"version-history":[{"count":1,"href":"https:\/\/radiorevelacionfm.cl\/index.php?rest_route=\/wp\/v2\/posts\/47224\/revisions"}],"predecessor-version":[{"id":47226,"href":"https:\/\/radiorevelacionfm.cl\/index.php?rest_route=\/wp\/v2\/posts\/47224\/revisions\/47226"}],"wp:featuredmedia":[{"embeddable":true,"href":"https:\/\/radiorevelacionfm.cl\/index.php?rest_route=\/wp\/v2\/media\/47225"}],"wp:attachment":[{"href":"https:\/\/radiorevelacionfm.cl\/index.php?rest_route=%2Fwp%2Fv2%2Fmedia&parent=47224"}],"wp:term":[{"taxonomy":"category","embeddable":true,"href":"https:\/\/radiorevelacionfm.cl\/index.php?rest_route=%2Fwp%2Fv2%2Fcategories&post=47224"},{"taxonomy":"post_tag","embeddable":true,"href":"https:\/\/radiorevelacionfm.cl\/index.php?rest_route=%2Fwp%2Fv2%2Ftags&post=47224"}],"curies":[{"name":"wp","href":"https:\/\/api.w.org\/{rel}","templated":true}]}}