{"id":47218,"date":"2024-10-18T11:59:40","date_gmt":"2024-10-18T14:59:40","guid":{"rendered":"https:\/\/radiorevelacionfm.cl\/?p=47218"},"modified":"2024-10-18T11:59:40","modified_gmt":"2024-10-18T14:59:40","slug":"inia-realizo-dia-de-campo-en-chile-chico-con-taller-practico-sobre-la-poda-de-vid","status":"publish","type":"post","link":"https:\/\/radiorevelacionfm.cl\/?p=47218","title":{"rendered":"INIA realiz\u00f3 D\u00eda de Campo en Chile Chico con Taller Pr\u00e1ctico sobre la Poda de Vid"},"content":{"rendered":"<div class=\"flex_column av_one_full  flex_column_div av-zero-column-padding first  avia-builder-el-0  el_before_av_one_full  avia-builder-el-first  \" style='border-radius:0px; '><div  class='avia-image-container  av-styling-    avia-builder-el-1  avia-builder-el-no-sibling  avia-align-center '  itemprop=\"image\" itemscope=\"itemscope\" itemtype=\"https:\/\/schema.org\/ImageObject\"  ><div class='avia-image-container-inner'><div class='avia-image-overlay-wrap'><img decoding=\"async\" class='wp-image-47219 avia-img-lazy-loading-not-47219 avia_image' src=\"https:\/\/radiorevelacionfm.cl\/wp-content\/uploads\/2024\/10\/1-2024-10-18t111455_optimized.858-1-1.jpg\" alt='' title='1 - -2024-10-18t111455_optimized.858-(1)-(1)' height=\"700\" width=\"801\"  itemprop=\"thumbnailUrl\" srcset=\"https:\/\/radiorevelacionfm.cl\/wp-content\/uploads\/2024\/10\/1-2024-10-18t111455_optimized.858-1-1.jpg 801w, https:\/\/radiorevelacionfm.cl\/wp-content\/uploads\/2024\/10\/1-2024-10-18t111455_optimized.858-1-1-300x262.jpg 300w, https:\/\/radiorevelacionfm.cl\/wp-content\/uploads\/2024\/10\/1-2024-10-18t111455_optimized.858-1-1-768x671.jpg 768w, https:\/\/radiorevelacionfm.cl\/wp-content\/uploads\/2024\/10\/1-2024-10-18t111455_optimized.858-1-1-705x616.jpg 705w, https:\/\/radiorevelacionfm.cl\/wp-content\/uploads\/2024\/10\/1-2024-10-18t111455_optimized.858-1-1-450x393.jpg 450w, https:\/\/radiorevelacionfm.cl\/wp-content\/uploads\/2024\/10\/1-2024-10-18t111455_optimized.858-1-1-600x524.jpg 600w\" sizes=\"(max-width: 801px) 100vw, 801px\" \/><\/div><\/div><\/div><\/div><div class=\"flex_column av_one_full  flex_column_div av-zero-column-padding first  avia-builder-el-2  el_after_av_one_full  el_before_av_one_full  column-top-margin\" style='border-radius:0px; '><section class=\"av_textblock_section \"  itemscope=\"itemscope\" itemtype=\"https:\/\/schema.org\/BlogPosting\" itemprop=\"blogPost\" ><div class='avia_textblock  '   itemprop=\"text\" ><p style=\"text-align: center;\"><strong><span style=\"font-size: 18pt;\">INIA realiz\u00f3 D\u00eda de Campo en Chile Chico con Taller Pr\u00e1ctico sobre la Poda de Vid<\/span><\/strong><\/p>\n<div id=\"gtx-trans\" style=\"position: absolute; left: -50px; top: 4.31534px;\">\n<div class=\"gtx-trans-icon\"><\/div>\n<\/div>\n<\/div><\/section><\/div><div class=\"flex_column av_one_full  flex_column_div av-zero-column-padding first  avia-builder-el-4  el_after_av_one_full  el_before_av_hr  column-top-margin\" style='border-radius:0px; '><section class=\"av_textblock_section \"  itemscope=\"itemscope\" itemtype=\"https:\/\/schema.org\/BlogPosting\" itemprop=\"blogPost\" ><div class='avia_textblock  '   itemprop=\"text\" ><p style=\"text-align: justify;\">En el marco de las actividades de extensi\u00f3n el Instituto de Investigaciones Agropecuarias (INIA), realiz\u00f3 un D\u00eda de Campo centrado en la poda del cultivo de la vid. El evento, realizado en la oficina t\u00e9cnica de INIA Tamel Aike en Chile Chico, congreg\u00f3 a una importante cantidad de productores y productoras hortofrut\u00edcolas de la comuna, quienes participaron activamente en un taller te\u00f3rico-pr\u00e1ctico destinado a capacitar sobre la poda de formaci\u00f3n y producci\u00f3n, adem\u00e1s de una demostraci\u00f3n sobre la plantaci\u00f3n de una planta de vid.<\/p>\n<p style=\"text-align: justify;\">Los asistentes al taller pudieron aprender t\u00e9cnicas fundamentales para mejorar la gesti\u00f3n del cultivo de la vid, un rubro que ha tomado relevancia en la zona desde que el\u00a0 2016 el INIA ha impulsado diversas investigaciones en vitivinicultura en Chile Chico, logrando establecer vi\u00f1edos con variedades de uvas blancas y tintas, como Pinot noir y Chardonnay, reconocidas por su potencial enol\u00f3gico y comercial. Un hito importante en este desarrollo fue la primera Expo Vendimia m\u00e1s austral del mundo, celebrada en abril de 2024 en el marco de los 60 a\u00f1os de INIA, donde se destacaron los avances en la producci\u00f3n de vino.<\/p>\n<p style=\"text-align: justify;\">Una de las participantes, Macarena Henr\u00edquez, agradeci\u00f3 la oportunidad de asistir: \u00abEstoy muy agradecida de la invitaci\u00f3n de INIA\u00a0 para participar en la poda y plantaci\u00f3n. Nos ense\u00f1aron de todo un poco, desde el abono hasta c\u00f3mo se realizan las podas. Fue muy interesante aprender sobre este proceso\u00bb, se\u00f1al\u00f3.<\/p>\n<p style=\"text-align: justify;\">La actividad fue impulsada por el equipo de frutales y vides de INIA Tamel Aike, integrado por Diego Arriabillaga, Elmo Pacheco y Felipe Cea. Diego Arribillaga, coordinador de la actividad, destac\u00f3 que el principal objetivo del INIA es fortalecer la sostenibilidad del sector agroalimentario, mejorando la seguridad y soberan\u00eda alimentaria. \u00abEn este contexto, la producci\u00f3n vitivin\u00edcola contribuye a la diversificaci\u00f3n productiva, abriendo nuevas oportunidades econ\u00f3micas como el enoturismo y la producci\u00f3n de vinos de nicho\u00bb, sostuvo.<\/p>\n<p style=\"text-align: justify;\">Este taller refuerza el compromiso de INIA del Ministerio de Agricultura con la diversificaci\u00f3n productiva y el desarrollo sostenible en la Regi\u00f3n de Ays\u00e9n, consolidando nuevas alternativas econ\u00f3micas para los productores locales, especialmente en la cuenca del Lago General Carrera.<\/p>\n<\/div><\/section><\/div><div  style='height:50px' class='hr hr-invisible   avia-builder-el-6  el_after_av_one_full  el_before_av_social_share '><span class='hr-inner ' ><span class='hr-inner-style'><\/span><\/span><\/div><\/p>\n<div  class='av-social-sharing-box  avia-builder-el-7  el_after_av_hr  el_before_av_hr  '><div class='av-share-box'><h5 class='av-share-link-description av-no-toc '>Compartir esta noticia<\/h5><ul class='av-share-box-list noLightbox'><li class='av-share-link av-social-link-facebook' ><a target=\"_blank\" aria-label=\"Compartir en Facebook\" href='https:\/\/www.facebook.com\/sharer.php?u=https:\/\/radiorevelacionfm.cl\/?p=47218&#038;t=INIA%20realiz%C3%B3%20D%C3%ADa%20de%20Campo%20en%20Chile%20Chico%20con%20Taller%20Pr%C3%A1ctico%20sobre%20la%20Poda%20de%20Vid' aria-hidden='false' data-av_icon='\ue8f3' data-av_iconfont='entypo-fontello' title='' data-avia-related-tooltip='Compartir en Facebook' rel=\"noopener\"><span class='avia_hidden_link_text'>Compartir en Facebook<\/span><\/a><\/li><li class='av-share-link av-social-link-twitter' ><a target=\"_blank\" aria-label=\"Compartir en Twitter\" href='https:\/\/twitter.com\/share?text=INIA%20realiz%C3%B3%20D%C3%ADa%20de%20Campo%20en%20Chile%20Chico%20con%20Taller%20Pr%C3%A1ctico%20sobre%20la%20Poda%20de%20Vid&#038;url=https:\/\/radiorevelacionfm.cl\/?p=47218' aria-hidden='false' data-av_icon='\ue8f1' data-av_iconfont='entypo-fontello' title='' data-avia-related-tooltip='Compartir en Twitter' rel=\"noopener\"><span class='avia_hidden_link_text'>Compartir en Twitter<\/span><\/a><\/li><li class='av-share-link av-social-link-whatsapp' ><a target=\"_blank\" aria-label=\"Compartir en Whatsapp\" href='https:\/\/api.whatsapp.com\/send?text=https:\/\/radiorevelacionfm.cl\/?p=47218' aria-hidden='false' data-av_icon='\uf232' data-av_iconfont='entypo-fontello' title='' data-avia-related-tooltip='Compartir en Whatsapp' rel=\"noopener\"><span class='avia_hidden_link_text'>Compartir en Whatsapp<\/span><\/a><\/li><li class='av-share-link av-social-link-linkedin' ><a target=\"_blank\" aria-label=\"Compartir en LinkedIn\" href='https:\/\/linkedin.com\/shareArticle?mini=true&#038;title=INIA%20realiz%C3%B3%20D%C3%ADa%20de%20Campo%20en%20Chile%20Chico%20con%20Taller%20Pr%C3%A1ctico%20sobre%20la%20Poda%20de%20Vid&#038;url=https:\/\/radiorevelacionfm.cl\/?p=47218' aria-hidden='false' data-av_icon='\ue8fc' data-av_iconfont='entypo-fontello' title='' data-avia-related-tooltip='Compartir en LinkedIn' rel=\"noopener\"><span class='avia_hidden_link_text'>Compartir en LinkedIn<\/span><\/a><\/li><li class='av-share-link av-social-link-mail' ><a  aria-label=\"Compartir por correo\" href='mailto:?subject=INIA%20realiz%C3%B3%20D%C3%ADa%20de%20Campo%20en%20Chile%20Chico%20con%20Taller%20Pr%C3%A1ctico%20sobre%20la%20Poda%20de%20Vid&#038;body=https:\/\/radiorevelacionfm.cl\/?p=47218' aria-hidden='false' data-av_icon='\ue805' data-av_iconfont='entypo-fontello' title='' data-avia-related-tooltip='Compartir por correo'><span class='avia_hidden_link_text'>Compartir por correo<\/span><\/a><\/li><\/ul><\/div><\/div>\n<div  style='height:50px' class='hr hr-invisible   avia-builder-el-8  el_after_av_social_share  el_before_av_comments_list '><span class='hr-inner ' ><span class='hr-inner-style'><\/span><\/span><\/div>\n<div  class='av-buildercomment  av-blog-meta-html-info-disabled av-blog-meta-tag-disabled  '><\/div>\n","protected":false},"excerpt":{"rendered":"","protected":false},"author":1,"featured_media":47219,"comment_status":"open","ping_status":"open","sticky":false,"template":"","format":"standard","meta":{"footnotes":""},"categories":[58],"tags":[],"class_list":["post-47218","post","type-post","status-publish","format-standard","has-post-thumbnail","hentry","category-agricultura"],"jetpack_featured_media_url":"https:\/\/radiorevelacionfm.cl\/wp-content\/uploads\/2024\/10\/1-2024-10-18t111455_optimized.858-1-1.jpg","_links":{"self":[{"href":"https:\/\/radiorevelacionfm.cl\/index.php?rest_route=\/wp\/v2\/posts\/47218","targetHints":{"allow":["GET"]}}],"collection":[{"href":"https:\/\/radiorevelacionfm.cl\/index.php?rest_route=\/wp\/v2\/posts"}],"about":[{"href":"https:\/\/radiorevelacionfm.cl\/index.php?rest_route=\/wp\/v2\/types\/post"}],"author":[{"embeddable":true,"href":"https:\/\/radiorevelacionfm.cl\/index.php?rest_route=\/wp\/v2\/users\/1"}],"replies":[{"embeddable":true,"href":"https:\/\/radiorevelacionfm.cl\/index.php?rest_route=%2Fwp%2Fv2%2Fcomments&post=47218"}],"version-history":[{"count":1,"href":"https:\/\/radiorevelacionfm.cl\/index.php?rest_route=\/wp\/v2\/posts\/47218\/revisions"}],"predecessor-version":[{"id":47220,"href":"https:\/\/radiorevelacionfm.cl\/index.php?rest_route=\/wp\/v2\/posts\/47218\/revisions\/47220"}],"wp:featuredmedia":[{"embeddable":true,"href":"https:\/\/radiorevelacionfm.cl\/index.php?rest_route=\/wp\/v2\/media\/47219"}],"wp:attachment":[{"href":"https:\/\/radiorevelacionfm.cl\/index.php?rest_route=%2Fwp%2Fv2%2Fmedia&parent=47218"}],"wp:term":[{"taxonomy":"category","embeddable":true,"href":"https:\/\/radiorevelacionfm.cl\/index.php?rest_route=%2Fwp%2Fv2%2Fcategories&post=47218"},{"taxonomy":"post_tag","embeddable":true,"href":"https:\/\/radiorevelacionfm.cl\/index.php?rest_route=%2Fwp%2Fv2%2Ftags&post=47218"}],"curies":[{"name":"wp","href":"https:\/\/api.w.org\/{rel}","templated":true}]}}