{"id":47210,"date":"2024-10-17T20:41:57","date_gmt":"2024-10-17T23:41:57","guid":{"rendered":"https:\/\/radiorevelacionfm.cl\/?p=47210"},"modified":"2024-10-17T20:41:57","modified_gmt":"2024-10-17T23:41:57","slug":"fiscalia-logra-18-anos-de-condena-para-imputado-que-cometio-delitos-sexuales-en-contra-de-su-hija","status":"publish","type":"post","link":"https:\/\/radiorevelacionfm.cl\/?p=47210","title":{"rendered":"Fiscal\u00eda logra 18 a\u00f1os de condena para imputado que cometi\u00f3 delitos sexuales en contra de su hija"},"content":{"rendered":"<div class=\"flex_column av_one_full  flex_column_div av-zero-column-padding first  avia-builder-el-0  el_before_av_one_full  avia-builder-el-first  \" style='border-radius:0px; '><div  class='avia-image-container  av-styling-    avia-builder-el-1  avia-builder-el-no-sibling  avia-align-center '  itemprop=\"image\" itemscope=\"itemscope\" itemtype=\"https:\/\/schema.org\/ImageObject\"  ><div class='avia-image-container-inner'><div class='avia-image-overlay-wrap'><img decoding=\"async\" class='wp-image-47211 avia-img-lazy-loading-not-47211 avia_image' src=\"https:\/\/radiorevelacionfm.cl\/wp-content\/uploads\/2024\/10\/Fiscal_Contreras-1-1.jpg\" alt='' title='Fiscal_Contreras (1) (1)' height=\"600\" width=\"923\"  itemprop=\"thumbnailUrl\" srcset=\"https:\/\/radiorevelacionfm.cl\/wp-content\/uploads\/2024\/10\/Fiscal_Contreras-1-1.jpg 923w, https:\/\/radiorevelacionfm.cl\/wp-content\/uploads\/2024\/10\/Fiscal_Contreras-1-1-300x195.jpg 300w, https:\/\/radiorevelacionfm.cl\/wp-content\/uploads\/2024\/10\/Fiscal_Contreras-1-1-768x499.jpg 768w, https:\/\/radiorevelacionfm.cl\/wp-content\/uploads\/2024\/10\/Fiscal_Contreras-1-1-705x458.jpg 705w, https:\/\/radiorevelacionfm.cl\/wp-content\/uploads\/2024\/10\/Fiscal_Contreras-1-1-450x293.jpg 450w, https:\/\/radiorevelacionfm.cl\/wp-content\/uploads\/2024\/10\/Fiscal_Contreras-1-1-600x390.jpg 600w\" sizes=\"(max-width: 923px) 100vw, 923px\" \/><\/div><\/div><\/div><\/div><div class=\"flex_column av_one_full  flex_column_div av-zero-column-padding first  avia-builder-el-2  el_after_av_one_full  el_before_av_one_full  column-top-margin\" style='border-radius:0px; '><section class=\"av_textblock_section \"  itemscope=\"itemscope\" itemtype=\"https:\/\/schema.org\/BlogPosting\" itemprop=\"blogPost\" ><div class='avia_textblock  '   itemprop=\"text\" ><p style=\"text-align: center;\"><span style=\"font-size: 18pt;\"><b>Fiscal\u00eda logra 18 a\u00f1os de condena para imputado que cometi\u00f3 delitos sexuales en contra de su hija<\/b><\/span><\/p>\n<div id=\"gtx-trans\" style=\"position: absolute; left: -50px; top: 4.31534px;\">\n<div class=\"gtx-trans-icon\"><\/div>\n<\/div>\n<\/div><\/section><\/div><div class=\"flex_column av_one_full  flex_column_div av-zero-column-padding first  avia-builder-el-4  el_after_av_one_full  el_before_av_hr  column-top-margin\" style='border-radius:0px; '><section class=\"av_textblock_section \"  itemscope=\"itemscope\" itemtype=\"https:\/\/schema.org\/BlogPosting\" itemprop=\"blogPost\" ><div class='avia_textblock  '   itemprop=\"text\" ><p style=\"font-weight: 400; text-align: justify;\"><em>Hechos ocurrieron entre los a\u00f1os 2019 y 2020 en un domicilio de Coyhaique.<\/em><\/p>\n<p style=\"font-weight: 400; text-align: justify;\">Tras una acusaci\u00f3n presentada por la Fiscal\u00eda Local de Coyhaique, fue condenado un imputado de 35 a\u00f1os como autor del delito de violaci\u00f3n y abuso sexual en contra de su hija quien ten\u00eda 11 a\u00f1os al momento de los hechos, los cuales ocurrieron entre los a\u00f1os 2019 y 2020. El imputado fue sentenciado a la pena de 18 a\u00f1os de presidio mayor en su grado m\u00e1ximo, los cuales deber\u00e1 cumplir en la c\u00e1rcel.<\/p>\n<p style=\"font-weight: 400; text-align: justify;\">El fiscal Luis Contreras, quien lider\u00f3 la investigaci\u00f3n del caso, explic\u00f3 que \u201clos hechos del juicio que fueron conocidos por el Tribunal Oral en lo Penal de Coyhaique, dan cuenta de una situaci\u00f3n de abuso sexual y violaci\u00f3n que ocurri\u00f3 entre los a\u00f1os 2019 y 2020 en un domicilio de esta ciudad de Coyhaique. El autor de estos hechos es el padre de la v\u00edctima, quien ten\u00eda 11 a\u00f1os a esa \u00e9poca\u201d.<\/p>\n<p style=\"font-weight: 400; text-align: justify;\">El persecutor penal a\u00f1adi\u00f3 que \u201cla ni\u00f1a, a su vez, tiene una situaci\u00f3n de vulnerabilidad que fue constatada por las pericias que realiz\u00f3 el Servicio M\u00e9dico Legal. Durante la tramitaci\u00f3n de la causa contamos con el apoyo de la Brigada de Delitos Sexuales de la PDI, el Servicio M\u00e9dico Legal, el Centro de Apoyo a V\u00edctimas de Delitos Violentos y, en definitiva, se logr\u00f3 acreditar, m\u00e1s all\u00e1 de cualquier duda razonable, la autor\u00eda del padre respecto de abusos sexuales y violaci\u00f3n en contra de su hija, siendo condenado a la pena de 18 a\u00f1os de presidio mayor en grado m\u00e1ximo\u201d. En este caso, tambi\u00e9n prest\u00f3 colaboraci\u00f3n la Unidad de Atenci\u00f3n a V\u00edctimas y Testigos de la Fiscal\u00eda.<\/p>\n<p style=\"font-weight: 400; text-align: justify;\">DENUNCIAS<\/p>\n<p style=\"font-weight: 400; text-align: justify;\">Sobre el proceso investigativo, el fiscal Contreras coment\u00f3 que \u201cesta denuncia nos recuerda la importancia de que se den a conocer los hechos que afectan a ni\u00f1os, ni\u00f1as y adolescentes. Muchas veces nos vamos a encontrar con situaciones en las cuales la \u201cnotitia criminis\u201d, el hecho propiamente tal, puede estar en duda de parte de la persona que recibe la primera informaci\u00f3n. No importa, hagamos la denuncia igual y dejemos que los entrevistadores acreditados de acuerdo a la Ley de Entrevista Videograbada, puedan conversar con las v\u00edctimas y extraer la informaci\u00f3n necesaria que posteriormente se lleva a juicio\u201d.<\/p>\n<p style=\"font-weight: 400; text-align: justify;\">El abogado agreg\u00f3 que \u201cen este caso, fue relevante la entrevista videograbada que se desarroll\u00f3 en dependencias de la Fiscal\u00eda, en la cual la v\u00edctima pudo contar en un entorno protegido todo aquello que la afect\u00f3\u201d.<\/p>\n<\/div><\/section><\/div><div  style='height:50px' class='hr hr-invisible   avia-builder-el-6  el_after_av_one_full  el_before_av_social_share '><span class='hr-inner ' ><span class='hr-inner-style'><\/span><\/span><\/div><\/p>\n<div  class='av-social-sharing-box  avia-builder-el-7  el_after_av_hr  el_before_av_hr  '><div class='av-share-box'><h5 class='av-share-link-description av-no-toc '>Compartir esta noticia<\/h5><ul class='av-share-box-list noLightbox'><li class='av-share-link av-social-link-facebook' ><a target=\"_blank\" aria-label=\"Compartir en Facebook\" href='https:\/\/www.facebook.com\/sharer.php?u=https:\/\/radiorevelacionfm.cl\/?p=47210&#038;t=Fiscal%C3%ADa%20logra%2018%20a%C3%B1os%20de%20condena%20para%20imputado%20que%20cometi%C3%B3%20delitos%20sexuales%20en%20contra%20de%20su%20hija' aria-hidden='false' data-av_icon='\ue8f3' data-av_iconfont='entypo-fontello' title='' data-avia-related-tooltip='Compartir en Facebook' rel=\"noopener\"><span class='avia_hidden_link_text'>Compartir en Facebook<\/span><\/a><\/li><li class='av-share-link av-social-link-twitter' ><a target=\"_blank\" aria-label=\"Compartir en Twitter\" href='https:\/\/twitter.com\/share?text=Fiscal%C3%ADa%20logra%2018%20a%C3%B1os%20de%20condena%20para%20imputado%20que%20cometi%C3%B3%20delitos%20sexuales%20en%20contra%20de%20su%20hija&#038;url=https:\/\/radiorevelacionfm.cl\/?p=47210' aria-hidden='false' data-av_icon='\ue8f1' data-av_iconfont='entypo-fontello' title='' data-avia-related-tooltip='Compartir en Twitter' rel=\"noopener\"><span class='avia_hidden_link_text'>Compartir en Twitter<\/span><\/a><\/li><li class='av-share-link av-social-link-whatsapp' ><a target=\"_blank\" aria-label=\"Compartir en Whatsapp\" href='https:\/\/api.whatsapp.com\/send?text=https:\/\/radiorevelacionfm.cl\/?p=47210' aria-hidden='false' data-av_icon='\uf232' data-av_iconfont='entypo-fontello' title='' data-avia-related-tooltip='Compartir en Whatsapp' rel=\"noopener\"><span class='avia_hidden_link_text'>Compartir en Whatsapp<\/span><\/a><\/li><li class='av-share-link av-social-link-linkedin' ><a target=\"_blank\" aria-label=\"Compartir en LinkedIn\" href='https:\/\/linkedin.com\/shareArticle?mini=true&#038;title=Fiscal%C3%ADa%20logra%2018%20a%C3%B1os%20de%20condena%20para%20imputado%20que%20cometi%C3%B3%20delitos%20sexuales%20en%20contra%20de%20su%20hija&#038;url=https:\/\/radiorevelacionfm.cl\/?p=47210' aria-hidden='false' data-av_icon='\ue8fc' data-av_iconfont='entypo-fontello' title='' data-avia-related-tooltip='Compartir en LinkedIn' rel=\"noopener\"><span class='avia_hidden_link_text'>Compartir en LinkedIn<\/span><\/a><\/li><li class='av-share-link av-social-link-mail' ><a  aria-label=\"Compartir por correo\" href='mailto:?subject=Fiscal%C3%ADa%20logra%2018%20a%C3%B1os%20de%20condena%20para%20imputado%20que%20cometi%C3%B3%20delitos%20sexuales%20en%20contra%20de%20su%20hija&#038;body=https:\/\/radiorevelacionfm.cl\/?p=47210' aria-hidden='false' data-av_icon='\ue805' data-av_iconfont='entypo-fontello' title='' data-avia-related-tooltip='Compartir por correo'><span class='avia_hidden_link_text'>Compartir por correo<\/span><\/a><\/li><\/ul><\/div><\/div>\n<div  style='height:50px' class='hr hr-invisible   avia-builder-el-8  el_after_av_social_share  el_before_av_comments_list '><span class='hr-inner ' ><span class='hr-inner-style'><\/span><\/span><\/div>\n<div  class='av-buildercomment  av-blog-meta-html-info-disabled av-blog-meta-tag-disabled  '><\/div>\n","protected":false},"excerpt":{"rendered":"","protected":false},"author":1,"featured_media":47211,"comment_status":"open","ping_status":"open","sticky":false,"template":"","format":"standard","meta":{"footnotes":""},"categories":[55],"tags":[],"class_list":["post-47210","post","type-post","status-publish","format-standard","has-post-thumbnail","hentry","category-justicia"],"jetpack_featured_media_url":"https:\/\/radiorevelacionfm.cl\/wp-content\/uploads\/2024\/10\/Fiscal_Contreras-1-1.jpg","_links":{"self":[{"href":"https:\/\/radiorevelacionfm.cl\/index.php?rest_route=\/wp\/v2\/posts\/47210","targetHints":{"allow":["GET"]}}],"collection":[{"href":"https:\/\/radiorevelacionfm.cl\/index.php?rest_route=\/wp\/v2\/posts"}],"about":[{"href":"https:\/\/radiorevelacionfm.cl\/index.php?rest_route=\/wp\/v2\/types\/post"}],"author":[{"embeddable":true,"href":"https:\/\/radiorevelacionfm.cl\/index.php?rest_route=\/wp\/v2\/users\/1"}],"replies":[{"embeddable":true,"href":"https:\/\/radiorevelacionfm.cl\/index.php?rest_route=%2Fwp%2Fv2%2Fcomments&post=47210"}],"version-history":[{"count":1,"href":"https:\/\/radiorevelacionfm.cl\/index.php?rest_route=\/wp\/v2\/posts\/47210\/revisions"}],"predecessor-version":[{"id":47212,"href":"https:\/\/radiorevelacionfm.cl\/index.php?rest_route=\/wp\/v2\/posts\/47210\/revisions\/47212"}],"wp:featuredmedia":[{"embeddable":true,"href":"https:\/\/radiorevelacionfm.cl\/index.php?rest_route=\/wp\/v2\/media\/47211"}],"wp:attachment":[{"href":"https:\/\/radiorevelacionfm.cl\/index.php?rest_route=%2Fwp%2Fv2%2Fmedia&parent=47210"}],"wp:term":[{"taxonomy":"category","embeddable":true,"href":"https:\/\/radiorevelacionfm.cl\/index.php?rest_route=%2Fwp%2Fv2%2Fcategories&post=47210"},{"taxonomy":"post_tag","embeddable":true,"href":"https:\/\/radiorevelacionfm.cl\/index.php?rest_route=%2Fwp%2Fv2%2Ftags&post=47210"}],"curies":[{"name":"wp","href":"https:\/\/api.w.org\/{rel}","templated":true}]}}