{"id":4721,"date":"2021-05-31T17:32:23","date_gmt":"2021-05-31T20:32:23","guid":{"rendered":"https:\/\/radiorevelacionfm.cl\/?p=4721"},"modified":"2021-05-31T17:32:23","modified_gmt":"2021-05-31T20:32:23","slug":"autoridades-recepcionaron-casi-6-mil-dosis-de-vacunas-contra-el-covid-19","status":"publish","type":"post","link":"https:\/\/radiorevelacionfm.cl\/?p=4721","title":{"rendered":"Autoridades recepcionaron casi 6 mil dosis de vacunas contra el Covid-19"},"content":{"rendered":"<div class=\"flex_column av_one_full  flex_column_div av-zero-column-padding first  avia-builder-el-0  el_before_av_one_full  avia-builder-el-first  \" style='border-radius:0px; '><div  class='avia-image-container  av-styling-    avia-builder-el-1  avia-builder-el-no-sibling  avia-align-center '  itemprop=\"image\" itemscope=\"itemscope\" itemtype=\"https:\/\/schema.org\/ImageObject\"  ><div class='avia-image-container-inner'><div class='avia-image-overlay-wrap'><img decoding=\"async\" class='wp-image-0 avia-img-lazy-loading-not-0 avia_image' src=\"https:\/\/radiorevelacionfm.cl\/wp-content\/uploads\/2021\/05\/Vacunas-2.jpg\" alt='' title=''   itemprop=\"thumbnailUrl\"  \/><\/div><\/div><\/div><\/div><div class=\"flex_column av_one_full  flex_column_div av-zero-column-padding first  avia-builder-el-2  el_after_av_one_full  el_before_av_one_full  column-top-margin\" style='border-radius:0px; '><section class=\"av_textblock_section \"  itemscope=\"itemscope\" itemtype=\"https:\/\/schema.org\/BlogPosting\" itemprop=\"blogPost\" ><div class='avia_textblock  '   itemprop=\"text\" ><p style=\"text-align: center;\"><strong><span style=\"font-size: 18pt;\">Autoridades recepcionaron casi 6 mil dosis de vacunas contra el Covid-19<\/span><\/strong><\/p>\n<div id=\"gtx-trans\" style=\"position: absolute; left: -50px; top: 4.31534px;\">\n<div class=\"gtx-trans-icon\"><\/div>\n<\/div>\n<\/div><\/section><\/div><div class=\"flex_column av_one_full  flex_column_div av-zero-column-padding first  avia-builder-el-4  el_after_av_one_full  el_before_av_hr  column-top-margin\" style='border-radius:0px; '><section class=\"av_textblock_section \"  itemscope=\"itemscope\" itemtype=\"https:\/\/schema.org\/BlogPosting\" itemprop=\"blogPost\" ><div class='avia_textblock  '   itemprop=\"text\" ><p style=\"text-align: justify;\">Junto con el aumento de personas interesadas en vacunarse contra el COVID 19, este lunes se recibi\u00f3 un nuevo cargamento de 5 mil 900 vacunas al Aer\u00f3dromo Balmaceda, con lo cual se viene a incrementar la capacidad de dosis gratuitas que est\u00e1n disponibles para resguardar la salud de la poblaci\u00f3n en esta pandemia.<\/p>\n<p style=\"text-align: justify;\">De acuerdo a lo verificado por la Intendenta Margarita Ossa y la seremi de Salud Alejandra Valdebenito, a la regi\u00f3n llegaron 2.400 Sinovac, 2.340 Pfizer y 1.200 dosis Cansino; las cuales tienen la particularidad de que requieren de una sola dosis.<\/p>\n<p style=\"text-align: justify;\">Seg\u00fan explic\u00f3 la Ejecutivo Regional, Margarita Ossa, la importancia de este nuevo cargamento radica en la llegada de la vacuna Cansino se\u00f1alando que \u201cse trata de una vacuna monodosis y durante la semana vamos a recibir nuevas dosis de esta vacuna y lo m\u00e1s importante es que, se trata de una vacuna que va a acelerar el proceso de vacunaci\u00f3n es\u00a0 nuestra regi\u00f3n\u201d, dijo.<\/p>\n<p style=\"text-align: justify;\">Por su parte, la seremi de Salud Alejandra Valdebenito precis\u00f3 que en las pr\u00f3ximas jornadas \u201cvan a estar llegando 4.800 dosis m\u00e1s\u201d agregando que \u201csignifica poder avanzar mucho m\u00e1s r\u00e1pido este proceso de vacunaci\u00f3n, en donde vamos a poder llegar a las localidades m\u00e1s rurales, zonas donde nos cuesta llegar mucho con equipos de vacunaci\u00f3n y por lo tanto la idea es maximizar y optimizar los tiempos en cada desplazamiento de equipos humanos y tambi\u00e9n poder llegar a la poblaci\u00f3n m\u00e1s joven\u201d.<\/p>\n<p style=\"text-align: justify;\">De acuerdo al \u00faltimo reporte de vacunaci\u00f3n, la regi\u00f3n de Ays\u00e9n alcanza un 75,06% (Primera dosis) de cobertura de vacunaci\u00f3n con 60.161 dosis administradas y 55,90% (segunda dosis) de cobertura con 44.805 dosis a nivel regional de la campa\u00f1a #YoMeVacuno, con una poblaci\u00f3n objetivo de 80.150 personas.<\/p>\n<\/div><\/section><\/div><div  style='height:50px' class='hr hr-invisible   avia-builder-el-6  el_after_av_one_full  el_before_av_social_share '><span class='hr-inner ' ><span class='hr-inner-style'><\/span><\/span><\/div><\/p>\n<div  class='av-social-sharing-box  avia-builder-el-7  el_after_av_hr  el_before_av_hr  '><div class='av-share-box'><h5 class='av-share-link-description av-no-toc '>Compartir esta noticia<\/h5><ul class='av-share-box-list noLightbox'><li class='av-share-link av-social-link-facebook' ><a target=\"_blank\" aria-label=\"Compartir en Facebook\" href='https:\/\/www.facebook.com\/sharer.php?u=https:\/\/radiorevelacionfm.cl\/?p=4721&#038;t=Autoridades%20recepcionaron%20casi%206%20mil%20dosis%20de%20vacunas%20contra%20el%20Covid-19' aria-hidden='false' data-av_icon='\ue8f3' data-av_iconfont='entypo-fontello' title='' data-avia-related-tooltip='Compartir en Facebook' rel=\"noopener\"><span class='avia_hidden_link_text'>Compartir en Facebook<\/span><\/a><\/li><li class='av-share-link av-social-link-twitter' ><a target=\"_blank\" aria-label=\"Compartir en Twitter\" href='https:\/\/twitter.com\/share?text=Autoridades%20recepcionaron%20casi%206%20mil%20dosis%20de%20vacunas%20contra%20el%20Covid-19&#038;url=https:\/\/radiorevelacionfm.cl\/?p=4721' aria-hidden='false' data-av_icon='\ue8f1' data-av_iconfont='entypo-fontello' title='' data-avia-related-tooltip='Compartir en Twitter' rel=\"noopener\"><span class='avia_hidden_link_text'>Compartir en Twitter<\/span><\/a><\/li><li class='av-share-link av-social-link-whatsapp' ><a target=\"_blank\" aria-label=\"Compartir en Whatsapp\" href='https:\/\/api.whatsapp.com\/send?text=https:\/\/radiorevelacionfm.cl\/?p=4721' aria-hidden='false' data-av_icon='\uf232' data-av_iconfont='entypo-fontello' title='' data-avia-related-tooltip='Compartir en Whatsapp' rel=\"noopener\"><span class='avia_hidden_link_text'>Compartir en Whatsapp<\/span><\/a><\/li><li class='av-share-link av-social-link-linkedin' ><a target=\"_blank\" aria-label=\"Compartir en LinkedIn\" href='https:\/\/linkedin.com\/shareArticle?mini=true&#038;title=Autoridades%20recepcionaron%20casi%206%20mil%20dosis%20de%20vacunas%20contra%20el%20Covid-19&#038;url=https:\/\/radiorevelacionfm.cl\/?p=4721' aria-hidden='false' data-av_icon='\ue8fc' data-av_iconfont='entypo-fontello' title='' data-avia-related-tooltip='Compartir en LinkedIn' rel=\"noopener\"><span class='avia_hidden_link_text'>Compartir en LinkedIn<\/span><\/a><\/li><li class='av-share-link av-social-link-mail' ><a  aria-label=\"Compartir por correo\" href='mailto:?subject=Autoridades%20recepcionaron%20casi%206%20mil%20dosis%20de%20vacunas%20contra%20el%20Covid-19&#038;body=https:\/\/radiorevelacionfm.cl\/?p=4721' aria-hidden='false' data-av_icon='\ue805' data-av_iconfont='entypo-fontello' title='' data-avia-related-tooltip='Compartir por correo'><span class='avia_hidden_link_text'>Compartir por correo<\/span><\/a><\/li><\/ul><\/div><\/div>\n<div  style='height:50px' class='hr hr-invisible   avia-builder-el-8  el_after_av_social_share  el_before_av_comments_list '><span class='hr-inner ' ><span class='hr-inner-style'><\/span><\/span><\/div>\n<div  class='av-buildercomment  av-blog-meta-html-info-disabled av-blog-meta-tag-disabled  '><\/div>\n","protected":false},"excerpt":{"rendered":"","protected":false},"author":1,"featured_media":0,"comment_status":"open","ping_status":"open","sticky":false,"template":"","format":"standard","meta":{"footnotes":""},"categories":[38],"tags":[],"class_list":["post-4721","post","type-post","status-publish","format-standard","hentry","category-regional"],"jetpack_featured_media_url":"","_links":{"self":[{"href":"https:\/\/radiorevelacionfm.cl\/index.php?rest_route=\/wp\/v2\/posts\/4721","targetHints":{"allow":["GET"]}}],"collection":[{"href":"https:\/\/radiorevelacionfm.cl\/index.php?rest_route=\/wp\/v2\/posts"}],"about":[{"href":"https:\/\/radiorevelacionfm.cl\/index.php?rest_route=\/wp\/v2\/types\/post"}],"author":[{"embeddable":true,"href":"https:\/\/radiorevelacionfm.cl\/index.php?rest_route=\/wp\/v2\/users\/1"}],"replies":[{"embeddable":true,"href":"https:\/\/radiorevelacionfm.cl\/index.php?rest_route=%2Fwp%2Fv2%2Fcomments&post=4721"}],"version-history":[{"count":1,"href":"https:\/\/radiorevelacionfm.cl\/index.php?rest_route=\/wp\/v2\/posts\/4721\/revisions"}],"predecessor-version":[{"id":4723,"href":"https:\/\/radiorevelacionfm.cl\/index.php?rest_route=\/wp\/v2\/posts\/4721\/revisions\/4723"}],"wp:attachment":[{"href":"https:\/\/radiorevelacionfm.cl\/index.php?rest_route=%2Fwp%2Fv2%2Fmedia&parent=4721"}],"wp:term":[{"taxonomy":"category","embeddable":true,"href":"https:\/\/radiorevelacionfm.cl\/index.php?rest_route=%2Fwp%2Fv2%2Fcategories&post=4721"},{"taxonomy":"post_tag","embeddable":true,"href":"https:\/\/radiorevelacionfm.cl\/index.php?rest_route=%2Fwp%2Fv2%2Ftags&post=4721"}],"curies":[{"name":"wp","href":"https:\/\/api.w.org\/{rel}","templated":true}]}}