{"id":47207,"date":"2024-10-18T17:40:34","date_gmt":"2024-10-18T20:40:34","guid":{"rendered":"https:\/\/radiorevelacionfm.cl\/?p=47207"},"modified":"2024-10-18T17:40:34","modified_gmt":"2024-10-18T20:40:34","slug":"juntas-podemos-enfrentar-una-problematica-como-esta-senadora-ordenes-hace-un-llamado-al-autocuidado-frente-al-cancer-de-mama-en-mes-de-concientizacion","status":"publish","type":"post","link":"https:\/\/radiorevelacionfm.cl\/?p=47207","title":{"rendered":"\u201cJuntas podemos enfrentar una problem\u00e1tica como esta\u201d: Senadora \u00d3rdenes hace un llamado al autocuidado frente al c\u00e1ncer de mama en mes de concientizaci\u00f3n"},"content":{"rendered":"<div class=\"flex_column av_one_full  flex_column_div av-zero-column-padding first  avia-builder-el-0  el_before_av_one_full  avia-builder-el-first  \" style='border-radius:0px; '><div  class='avia-image-container  av-styling-    avia-builder-el-1  avia-builder-el-no-sibling  avia-align-center '  itemprop=\"image\" itemscope=\"itemscope\" itemtype=\"https:\/\/schema.org\/ImageObject\"  ><div class='avia-image-container-inner'><div class='avia-image-overlay-wrap'><img decoding=\"async\" class='wp-image-47208 avia-img-lazy-loading-not-47208 avia_image' src=\"https:\/\/radiorevelacionfm.cl\/wp-content\/uploads\/2024\/10\/FOTO-3-5-1-1.jpg\" alt='' title='FOTO #3 (5) (1) (1)' height=\"600\" width=\"881\"  itemprop=\"thumbnailUrl\" srcset=\"https:\/\/radiorevelacionfm.cl\/wp-content\/uploads\/2024\/10\/FOTO-3-5-1-1.jpg 881w, https:\/\/radiorevelacionfm.cl\/wp-content\/uploads\/2024\/10\/FOTO-3-5-1-1-300x204.jpg 300w, https:\/\/radiorevelacionfm.cl\/wp-content\/uploads\/2024\/10\/FOTO-3-5-1-1-768x523.jpg 768w, https:\/\/radiorevelacionfm.cl\/wp-content\/uploads\/2024\/10\/FOTO-3-5-1-1-705x480.jpg 705w, https:\/\/radiorevelacionfm.cl\/wp-content\/uploads\/2024\/10\/FOTO-3-5-1-1-450x306.jpg 450w, https:\/\/radiorevelacionfm.cl\/wp-content\/uploads\/2024\/10\/FOTO-3-5-1-1-600x409.jpg 600w\" sizes=\"(max-width: 881px) 100vw, 881px\" \/><\/div><\/div><\/div><\/div><div class=\"flex_column av_one_full  flex_column_div av-zero-column-padding first  avia-builder-el-2  el_after_av_one_full  el_before_av_one_full  column-top-margin\" style='border-radius:0px; '><section class=\"av_textblock_section \"  itemscope=\"itemscope\" itemtype=\"https:\/\/schema.org\/BlogPosting\" itemprop=\"blogPost\" ><div class='avia_textblock  '   itemprop=\"text\" ><p style=\"text-align: center;\"><strong><span style=\"font-size: 18pt;\">\u201cJuntas podemos enfrentar una problem\u00e1tica como esta\u201d: Senadora \u00d3rdenes hace un llamado al autocuidado frente al c\u00e1ncer de mama en mes de concientizaci\u00f3n<\/span><\/strong><\/p>\n<div id=\"gtx-trans\" style=\"position: absolute; left: -50px; top: 4.31534px;\">\n<div class=\"gtx-trans-icon\"><\/div>\n<\/div>\n<\/div><\/section><\/div><div class=\"flex_column av_one_full  flex_column_div av-zero-column-padding first  avia-builder-el-4  el_after_av_one_full  el_before_av_hr  column-top-margin\" style='border-radius:0px; '><section class=\"av_textblock_section \"  itemscope=\"itemscope\" itemtype=\"https:\/\/schema.org\/BlogPosting\" itemprop=\"blogPost\" ><div class='avia_textblock  '   itemprop=\"text\" ><p style=\"text-align: justify;\">La senadora por la regi\u00f3n de Ays\u00e9n e integrante de la Comisi\u00f3n de Salud del Senado, Ximena \u00d3rdenes Neira, ha mostrado su apoyo a diversas instituciones que re\u00fanen a pacientes oncol\u00f3gicos y sus familias. Del mismo modo, ha participado en calidad de autora en leyes como la ley que consagra el derecho al olvido oncol\u00f3gico -recientemente publicada-.<\/p>\n<p style=\"text-align: justify;\">A d\u00edas de que se conmemore el d\u00eda internacional que reconoce a las pacientes que padecen o han padecido el c\u00e1ncer de mama, nuevamente dio cuenta de la importancia del autocuidado, recordando que esta es una de las principales causas de muertes en Chile. \u201cEl c\u00e1ncer de mama es la principal causa de muerte en mujeres en edad reproductiva\u201d, sostuvo la representante aisenina.<\/p>\n<p style=\"text-align: justify;\">En el mensaje en torno al mes que invita a los tomadores de decisiones de los pa\u00edses, como las y los parlamentarios, a reflexionar sobre las distintas pol\u00edticas p\u00fablicas en apoyo a las pacientes de este tipo de c\u00e1ncer, la parlamentario valor\u00f3 la instancia y realiz\u00f3 un llamado al autocuidado. \u201cTomamos conciencia de una problem\u00e1tica de salud que afecta significativamente la calidad de vida de las mujeres. Por eso, es muy importante que te realices tu mamograf\u00eda anualmente\u201d, indic\u00f3 la senadora \u00d3rdenes.<\/p>\n<p style=\"text-align: justify;\">\u201cSi eres usuaria de Fonasa, cuentas con copago 0\u201d, a\u00f1adi\u00f3 la parlamentaria, recordando que \u201csi eres una mujer entre 50 y 59 a\u00f1os, recuerda que este examen es gratuito cada 3 a\u00f1os, independiente de si eres usuaria del Fonasa o de alguna Isapre\u201d. La senadora indic\u00f3 tambi\u00e9n que para esto solo deben acudir al Cesfam o Consultorio m\u00e1s cercano. La representante de la regi\u00f3n de Ays\u00e9n en el Senado cerr\u00f3 de forma en\u00e9rgica con un: \u201c\u00a1Juntas podemos enfrentar una problem\u00e1tica como esta!\u201d, haciendo nuevamente una referencia al autocuidado.<\/p>\n<p style=\"text-align: justify;\">Cabe recordar que, actualmente en Chile, la mamograf\u00eda preventiva no necesita de una orden m\u00e9dica. Algunos de los posibles signos de advertencia en las mamas son protuberancias, vena creciente, hendidura, erosiones en la piel, huecos, hundimiento de pez\u00f3n, fluido desconocido, asimetr\u00eda, endurecimiento, enrojecimiento o ardor, bulto internos y piel de naranja.<\/p>\n<\/div><\/section><\/div><div  style='height:50px' class='hr hr-invisible   avia-builder-el-6  el_after_av_one_full  el_before_av_social_share '><span class='hr-inner ' ><span class='hr-inner-style'><\/span><\/span><\/div><\/p>\n<div  class='av-social-sharing-box  avia-builder-el-7  el_after_av_hr  el_before_av_hr  '><div class='av-share-box'><h5 class='av-share-link-description av-no-toc '>Compartir esta noticia<\/h5><ul class='av-share-box-list noLightbox'><li class='av-share-link av-social-link-facebook' ><a target=\"_blank\" aria-label=\"Compartir en Facebook\" href='https:\/\/www.facebook.com\/sharer.php?u=https:\/\/radiorevelacionfm.cl\/?p=47207&#038;t=%E2%80%9CJuntas%20podemos%20enfrentar%20una%20problem%C3%A1tica%20como%20esta%E2%80%9D%3A%20Senadora%20%C3%93rdenes%20hace%20un%20llamado%20al%20autocuidado%20frente%20al%20c%C3%A1ncer%20de%20mama%20en%20mes%20de%20concientizaci%C3%B3n' aria-hidden='false' data-av_icon='\ue8f3' data-av_iconfont='entypo-fontello' title='' data-avia-related-tooltip='Compartir en Facebook' rel=\"noopener\"><span class='avia_hidden_link_text'>Compartir en Facebook<\/span><\/a><\/li><li class='av-share-link av-social-link-twitter' ><a target=\"_blank\" aria-label=\"Compartir en Twitter\" href='https:\/\/twitter.com\/share?text=%E2%80%9CJuntas%20podemos%20enfrentar%20una%20problem%C3%A1tica%20como%20esta%E2%80%9D%3A%20Senadora%20%C3%93rdenes%20hace%20un%20llamado%20al%20autocuidado%20frente%20al%20c%C3%A1ncer%20de%20mama%20en%20mes%20de%20concientizaci%C3%B3n&#038;url=https:\/\/radiorevelacionfm.cl\/?p=47207' aria-hidden='false' data-av_icon='\ue8f1' data-av_iconfont='entypo-fontello' title='' data-avia-related-tooltip='Compartir en Twitter' rel=\"noopener\"><span class='avia_hidden_link_text'>Compartir en Twitter<\/span><\/a><\/li><li class='av-share-link av-social-link-whatsapp' ><a target=\"_blank\" aria-label=\"Compartir en Whatsapp\" href='https:\/\/api.whatsapp.com\/send?text=https:\/\/radiorevelacionfm.cl\/?p=47207' aria-hidden='false' data-av_icon='\uf232' data-av_iconfont='entypo-fontello' title='' data-avia-related-tooltip='Compartir en Whatsapp' rel=\"noopener\"><span class='avia_hidden_link_text'>Compartir en Whatsapp<\/span><\/a><\/li><li class='av-share-link av-social-link-linkedin' ><a target=\"_blank\" aria-label=\"Compartir en LinkedIn\" href='https:\/\/linkedin.com\/shareArticle?mini=true&#038;title=%E2%80%9CJuntas%20podemos%20enfrentar%20una%20problem%C3%A1tica%20como%20esta%E2%80%9D%3A%20Senadora%20%C3%93rdenes%20hace%20un%20llamado%20al%20autocuidado%20frente%20al%20c%C3%A1ncer%20de%20mama%20en%20mes%20de%20concientizaci%C3%B3n&#038;url=https:\/\/radiorevelacionfm.cl\/?p=47207' aria-hidden='false' data-av_icon='\ue8fc' data-av_iconfont='entypo-fontello' title='' data-avia-related-tooltip='Compartir en LinkedIn' rel=\"noopener\"><span class='avia_hidden_link_text'>Compartir en LinkedIn<\/span><\/a><\/li><li class='av-share-link av-social-link-mail' ><a  aria-label=\"Compartir por correo\" href='mailto:?subject=%E2%80%9CJuntas%20podemos%20enfrentar%20una%20problem%C3%A1tica%20como%20esta%E2%80%9D%3A%20Senadora%20%C3%93rdenes%20hace%20un%20llamado%20al%20autocuidado%20frente%20al%20c%C3%A1ncer%20de%20mama%20en%20mes%20de%20concientizaci%C3%B3n&#038;body=https:\/\/radiorevelacionfm.cl\/?p=47207' aria-hidden='false' data-av_icon='\ue805' data-av_iconfont='entypo-fontello' title='' data-avia-related-tooltip='Compartir por correo'><span class='avia_hidden_link_text'>Compartir por correo<\/span><\/a><\/li><\/ul><\/div><\/div>\n<div  style='height:50px' class='hr hr-invisible   avia-builder-el-8  el_after_av_social_share  el_before_av_comments_list '><span class='hr-inner ' ><span class='hr-inner-style'><\/span><\/span><\/div>\n<div  class='av-buildercomment  av-blog-meta-html-info-disabled av-blog-meta-tag-disabled  '><\/div>\n","protected":false},"excerpt":{"rendered":"","protected":false},"author":1,"featured_media":47208,"comment_status":"open","ping_status":"open","sticky":false,"template":"","format":"standard","meta":{"footnotes":""},"categories":[35],"tags":[],"class_list":["post-47207","post","type-post","status-publish","format-standard","has-post-thumbnail","hentry","category-politica"],"jetpack_featured_media_url":"https:\/\/radiorevelacionfm.cl\/wp-content\/uploads\/2024\/10\/FOTO-3-5-1-1.jpg","_links":{"self":[{"href":"https:\/\/radiorevelacionfm.cl\/index.php?rest_route=\/wp\/v2\/posts\/47207","targetHints":{"allow":["GET"]}}],"collection":[{"href":"https:\/\/radiorevelacionfm.cl\/index.php?rest_route=\/wp\/v2\/posts"}],"about":[{"href":"https:\/\/radiorevelacionfm.cl\/index.php?rest_route=\/wp\/v2\/types\/post"}],"author":[{"embeddable":true,"href":"https:\/\/radiorevelacionfm.cl\/index.php?rest_route=\/wp\/v2\/users\/1"}],"replies":[{"embeddable":true,"href":"https:\/\/radiorevelacionfm.cl\/index.php?rest_route=%2Fwp%2Fv2%2Fcomments&post=47207"}],"version-history":[{"count":1,"href":"https:\/\/radiorevelacionfm.cl\/index.php?rest_route=\/wp\/v2\/posts\/47207\/revisions"}],"predecessor-version":[{"id":47209,"href":"https:\/\/radiorevelacionfm.cl\/index.php?rest_route=\/wp\/v2\/posts\/47207\/revisions\/47209"}],"wp:featuredmedia":[{"embeddable":true,"href":"https:\/\/radiorevelacionfm.cl\/index.php?rest_route=\/wp\/v2\/media\/47208"}],"wp:attachment":[{"href":"https:\/\/radiorevelacionfm.cl\/index.php?rest_route=%2Fwp%2Fv2%2Fmedia&parent=47207"}],"wp:term":[{"taxonomy":"category","embeddable":true,"href":"https:\/\/radiorevelacionfm.cl\/index.php?rest_route=%2Fwp%2Fv2%2Fcategories&post=47207"},{"taxonomy":"post_tag","embeddable":true,"href":"https:\/\/radiorevelacionfm.cl\/index.php?rest_route=%2Fwp%2Fv2%2Ftags&post=47207"}],"curies":[{"name":"wp","href":"https:\/\/api.w.org\/{rel}","templated":true}]}}