{"id":47201,"date":"2024-10-17T20:33:34","date_gmt":"2024-10-17T23:33:34","guid":{"rendered":"https:\/\/radiorevelacionfm.cl\/?p=47201"},"modified":"2024-10-17T20:33:34","modified_gmt":"2024-10-17T23:33:34","slug":"mop-publica-licitacion-para-construir-nave-complementaria-que-operara-en-el-lago-general-carrera","status":"publish","type":"post","link":"https:\/\/radiorevelacionfm.cl\/?p=47201","title":{"rendered":"MOP publica licitaci\u00f3n para construir nave complementaria que operar\u00e1 en el Lago General Carrera"},"content":{"rendered":"<div class=\"flex_column av_one_full  flex_column_div av-zero-column-padding first  avia-builder-el-0  el_before_av_one_full  avia-builder-el-first  \" style='border-radius:0px; '><div  class='avia-image-container  av-styling-    avia-builder-el-1  avia-builder-el-no-sibling  avia-align-center '  itemprop=\"image\" itemscope=\"itemscope\" itemtype=\"https:\/\/schema.org\/ImageObject\"  ><div class='avia-image-container-inner'><div class='avia-image-overlay-wrap'><img decoding=\"async\" class='wp-image-47202 avia-img-lazy-loading-not-47202 avia_image' src=\"https:\/\/radiorevelacionfm.cl\/wp-content\/uploads\/2024\/10\/barcaza-2-2-1_optimized.jpg\" alt='' title='barcaza-2-(2)-(1)_optimized' height=\"600\" width=\"924\"  itemprop=\"thumbnailUrl\" srcset=\"https:\/\/radiorevelacionfm.cl\/wp-content\/uploads\/2024\/10\/barcaza-2-2-1_optimized.jpg 924w, https:\/\/radiorevelacionfm.cl\/wp-content\/uploads\/2024\/10\/barcaza-2-2-1_optimized-300x195.jpg 300w, https:\/\/radiorevelacionfm.cl\/wp-content\/uploads\/2024\/10\/barcaza-2-2-1_optimized-768x499.jpg 768w, https:\/\/radiorevelacionfm.cl\/wp-content\/uploads\/2024\/10\/barcaza-2-2-1_optimized-705x458.jpg 705w, https:\/\/radiorevelacionfm.cl\/wp-content\/uploads\/2024\/10\/barcaza-2-2-1_optimized-450x292.jpg 450w, https:\/\/radiorevelacionfm.cl\/wp-content\/uploads\/2024\/10\/barcaza-2-2-1_optimized-600x390.jpg 600w\" sizes=\"(max-width: 924px) 100vw, 924px\" \/><\/div><\/div><\/div><\/div><div class=\"flex_column av_one_full  flex_column_div av-zero-column-padding first  avia-builder-el-2  el_after_av_one_full  el_before_av_one_full  column-top-margin\" style='border-radius:0px; '><section class=\"av_textblock_section \"  itemscope=\"itemscope\" itemtype=\"https:\/\/schema.org\/BlogPosting\" itemprop=\"blogPost\" ><div class='avia_textblock  '   itemprop=\"text\" ><p style=\"text-align: center;\"><strong><span style=\"font-size: 18pt;\">MOP publica licitaci\u00f3n para construir nave complementaria que operar\u00e1 en el Lago General Carrera<\/span><\/strong><\/p>\n<div id=\"gtx-trans\" style=\"position: absolute; left: -50px; top: 4.31534px;\">\n<div class=\"gtx-trans-icon\"><\/div>\n<\/div>\n<\/div><\/section><\/div><div class=\"flex_column av_one_full  flex_column_div av-zero-column-padding first  avia-builder-el-4  el_after_av_one_full  el_before_av_hr  column-top-margin\" style='border-radius:0px; '><section class=\"av_textblock_section \"  itemscope=\"itemscope\" itemtype=\"https:\/\/schema.org\/BlogPosting\" itemprop=\"blogPost\" ><div class='avia_textblock  '   itemprop=\"text\" ><p style=\"text-align: justify;\"><em>La invitaci\u00f3n se encuentra abierta para que todas las empresas especialistas en construcci\u00f3n naval, participen en esta licitaci\u00f3n.<\/em><\/p>\n<p style=\"text-align: justify;\">La Secretaria Regional Ministerial de Obras P\u00fablicas, Paloma Jara Vald\u00e9s inform\u00f3 que recientemente fue publicada en el portal del Mercado P\u00fablico la licitaci\u00f3n para construir la nueva nave complementaria que operar\u00e1 en el Lago General Carrera.<\/p>\n<p style=\"text-align: justify;\">\u201cCon mucha alegr\u00eda hoy damos esta buena noticia, que da a conocer que el Ministerio de Obras P\u00fablicas cumple sus compromisos los cuales fueron tomados con la comunidad de Chile Chico, as\u00ed como tambi\u00e9n con toda la gente que habita la comuna de R\u00edo Ib\u00e1\u00f1ez, con una nueva embarcaci\u00f3n para el Lago General Carrera. Son buenas noticias, y como lo ha dicho nuestro Director esperamos que se puedan sumar la mayor cantidad de empresas a esta licitaci\u00f3n y que los y las vecinas vean con satisfacci\u00f3n como el trabajo que ellos han levantado a trav\u00e9s de conversatorios y demandas se ve reflejado el d\u00eda de hoy en este proceso de cumplir con nuestra promesa\u201d, se\u00f1al\u00f3 la SEREMI del MOP<\/p>\n<p style=\"text-align: justify;\">Por su parte, el Director Regional de Obras Portuarias del MOP, \u00c1lvaro D\u00edaz Contreras, manifest\u00f3 que \u201cya se encuentra publicada la licitaci\u00f3n en el portal del Mercado P\u00fablico para la construcci\u00f3n de esta nueva embarcaci\u00f3n, as\u00ed que invitamos a todas las empresas especialistas en la construcci\u00f3n naval a estudiar las bases que se encuentran en este portal para que podamos prontamente comenzar los procesos propios de la licitaci\u00f3n como son las aperturas de las ofertas t\u00e9cnicas como econ\u00f3micas y posteriormente construir nuestra tan anhelada embarcaci\u00f3n para el Lago General Carrera\u201d<\/p>\n<p style=\"text-align: justify;\">Este nuevo avance en el proceso fue muy bien recibido por el Delegado Presidencial de la Provincia General Carrera Crist\u00f3bal Barcel\u00f3 Veas<strong>,<\/strong> quien en la oportunidad manifest\u00f3: \u201cHoy estamos dando\u00a0 cumplimiento a un compromiso y anhelo de la comunidad de la provincia General Carrera. Esto fue luego de un proceso de activa participaci\u00f3n ciudadana, donde efectivamente la comunidad pudo elegir el modelo de Barcaza que se va a implementar en este Lago y hoy d\u00eda, estamos dando inicio a este proceso licitatorio que permitir\u00e1 tener la construcci\u00f3n de una nueva nave operando en el Lago General Carrera la que adem\u00e1s, va a ser construida en este mismo Lago, en las costas de Puerto Ib\u00e1\u00f1ez\u201d.<\/p>\n<p style=\"text-align: justify;\"><strong><u>CARACTER\u00cdSTICAS DE LA NUEVA NAVE<\/u><\/strong><\/p>\n<p style=\"text-align: justify;\">La nave complementaria va a mejorar la conectividad entre las cabeceras comunales desde y hacia Puerto Ingeniero Ib\u00e1\u00f1ez y Chile Chico, aumentando la capacidad de transporte en la zona, lo que permitir\u00e1 proyectar crecimiento y desarrollo de las diferentes actividades socio-productivas del sector, y la generaci\u00f3n de bienes y servicios en el territorio.<\/p>\n<p style=\"text-align: justify;\">La nueva embarcaci\u00f3n tendr\u00e1 capacidad para 288 pasajeros m\u00e1s 12 tripulantes; 252 metros lineales de carga (56 veh\u00edculos-4,5m); ser\u00e1 una embarcaci\u00f3n h\u00edbrida que tendr\u00e1 propulsi\u00f3n di\u00e9sel\/el\u00e9ctrica; su casco presentar\u00e1 forma hidrodin\u00e1mica lo que disminuir\u00e1 la resistencia al avance en el agua y una eficiencia importante en la disminuci\u00f3n en el gasto de combustible de alrededor de 25%, aproximadamente; la embarcaci\u00f3n podr\u00e1 operar a una velocidad de 13 nudos en condiciones \u00f3ptimas\u00a0 de navegaci\u00f3n y considera accesibilidad universal.<\/p>\n<p style=\"text-align: justify;\">Una vez realizados los procesos de apertura de las ofertas t\u00e9cnicas y econ\u00f3micas, an\u00e1lisis de los antecedentes por parte de la Comisi\u00f3n T\u00e9cnica y sea adjudicada esta obra, su plazo de ejecuci\u00f3n es de 720 d\u00edas.<\/p>\n<\/div><\/section><\/div><div  style='height:50px' class='hr hr-invisible   avia-builder-el-6  el_after_av_one_full  el_before_av_social_share '><span class='hr-inner ' ><span class='hr-inner-style'><\/span><\/span><\/div><\/p>\n<div  class='av-social-sharing-box  avia-builder-el-7  el_after_av_hr  el_before_av_hr  '><div class='av-share-box'><h5 class='av-share-link-description av-no-toc '>Compartir esta noticia<\/h5><ul class='av-share-box-list noLightbox'><li class='av-share-link av-social-link-facebook' ><a target=\"_blank\" aria-label=\"Compartir en Facebook\" href='https:\/\/www.facebook.com\/sharer.php?u=https:\/\/radiorevelacionfm.cl\/?p=47201&#038;t=MOP%20publica%20licitaci%C3%B3n%20para%20construir%20nave%20complementaria%20que%20operar%C3%A1%20en%20el%20Lago%20General%20Carrera' aria-hidden='false' data-av_icon='\ue8f3' data-av_iconfont='entypo-fontello' title='' data-avia-related-tooltip='Compartir en Facebook' rel=\"noopener\"><span class='avia_hidden_link_text'>Compartir en Facebook<\/span><\/a><\/li><li class='av-share-link av-social-link-twitter' ><a target=\"_blank\" aria-label=\"Compartir en Twitter\" href='https:\/\/twitter.com\/share?text=MOP%20publica%20licitaci%C3%B3n%20para%20construir%20nave%20complementaria%20que%20operar%C3%A1%20en%20el%20Lago%20General%20Carrera&#038;url=https:\/\/radiorevelacionfm.cl\/?p=47201' aria-hidden='false' data-av_icon='\ue8f1' data-av_iconfont='entypo-fontello' title='' data-avia-related-tooltip='Compartir en Twitter' rel=\"noopener\"><span class='avia_hidden_link_text'>Compartir en Twitter<\/span><\/a><\/li><li class='av-share-link av-social-link-whatsapp' ><a target=\"_blank\" aria-label=\"Compartir en Whatsapp\" href='https:\/\/api.whatsapp.com\/send?text=https:\/\/radiorevelacionfm.cl\/?p=47201' aria-hidden='false' data-av_icon='\uf232' data-av_iconfont='entypo-fontello' title='' data-avia-related-tooltip='Compartir en Whatsapp' rel=\"noopener\"><span class='avia_hidden_link_text'>Compartir en Whatsapp<\/span><\/a><\/li><li class='av-share-link av-social-link-linkedin' ><a target=\"_blank\" aria-label=\"Compartir en LinkedIn\" href='https:\/\/linkedin.com\/shareArticle?mini=true&#038;title=MOP%20publica%20licitaci%C3%B3n%20para%20construir%20nave%20complementaria%20que%20operar%C3%A1%20en%20el%20Lago%20General%20Carrera&#038;url=https:\/\/radiorevelacionfm.cl\/?p=47201' aria-hidden='false' data-av_icon='\ue8fc' data-av_iconfont='entypo-fontello' title='' data-avia-related-tooltip='Compartir en LinkedIn' rel=\"noopener\"><span class='avia_hidden_link_text'>Compartir en LinkedIn<\/span><\/a><\/li><li class='av-share-link av-social-link-mail' ><a  aria-label=\"Compartir por correo\" href='mailto:?subject=MOP%20publica%20licitaci%C3%B3n%20para%20construir%20nave%20complementaria%20que%20operar%C3%A1%20en%20el%20Lago%20General%20Carrera&#038;body=https:\/\/radiorevelacionfm.cl\/?p=47201' aria-hidden='false' data-av_icon='\ue805' data-av_iconfont='entypo-fontello' title='' data-avia-related-tooltip='Compartir por correo'><span class='avia_hidden_link_text'>Compartir por correo<\/span><\/a><\/li><\/ul><\/div><\/div>\n<div  style='height:50px' class='hr hr-invisible   avia-builder-el-8  el_after_av_social_share  el_before_av_comments_list '><span class='hr-inner ' ><span class='hr-inner-style'><\/span><\/span><\/div>\n<div  class='av-buildercomment  av-blog-meta-html-info-disabled av-blog-meta-tag-disabled  '><\/div>\n","protected":false},"excerpt":{"rendered":"","protected":false},"author":1,"featured_media":47202,"comment_status":"open","ping_status":"open","sticky":false,"template":"","format":"standard","meta":{"footnotes":""},"categories":[38],"tags":[],"class_list":["post-47201","post","type-post","status-publish","format-standard","has-post-thumbnail","hentry","category-regional"],"jetpack_featured_media_url":"https:\/\/radiorevelacionfm.cl\/wp-content\/uploads\/2024\/10\/barcaza-2-2-1_optimized.jpg","_links":{"self":[{"href":"https:\/\/radiorevelacionfm.cl\/index.php?rest_route=\/wp\/v2\/posts\/47201","targetHints":{"allow":["GET"]}}],"collection":[{"href":"https:\/\/radiorevelacionfm.cl\/index.php?rest_route=\/wp\/v2\/posts"}],"about":[{"href":"https:\/\/radiorevelacionfm.cl\/index.php?rest_route=\/wp\/v2\/types\/post"}],"author":[{"embeddable":true,"href":"https:\/\/radiorevelacionfm.cl\/index.php?rest_route=\/wp\/v2\/users\/1"}],"replies":[{"embeddable":true,"href":"https:\/\/radiorevelacionfm.cl\/index.php?rest_route=%2Fwp%2Fv2%2Fcomments&post=47201"}],"version-history":[{"count":1,"href":"https:\/\/radiorevelacionfm.cl\/index.php?rest_route=\/wp\/v2\/posts\/47201\/revisions"}],"predecessor-version":[{"id":47203,"href":"https:\/\/radiorevelacionfm.cl\/index.php?rest_route=\/wp\/v2\/posts\/47201\/revisions\/47203"}],"wp:featuredmedia":[{"embeddable":true,"href":"https:\/\/radiorevelacionfm.cl\/index.php?rest_route=\/wp\/v2\/media\/47202"}],"wp:attachment":[{"href":"https:\/\/radiorevelacionfm.cl\/index.php?rest_route=%2Fwp%2Fv2%2Fmedia&parent=47201"}],"wp:term":[{"taxonomy":"category","embeddable":true,"href":"https:\/\/radiorevelacionfm.cl\/index.php?rest_route=%2Fwp%2Fv2%2Fcategories&post=47201"},{"taxonomy":"post_tag","embeddable":true,"href":"https:\/\/radiorevelacionfm.cl\/index.php?rest_route=%2Fwp%2Fv2%2Ftags&post=47201"}],"curies":[{"name":"wp","href":"https:\/\/api.w.org\/{rel}","templated":true}]}}