{"id":47198,"date":"2024-10-17T18:50:24","date_gmt":"2024-10-17T21:50:24","guid":{"rendered":"https:\/\/radiorevelacionfm.cl\/?p=47198"},"modified":"2024-10-17T18:50:24","modified_gmt":"2024-10-17T21:50:24","slug":"slep-aysen-realiza-entrega-de-terreno-para-proyecto-de-conservacion-jardin-infantil-ayelen-ruka","status":"publish","type":"post","link":"https:\/\/radiorevelacionfm.cl\/?p=47198","title":{"rendered":"SLEP Ays\u00e9n realiza entrega de terreno para proyecto de conservaci\u00f3n Jard\u00edn Infantil Ayelen Ruka"},"content":{"rendered":"<div class=\"flex_column av_one_full  flex_column_div av-zero-column-padding first  avia-builder-el-0  el_before_av_one_full  avia-builder-el-first  \" style='border-radius:0px; '><div  class='avia-image-container  av-styling-    avia-builder-el-1  avia-builder-el-no-sibling  avia-align-center '  itemprop=\"image\" itemscope=\"itemscope\" itemtype=\"https:\/\/schema.org\/ImageObject\"  ><div class='avia-image-container-inner'><div class='avia-image-overlay-wrap'><img decoding=\"async\" class='wp-image-47199 avia-img-lazy-loading-not-47199 avia_image' src=\"https:\/\/radiorevelacionfm.cl\/wp-content\/uploads\/2024\/10\/4-90-1_optimized.jpg\" alt='' title='4-(90)-(1)_optimized' height=\"600\" width=\"900\"  itemprop=\"thumbnailUrl\" srcset=\"https:\/\/radiorevelacionfm.cl\/wp-content\/uploads\/2024\/10\/4-90-1_optimized.jpg 900w, https:\/\/radiorevelacionfm.cl\/wp-content\/uploads\/2024\/10\/4-90-1_optimized-300x200.jpg 300w, https:\/\/radiorevelacionfm.cl\/wp-content\/uploads\/2024\/10\/4-90-1_optimized-768x512.jpg 768w, https:\/\/radiorevelacionfm.cl\/wp-content\/uploads\/2024\/10\/4-90-1_optimized-705x470.jpg 705w, https:\/\/radiorevelacionfm.cl\/wp-content\/uploads\/2024\/10\/4-90-1_optimized-450x300.jpg 450w, https:\/\/radiorevelacionfm.cl\/wp-content\/uploads\/2024\/10\/4-90-1_optimized-600x400.jpg 600w\" sizes=\"(max-width: 900px) 100vw, 900px\" \/><\/div><\/div><\/div><\/div><div class=\"flex_column av_one_full  flex_column_div av-zero-column-padding first  avia-builder-el-2  el_after_av_one_full  el_before_av_one_full  column-top-margin\" style='border-radius:0px; '><section class=\"av_textblock_section \"  itemscope=\"itemscope\" itemtype=\"https:\/\/schema.org\/BlogPosting\" itemprop=\"blogPost\" ><div class='avia_textblock  '   itemprop=\"text\" ><p style=\"text-align: center;\"><strong><span style=\"font-size: 18pt;\">SLEP Ays\u00e9n realiza entrega de terreno para proyecto de conservaci\u00f3n Jard\u00edn Infantil Ayelen Ruka<\/span><\/strong><\/p>\n<div id=\"gtx-trans\" style=\"position: absolute; left: -50px; top: 4.31534px;\">\n<div class=\"gtx-trans-icon\"><\/div>\n<\/div>\n<\/div><\/section><\/div><div class=\"flex_column av_one_full  flex_column_div av-zero-column-padding first  avia-builder-el-4  el_after_av_one_full  el_before_av_hr  column-top-margin\" style='border-radius:0px; '><section class=\"av_textblock_section \"  itemscope=\"itemscope\" itemtype=\"https:\/\/schema.org\/BlogPosting\" itemprop=\"blogPost\" ><div class='avia_textblock  '   itemprop=\"text\" ><p style=\"text-align: justify;\"><em>Este proyecto se enmarca en la priorizaci\u00f3n de iniciativas enfocada en la mejora de los espacios educativos de los establecimientos administrados por el servicio local desde enero del 2024.<\/em><\/p>\n<p style=\"text-align: justify;\">Esta semana el Servicio Local de Educaci\u00f3n P\u00fablica de Ays\u00e9n marc\u00f3 otro hito para la educaci\u00f3n de la regi\u00f3n, al realizar la primera entrega de terreno para la ejecuci\u00f3n del proyecto de conservaci\u00f3n en el Jard\u00edn Infantil Ayelen Ruka de Puerto Chacabuco.<\/p>\n<p style=\"text-align: justify;\">Con una inversi\u00f3n que asciende a 357 millones de pesos financiados por el SLEP Ays\u00e9n, el proyecto de conservaci\u00f3n beneficiar\u00e1 con mejoras significativas en infraestructura escolar tanto a los ni\u00f1os y ni\u00f1as del jard\u00edn infantil como a los estudiantes del nivel preb\u00e1sico de la Escuela Almirante Simpson.<\/p>\n<p style=\"text-align: justify;\">Para Carmen Ponce, directora del Jard\u00edn Infantil Ayelen Ruka, este \u201ces un sue\u00f1o que se ha ido gestando desde hace mucho tiempo. Empec\u00e9 en este jard\u00edn y por eso conozco su trayectoria y este es un hito de gran relevancia porque nuestros ni\u00f1os y ni\u00f1as van a tener un lugar digno y c\u00f3modo. Esto es algo que mi coraz\u00f3n se llena de alegr\u00eda porque pens\u00e1bamos que esto nunca iba a suceder y ahora lo vemos de manera concreta. Este es el sue\u00f1o de muchos a\u00f1os y hoy comenzamos con una historia diferente en el Ayelen Ruka\u201d.<\/p>\n<p style=\"text-align: justify;\">En esta l\u00ednea, el director ejecutivo del SLEP Ays\u00e9n Sebasti\u00e1n Gonz\u00e1lez destac\u00f3 la entrega de obras del proyecto, se\u00f1alando que \u201ceste es uno de nuestros primeros proyectos de conservaci\u00f3n como Servicio Local de Educaci\u00f3n P\u00fablica de Ays\u00e9n. Es un compromiso de a\u00f1os con la comunidad del jard\u00edn que esperaron mucho tiempo para que se mejoraran las condiciones para sus estudiantes. Como educaci\u00f3n p\u00fablica hemos querido cumplir con ellos, atender esta necesidad urgente y desde ac\u00e1 hacer un llamado a todas las comunidades de que tenemos un compromiso con mejorar la educaci\u00f3n p\u00fablica en nuestras diez comunas. Tambi\u00e9n hemos querido relevar la primera infancia. Los primeros a\u00f1os de vida son los m\u00e1s importantes para el desarrollo de los ni\u00f1os y ni\u00f1as, por lo que debemos asegurarnos de proveer los mejores espacios para ello\u201d.<\/p>\n<p style=\"text-align: justify;\">La ejecuci\u00f3n del proyecto contempla la conservaci\u00f3n del sistema el\u00e9ctrico, recambio de puertas y ventanas a PVC,\u00a0 reposici\u00f3n de 532 m2 de cubierta, 420 m2 de pisos, 441 m2 de cielo, 1107m2 de pintura en muros y cielo, 315 m2 de conservaci\u00f3n de patio abierto que incluye juegos infantiles, servicios higi\u00e9nicos, cocina y patio de servicio, obras que la empresa constructora a cargo deber\u00e1 ejecutar en un plazo de 158 d\u00edas corridos, proyectando la entrega final a la comunidad durante la segunda quincena de marzo de 2025.<\/p>\n<p style=\"text-align: justify;\">Estas acciones reflejan el compromiso con el bienestar de los m\u00e1s peque\u00f1os y con la creaci\u00f3n de entornos de aprendizaje adecuados, seguros y estimulantes, ya que una infraestructura escolar de calidad no solo apoya el desarrollo acad\u00e9mico, sino tambi\u00e9n el crecimiento integral de cada ni\u00f1o y ni\u00f1a, favoreciendo su inclusi\u00f3n y su potencial futuro.<\/p>\n<\/div><\/section><\/div><div  style='height:50px' class='hr hr-invisible   avia-builder-el-6  el_after_av_one_full  el_before_av_social_share '><span class='hr-inner ' ><span class='hr-inner-style'><\/span><\/span><\/div><\/p>\n<div  class='av-social-sharing-box  avia-builder-el-7  el_after_av_hr  el_before_av_hr  '><div class='av-share-box'><h5 class='av-share-link-description av-no-toc '>Compartir esta noticia<\/h5><ul class='av-share-box-list noLightbox'><li class='av-share-link av-social-link-facebook' ><a target=\"_blank\" aria-label=\"Compartir en Facebook\" href='https:\/\/www.facebook.com\/sharer.php?u=https:\/\/radiorevelacionfm.cl\/?p=47198&#038;t=SLEP%20Ays%C3%A9n%20realiza%20entrega%20de%20terreno%20para%20proyecto%20de%20conservaci%C3%B3n%20Jard%C3%ADn%20Infantil%20Ayelen%20Ruka' aria-hidden='false' data-av_icon='\ue8f3' data-av_iconfont='entypo-fontello' title='' data-avia-related-tooltip='Compartir en Facebook' rel=\"noopener\"><span class='avia_hidden_link_text'>Compartir en Facebook<\/span><\/a><\/li><li class='av-share-link av-social-link-twitter' ><a target=\"_blank\" aria-label=\"Compartir en Twitter\" href='https:\/\/twitter.com\/share?text=SLEP%20Ays%C3%A9n%20realiza%20entrega%20de%20terreno%20para%20proyecto%20de%20conservaci%C3%B3n%20Jard%C3%ADn%20Infantil%20Ayelen%20Ruka&#038;url=https:\/\/radiorevelacionfm.cl\/?p=47198' aria-hidden='false' data-av_icon='\ue8f1' data-av_iconfont='entypo-fontello' title='' data-avia-related-tooltip='Compartir en Twitter' rel=\"noopener\"><span class='avia_hidden_link_text'>Compartir en Twitter<\/span><\/a><\/li><li class='av-share-link av-social-link-whatsapp' ><a target=\"_blank\" aria-label=\"Compartir en Whatsapp\" href='https:\/\/api.whatsapp.com\/send?text=https:\/\/radiorevelacionfm.cl\/?p=47198' aria-hidden='false' data-av_icon='\uf232' data-av_iconfont='entypo-fontello' title='' data-avia-related-tooltip='Compartir en Whatsapp' rel=\"noopener\"><span class='avia_hidden_link_text'>Compartir en Whatsapp<\/span><\/a><\/li><li class='av-share-link av-social-link-linkedin' ><a target=\"_blank\" aria-label=\"Compartir en LinkedIn\" href='https:\/\/linkedin.com\/shareArticle?mini=true&#038;title=SLEP%20Ays%C3%A9n%20realiza%20entrega%20de%20terreno%20para%20proyecto%20de%20conservaci%C3%B3n%20Jard%C3%ADn%20Infantil%20Ayelen%20Ruka&#038;url=https:\/\/radiorevelacionfm.cl\/?p=47198' aria-hidden='false' data-av_icon='\ue8fc' data-av_iconfont='entypo-fontello' title='' data-avia-related-tooltip='Compartir en LinkedIn' rel=\"noopener\"><span class='avia_hidden_link_text'>Compartir en LinkedIn<\/span><\/a><\/li><li class='av-share-link av-social-link-mail' ><a  aria-label=\"Compartir por correo\" href='mailto:?subject=SLEP%20Ays%C3%A9n%20realiza%20entrega%20de%20terreno%20para%20proyecto%20de%20conservaci%C3%B3n%20Jard%C3%ADn%20Infantil%20Ayelen%20Ruka&#038;body=https:\/\/radiorevelacionfm.cl\/?p=47198' aria-hidden='false' data-av_icon='\ue805' data-av_iconfont='entypo-fontello' title='' data-avia-related-tooltip='Compartir por correo'><span class='avia_hidden_link_text'>Compartir por correo<\/span><\/a><\/li><\/ul><\/div><\/div>\n<div  style='height:50px' class='hr hr-invisible   avia-builder-el-8  el_after_av_social_share  el_before_av_comments_list '><span class='hr-inner ' ><span class='hr-inner-style'><\/span><\/span><\/div>\n<div  class='av-buildercomment  av-blog-meta-html-info-disabled av-blog-meta-tag-disabled  '><\/div>\n","protected":false},"excerpt":{"rendered":"","protected":false},"author":1,"featured_media":47199,"comment_status":"open","ping_status":"open","sticky":false,"template":"","format":"standard","meta":{"footnotes":""},"categories":[49],"tags":[],"class_list":["post-47198","post","type-post","status-publish","format-standard","has-post-thumbnail","hentry","category-educacion"],"jetpack_featured_media_url":"https:\/\/radiorevelacionfm.cl\/wp-content\/uploads\/2024\/10\/4-90-1_optimized.jpg","_links":{"self":[{"href":"https:\/\/radiorevelacionfm.cl\/index.php?rest_route=\/wp\/v2\/posts\/47198","targetHints":{"allow":["GET"]}}],"collection":[{"href":"https:\/\/radiorevelacionfm.cl\/index.php?rest_route=\/wp\/v2\/posts"}],"about":[{"href":"https:\/\/radiorevelacionfm.cl\/index.php?rest_route=\/wp\/v2\/types\/post"}],"author":[{"embeddable":true,"href":"https:\/\/radiorevelacionfm.cl\/index.php?rest_route=\/wp\/v2\/users\/1"}],"replies":[{"embeddable":true,"href":"https:\/\/radiorevelacionfm.cl\/index.php?rest_route=%2Fwp%2Fv2%2Fcomments&post=47198"}],"version-history":[{"count":1,"href":"https:\/\/radiorevelacionfm.cl\/index.php?rest_route=\/wp\/v2\/posts\/47198\/revisions"}],"predecessor-version":[{"id":47200,"href":"https:\/\/radiorevelacionfm.cl\/index.php?rest_route=\/wp\/v2\/posts\/47198\/revisions\/47200"}],"wp:featuredmedia":[{"embeddable":true,"href":"https:\/\/radiorevelacionfm.cl\/index.php?rest_route=\/wp\/v2\/media\/47199"}],"wp:attachment":[{"href":"https:\/\/radiorevelacionfm.cl\/index.php?rest_route=%2Fwp%2Fv2%2Fmedia&parent=47198"}],"wp:term":[{"taxonomy":"category","embeddable":true,"href":"https:\/\/radiorevelacionfm.cl\/index.php?rest_route=%2Fwp%2Fv2%2Fcategories&post=47198"},{"taxonomy":"post_tag","embeddable":true,"href":"https:\/\/radiorevelacionfm.cl\/index.php?rest_route=%2Fwp%2Fv2%2Ftags&post=47198"}],"curies":[{"name":"wp","href":"https:\/\/api.w.org\/{rel}","templated":true}]}}