{"id":47195,"date":"2024-10-17T17:50:28","date_gmt":"2024-10-17T20:50:28","guid":{"rendered":"https:\/\/radiorevelacionfm.cl\/?p=47195"},"modified":"2024-10-17T17:50:28","modified_gmt":"2024-10-17T20:50:28","slug":"colegio-santa-teresa-de-puerto-aysen-recibe-reconocimiento-al-mejor-proyecto-ejecutado-del-fondo-de-proteccion-ambiental-en-la-region","status":"publish","type":"post","link":"https:\/\/radiorevelacionfm.cl\/?p=47195","title":{"rendered":"Colegio Santa Teresa de Puerto Ays\u00e9n recibe reconocimiento al mejor proyecto ejecutado del Fondo de Protecci\u00f3n Ambiental en la regi\u00f3n"},"content":{"rendered":"<div class=\"flex_column av_one_full  flex_column_div av-zero-column-padding first  avia-builder-el-0  el_before_av_one_full  avia-builder-el-first  \" style='border-radius:0px; '><div  class='avia-image-container  av-styling-    avia-builder-el-1  avia-builder-el-no-sibling  avia-align-center '  itemprop=\"image\" itemscope=\"itemscope\" itemtype=\"https:\/\/schema.org\/ImageObject\"  ><div class='avia-image-container-inner'><div class='avia-image-overlay-wrap'><img decoding=\"async\" class='wp-image-47196 avia-img-lazy-loading-not-47196 avia_image' src=\"https:\/\/radiorevelacionfm.cl\/wp-content\/uploads\/2024\/10\/reconocimiento-2_optimized-1.jpg\" alt='' title='reconocimiento-(2)_optimized (1)' height=\"600\" width=\"894\"  itemprop=\"thumbnailUrl\" srcset=\"https:\/\/radiorevelacionfm.cl\/wp-content\/uploads\/2024\/10\/reconocimiento-2_optimized-1.jpg 894w, https:\/\/radiorevelacionfm.cl\/wp-content\/uploads\/2024\/10\/reconocimiento-2_optimized-1-300x201.jpg 300w, https:\/\/radiorevelacionfm.cl\/wp-content\/uploads\/2024\/10\/reconocimiento-2_optimized-1-768x515.jpg 768w, https:\/\/radiorevelacionfm.cl\/wp-content\/uploads\/2024\/10\/reconocimiento-2_optimized-1-705x473.jpg 705w, https:\/\/radiorevelacionfm.cl\/wp-content\/uploads\/2024\/10\/reconocimiento-2_optimized-1-450x302.jpg 450w, https:\/\/radiorevelacionfm.cl\/wp-content\/uploads\/2024\/10\/reconocimiento-2_optimized-1-600x403.jpg 600w\" sizes=\"(max-width: 894px) 100vw, 894px\" \/><\/div><\/div><\/div><\/div><div class=\"flex_column av_one_full  flex_column_div av-zero-column-padding first  avia-builder-el-2  el_after_av_one_full  el_before_av_one_full  column-top-margin\" style='border-radius:0px; '><section class=\"av_textblock_section \"  itemscope=\"itemscope\" itemtype=\"https:\/\/schema.org\/BlogPosting\" itemprop=\"blogPost\" ><div class='avia_textblock  '   itemprop=\"text\" ><p style=\"text-align: center;\"><strong><span style=\"font-size: 18pt;\">Colegio Santa Teresa de Puerto Ays\u00e9n recibe reconocimiento al mejor proyecto ejecutado del Fondo de Protecci\u00f3n Ambiental en la regi\u00f3n<\/span><\/strong><\/p>\n<div id=\"gtx-trans\" style=\"position: absolute; left: -50px; top: 4.31534px;\">\n<div class=\"gtx-trans-icon\"><\/div>\n<\/div>\n<\/div><\/section><\/div><div class=\"flex_column av_one_full  flex_column_div av-zero-column-padding first  avia-builder-el-4  el_after_av_one_full  el_before_av_hr  column-top-margin\" style='border-radius:0px; '><section class=\"av_textblock_section \"  itemscope=\"itemscope\" itemtype=\"https:\/\/schema.org\/BlogPosting\" itemprop=\"blogPost\" ><div class='avia_textblock  '   itemprop=\"text\" ><p style=\"text-align: justify;\">El SEREMI del Medio Ambiente de la regi\u00f3n de Ays\u00e9n, Yoal D\u00edaz particip\u00f3 este jueves de la feria cient\u00edfica organizada en el colegio Santa Teresa de los Andes de Puerto Ays\u00e9n, ocasi\u00f3n que aprovech\u00f3 para compartir con alumnos y alumnas en torno a sus innovadores proyectos y adem\u00e1s hacer la entrega oficial de premio \u201cCarolina Hazard\u201d que reconoce la mejor ejecuci\u00f3n regional de los proyectos del Fondo de Protecci\u00f3n Ambiental FPA del ministerio del Medio Ambiente, destacando su importante aporte a la generaci\u00f3n de una cultura ambiental al visibilizar t\u00e9cnicas sustentables en reciclaje de textiles.<\/p>\n<p style=\"text-align: justify;\">\u201cComo ministerio del Medio Ambiente tenemos el reconocimiento. Carolina Hazard para los distintos fondos de protecci\u00f3n ambiental que se destacan en su ejecuci\u00f3n y su impacto en las distintas comunidades y en los lugares en los que se desenvuelven. Y en este sentido, para nuestra regi\u00f3n hoy estamos entregando el reconocimiento al Colegio Santa Teresa de los Andes, un colegio que trabaj\u00f3 en reciclaje textil, en distintos talleres con educadores, educadoras y estudiantes de la comunidad y que nos llena de orgullo y nos desaf\u00eda porque la Regi\u00f3n de Ays\u00e9n tiene tremendos proyectos y sabemos que vienen mucho m\u00e1s\u201c, declar\u00f3 el Seremi del Medio Ambiente haciendo alusi\u00f3n a la reciente convocatoria de los Fondos FPA 2025.<\/p>\n<p style=\"text-align: justify;\">El Proyecto FPA 2023 \u201cUpcycling textil, un primer paso al consumo consciente\u201d, adjudicado a trav\u00e9s del Centro General de Padres del establecimiento educacional, tuvo como objetivo educar a la comunidad escolar sobre los efectos de la industria de la moda r\u00e1pida en el ambiente y mostrar el potencial de uso que tienen las prendas, considerando difusi\u00f3n de contenidos a la comunidad educativa a trav\u00e9s de RRSS y reuniones; creaci\u00f3n del ropero circular, un evento mensual que permiti\u00f3 el intercambio de ropa entre los miembros de la comunidad educativa: adquisici\u00f3n de m\u00e1quinas de coser para la realizaci\u00f3n de talleres de costura y upcycling textil orientados a estudiantes, profesores y apoderados; cuenta cuentos a los m\u00e1s peque\u00f1os orientadas a un consumo consciente; obra de teatro con vestuario y escenograf\u00eda elaborada en el taller; y muestra de trabajos realizados en exposici\u00f3n.<\/p>\n<p style=\"text-align: justify;\">la coordinadora de Ciencias y Medio Ambiente del colegio, Carolina Vega, agradeci\u00f3 el reconocimiento y coment\u00f3 \u201cla verdad es que fue un proyecto bien f\u00e1cil de llevar porque hay mucho inter\u00e9s hoy por el arte textil, y tambi\u00e9n hay m\u00e1s conciencia, el upcycling no es un t\u00e9rmino desconocido para los j\u00f3venes; fue muy interesante la participaci\u00f3n de ellos en esto del canje de las prendas en el ropero circular que hicimos y especialmente con las m\u00e1quinas de coser, todos entusiasmados\u201d, agregando que las m\u00e1quinas de coser semi industriales adquiridas a trav\u00e9s del proyecto, quedaron en custodia del establecimiento para continuar con los talleres una vez que el proyecto finaliz\u00f3, instalando capacidades entre los miembros de la comunidad educativa y como una iniciativa permanente que sigue convocando el inter\u00e9s de ni\u00f1os, ni\u00f1as y adolescentes .<\/p>\n<p style=\"text-align: justify;\">El estudiante de cuarto a\u00f1o medio y participante del taller, Mat\u00edas Carim\u00e1n abord\u00f3 la problem\u00e1tica del basurero textil en el norte del pa\u00eds \u201cnosotros queremos en esta regi\u00f3n hermosa regi\u00f3n nunca tener ese tipo de problemas y poder darle un segundo uso a la ropa que ya est\u00e1 como desecho, se podr\u00eda decir que el proyecto se trataba de eso mismo, de aprender a usar las m\u00e1quinas de coser, ya que era un oficio que se estaba perdiendo mucho en esta regi\u00f3n. Entonces el Centro General de Padres postular el proyecto se logr\u00f3 tener, entonces estoy muy contento por eso, aprend\u00ed a coser, quiz\u00e1 no de la mejor manera y quiz\u00e1 no haciendo tremendas cosas, obras de arte, pero aprend\u00ed a coser y arreglar algunas cosas, de poner broches y cosas as\u00ed\u201d.<\/p>\n<p style=\"text-align: justify;\">El reconocimiento busca perdurar el legado de Carolina Hazard Vergara, quien se desempe\u00f1\u00f3 por 14 a\u00f1os en la SEREMI del Medio Ambiente de la Regi\u00f3n de la Araucan\u00eda en el \u00e1rea de Educaci\u00f3n Ambiental. As\u00ed, se materializa en un galvano que se entrega a las organizaciones ejecutoras de proyectos FPA destacados, que hayan cumplido sus actividades con una amplia participaci\u00f3n de la comunidad y de otras organizaciones, que tambi\u00e9n han generado un impacto ambiental positivo en su territorio.<\/p>\n<\/div><\/section><\/div><div  style='height:50px' class='hr hr-invisible   avia-builder-el-6  el_after_av_one_full  el_before_av_social_share '><span class='hr-inner ' ><span class='hr-inner-style'><\/span><\/span><\/div><\/p>\n<div  class='av-social-sharing-box  avia-builder-el-7  el_after_av_hr  el_before_av_hr  '><div class='av-share-box'><h5 class='av-share-link-description av-no-toc '>Compartir esta noticia<\/h5><ul class='av-share-box-list noLightbox'><li class='av-share-link av-social-link-facebook' ><a target=\"_blank\" aria-label=\"Compartir en Facebook\" href='https:\/\/www.facebook.com\/sharer.php?u=https:\/\/radiorevelacionfm.cl\/?p=47195&#038;t=Colegio%20Santa%20Teresa%20de%20Puerto%20Ays%C3%A9n%20recibe%20reconocimiento%20al%20mejor%20proyecto%20ejecutado%20del%20Fondo%20de%20Protecci%C3%B3n%20Ambiental%20en%20la%20regi%C3%B3n' aria-hidden='false' data-av_icon='\ue8f3' data-av_iconfont='entypo-fontello' title='' data-avia-related-tooltip='Compartir en Facebook' rel=\"noopener\"><span class='avia_hidden_link_text'>Compartir en Facebook<\/span><\/a><\/li><li class='av-share-link av-social-link-twitter' ><a target=\"_blank\" aria-label=\"Compartir en Twitter\" href='https:\/\/twitter.com\/share?text=Colegio%20Santa%20Teresa%20de%20Puerto%20Ays%C3%A9n%20recibe%20reconocimiento%20al%20mejor%20proyecto%20ejecutado%20del%20Fondo%20de%20Protecci%C3%B3n%20Ambiental%20en%20la%20regi%C3%B3n&#038;url=https:\/\/radiorevelacionfm.cl\/?p=47195' aria-hidden='false' data-av_icon='\ue8f1' data-av_iconfont='entypo-fontello' title='' data-avia-related-tooltip='Compartir en Twitter' rel=\"noopener\"><span class='avia_hidden_link_text'>Compartir en Twitter<\/span><\/a><\/li><li class='av-share-link av-social-link-whatsapp' ><a target=\"_blank\" aria-label=\"Compartir en Whatsapp\" href='https:\/\/api.whatsapp.com\/send?text=https:\/\/radiorevelacionfm.cl\/?p=47195' aria-hidden='false' data-av_icon='\uf232' data-av_iconfont='entypo-fontello' title='' data-avia-related-tooltip='Compartir en Whatsapp' rel=\"noopener\"><span class='avia_hidden_link_text'>Compartir en Whatsapp<\/span><\/a><\/li><li class='av-share-link av-social-link-linkedin' ><a target=\"_blank\" aria-label=\"Compartir en LinkedIn\" href='https:\/\/linkedin.com\/shareArticle?mini=true&#038;title=Colegio%20Santa%20Teresa%20de%20Puerto%20Ays%C3%A9n%20recibe%20reconocimiento%20al%20mejor%20proyecto%20ejecutado%20del%20Fondo%20de%20Protecci%C3%B3n%20Ambiental%20en%20la%20regi%C3%B3n&#038;url=https:\/\/radiorevelacionfm.cl\/?p=47195' aria-hidden='false' data-av_icon='\ue8fc' data-av_iconfont='entypo-fontello' title='' data-avia-related-tooltip='Compartir en LinkedIn' rel=\"noopener\"><span class='avia_hidden_link_text'>Compartir en LinkedIn<\/span><\/a><\/li><li class='av-share-link av-social-link-mail' ><a  aria-label=\"Compartir por correo\" href='mailto:?subject=Colegio%20Santa%20Teresa%20de%20Puerto%20Ays%C3%A9n%20recibe%20reconocimiento%20al%20mejor%20proyecto%20ejecutado%20del%20Fondo%20de%20Protecci%C3%B3n%20Ambiental%20en%20la%20regi%C3%B3n&#038;body=https:\/\/radiorevelacionfm.cl\/?p=47195' aria-hidden='false' data-av_icon='\ue805' data-av_iconfont='entypo-fontello' title='' data-avia-related-tooltip='Compartir por correo'><span class='avia_hidden_link_text'>Compartir por correo<\/span><\/a><\/li><\/ul><\/div><\/div>\n<div  style='height:50px' class='hr hr-invisible   avia-builder-el-8  el_after_av_social_share  el_before_av_comments_list '><span class='hr-inner ' ><span class='hr-inner-style'><\/span><\/span><\/div>\n<div  class='av-buildercomment  av-blog-meta-html-info-disabled av-blog-meta-tag-disabled  '><\/div>\n","protected":false},"excerpt":{"rendered":"","protected":false},"author":1,"featured_media":47196,"comment_status":"open","ping_status":"open","sticky":false,"template":"","format":"standard","meta":{"footnotes":""},"categories":[39],"tags":[],"class_list":["post-47195","post","type-post","status-publish","format-standard","has-post-thumbnail","hentry","category-medio-ambiente"],"jetpack_featured_media_url":"https:\/\/radiorevelacionfm.cl\/wp-content\/uploads\/2024\/10\/reconocimiento-2_optimized-1.jpg","_links":{"self":[{"href":"https:\/\/radiorevelacionfm.cl\/index.php?rest_route=\/wp\/v2\/posts\/47195","targetHints":{"allow":["GET"]}}],"collection":[{"href":"https:\/\/radiorevelacionfm.cl\/index.php?rest_route=\/wp\/v2\/posts"}],"about":[{"href":"https:\/\/radiorevelacionfm.cl\/index.php?rest_route=\/wp\/v2\/types\/post"}],"author":[{"embeddable":true,"href":"https:\/\/radiorevelacionfm.cl\/index.php?rest_route=\/wp\/v2\/users\/1"}],"replies":[{"embeddable":true,"href":"https:\/\/radiorevelacionfm.cl\/index.php?rest_route=%2Fwp%2Fv2%2Fcomments&post=47195"}],"version-history":[{"count":1,"href":"https:\/\/radiorevelacionfm.cl\/index.php?rest_route=\/wp\/v2\/posts\/47195\/revisions"}],"predecessor-version":[{"id":47197,"href":"https:\/\/radiorevelacionfm.cl\/index.php?rest_route=\/wp\/v2\/posts\/47195\/revisions\/47197"}],"wp:featuredmedia":[{"embeddable":true,"href":"https:\/\/radiorevelacionfm.cl\/index.php?rest_route=\/wp\/v2\/media\/47196"}],"wp:attachment":[{"href":"https:\/\/radiorevelacionfm.cl\/index.php?rest_route=%2Fwp%2Fv2%2Fmedia&parent=47195"}],"wp:term":[{"taxonomy":"category","embeddable":true,"href":"https:\/\/radiorevelacionfm.cl\/index.php?rest_route=%2Fwp%2Fv2%2Fcategories&post=47195"},{"taxonomy":"post_tag","embeddable":true,"href":"https:\/\/radiorevelacionfm.cl\/index.php?rest_route=%2Fwp%2Fv2%2Ftags&post=47195"}],"curies":[{"name":"wp","href":"https:\/\/api.w.org\/{rel}","templated":true}]}}